{"id":7939,"date":"2023-02-27T13:00:47","date_gmt":"2023-02-27T12:00:47","guid":{"rendered":"https:\/\/agora.xtec.cat\/iessantaeugenia\/?p=7939"},"modified":"2023-02-28T06:17:36","modified_gmt":"2023-02-28T05:17:36","slug":"l-2","status":"publish","type":"post","link":"https:\/\/agora.xtec.cat\/iessantaeugenia\/general\/l-2\/","title":{"rendered":"La Jornada de Portes Obertes per a ESO, on es presenta el projecte educatiu pel pr\u00f2xim curs, se celebra dimecres"},"content":{"rendered":"<p>L&#8217;Institut Santa Eug\u00e8nia presenta el <strong>Projecte Educatiu de l&#8217;ESO pel pr\u00f2xim curs<\/strong> a les fam\u00edlies en una <strong>Jornada de Portes Obertes<\/strong> el <strong>dimecres 1 de mar\u00e7<\/strong>.<\/p>\n<p>La jornada comen\u00e7ar\u00e0 a les<strong> set de la tarda<\/strong> i es desenvolupar\u00e0 a la <strong>sala polivalent<\/strong>.<\/p>\n<p>En una <a href=\"https:\/\/drive.google.com\/file\/d\/1q93di_ud_5BxZk6L9GmnfzIPbrRqTJi0\/view\" target=\"_blank\" rel=\"noopener\"><strong>carta adre\u00e7ada a la comunitat educativa<\/strong><\/a>, l&#8217;equip directiu defensa <em>&#8220;una formaci\u00f3 integral centrada en el potencial de cada noi\/a&#8221; que es porta a terme &#8220;en el marc d\u2019uns <strong>valors compartits<\/strong>&#8220;, com ara &#8220;el <strong>respecte<\/strong>, la <strong>toler\u00e0ncia<\/strong>, la <strong>generositat<\/strong>, la <strong>disciplina<\/strong> i la <strong>cohesi\u00f3 social<\/strong>&#8220;<\/em>.<\/p>\n<p>Un dels eixos del projecte \u00e9s que<em> &#8220;els nois i noies prenguin <strong>consci\u00e8ncia del m\u00f3n<\/strong> que ens envolta i puguin contribuir a <strong>millorar-lo<\/strong>&#8220;<\/em>.<\/p>\n<p>A m\u00e9s a m\u00e9s, destaca <strong><em>&#8220;la confian\u00e7a de les fam\u00edlies&#8221;<\/em><\/strong> i un professorat <strong><em>&#8220;expert i comprom\u00e8s amb el projecte&#8221;<\/em><\/strong>.<\/p>\n<p>En aquest sentit, la jornada servir\u00e0 per a explicar<em> &#8220;l<strong>&#8216;ampli ventall de recursos<\/strong>&#8220;<\/em> que disposa el centre i els <em>&#8220;<strong>diversos reconeixements<\/strong> que, al llarg dels anys, l\u2019Institut Santa Eug\u00e8nia i qui hi ha estudiat ha rebut&#8221;<\/em>.<\/p>\n<p><a href=\"https:\/\/agora.xtec.cat\/iessantaeugenia\/wp-content\/uploads\/usu1801\/2023\/02\/ESO_JPO_2023_cartell_1080X1080_igpost-min-2-scaled.jpg\"><img loading=\"lazy\" decoding=\"async\" class=\"alignnone wp-image-7935\" src=\"https:\/\/agora.xtec.cat\/iessantaeugenia\/wp-content\/uploads\/usu1801\/2023\/02\/ESO_JPO_2023_cartell_1080X1080_igpost-min-2-300x300.jpg\" alt=\"\" width=\"351\" height=\"351\" srcset=\"https:\/\/agora.xtec.cat\/iessantaeugenia\/wp-content\/uploads\/usu1801\/2023\/02\/ESO_JPO_2023_cartell_1080X1080_igpost-min-2-300x300.jpg 300w, https:\/\/agora.xtec.cat\/iessantaeugenia\/wp-content\/uploads\/usu1801\/2023\/02\/ESO_JPO_2023_cartell_1080X1080_igpost-min-2-1024x1024.jpg 1024w, https:\/\/agora.xtec.cat\/iessantaeugenia\/wp-content\/uploads\/usu1801\/2023\/02\/ESO_JPO_2023_cartell_1080X1080_igpost-min-2-150x150.jpg 150w, https:\/\/agora.xtec.cat\/iessantaeugenia\/wp-content\/uploads\/usu1801\/2023\/02\/ESO_JPO_2023_cartell_1080X1080_igpost-min-2-768x768.jpg 768w, https:\/\/agora.xtec.cat\/iessantaeugenia\/wp-content\/uploads\/usu1801\/2023\/02\/ESO_JPO_2023_cartell_1080X1080_igpost-min-2-1536x1536.jpg 1536w, https:\/\/agora.xtec.cat\/iessantaeugenia\/wp-content\/uploads\/usu1801\/2023\/02\/ESO_JPO_2023_cartell_1080X1080_igpost-min-2-2048x2048.jpg 2048w\" sizes=\"auto, (max-width: 351px) 100vw, 351px\" \/><\/a><\/p>\n","protected":false},"excerpt":{"rendered":"<p>L&#8217;Institut Santa Eug\u00e8nia presenta el Projecte Educatiu de l&#8217;ESO pel pr\u00f2xim curs a les fam\u00edlies en una Jornada de Portes Obertes el dimecres 1 de mar\u00e7.<br \/>\nLa jornada comen\u00e7ar\u00e0 a les set de la tarda i es desenvolupar\u00e0 a la sala polivalent.<br \/>\nEn una <a href=\"https:\/\/drive.google.com\/file\/d\/1q93di_ud_5BxZk6L9GmnfzIPbrRqTJi0\/view\" target=\"_blank\"&hellip;  <a href=\"https:\/\/agora.xtec.cat\/iessantaeugenia\/general\/l-2\/\" title=\"Read La Jornada de Portes Obertes per a ESO, on es presenta el projecte educatiu pel pr\u00f2xim curs, se celebra dimecres\">Llegeix m\u00e9s\u00bb<\/a><\/p>\n","protected":false},"author":7,"featured_media":7940,"comment_status":"closed","ping_status":"closed","sticky":false,"template":"","format":"standard","meta":{"_bbp_topic_count":0,"_bbp_reply_count":0,"_bbp_total_topic_count":0,"_bbp_total_reply_count":0,"_bbp_voice_count":0,"_bbp_anonymous_reply_count":0,"_bbp_topic_count_hidden":0,"_bbp_reply_count_hidden":0,"_bbp_forum_subforum_count":0,"footnotes":""},"categories":[3,113,114,115,120,1,29],"tags":[690,288,689],"class_list":["post-7939","post","type-post","status-publish","format-standard","has-post-thumbnail","hentry","category-1eso","category-2eso","category-3eso","category-4eso","category-eso","category-general","category-portada","tag-curs-2023-24","tag-jornada-de-portes-obertes","tag-projecte-educatiu"],"post_mailing_queue_ids":[],"_links":{"self":[{"href":"https:\/\/agora.xtec.cat\/iessantaeugenia\/wp-json\/wp\/v2\/posts\/7939","targetHints":{"allow":["GET"]}}],"collection":[{"href":"https:\/\/agora.xtec.cat\/iessantaeugenia\/wp-json\/wp\/v2\/posts"}],"about":[{"href":"https:\/\/agora.xtec.cat\/iessantaeugenia\/wp-json\/wp\/v2\/types\/post"}],"author":[{"embeddable":true,"href":"https:\/\/agora.xtec.cat\/iessantaeugenia\/wp-json\/wp\/v2\/users\/7"}],"replies":[{"embeddable":true,"href":"https:\/\/agora.xtec.cat\/iessantaeugenia\/wp-json\/wp\/v2\/comments?post=7939"}],"version-history":[{"count":4,"href":"https:\/\/agora.xtec.cat\/iessantaeugenia\/wp-json\/wp\/v2\/posts\/7939\/revisions"}],"predecessor-version":[{"id":7973,"href":"https:\/\/agora.xtec.cat\/iessantaeugenia\/wp-json\/wp\/v2\/posts\/7939\/revisions\/7973"}],"wp:featuredmedia":[{"embeddable":true,"href":"https:\/\/agora.xtec.cat\/iessantaeugenia\/wp-json\/wp\/v2\/media\/7940"}],"wp:attachment":[{"href":"https:\/\/agora.xtec.cat\/iessantaeugenia\/wp-json\/wp\/v2\/media?parent=7939"}],"wp:term":[{"taxonomy":"category","embeddable":true,"href":"https:\/\/agora.xtec.cat\/iessantaeugenia\/wp-json\/wp\/v2\/categories?post=7939"},{"taxonomy":"post_tag","embeddable":true,"href":"https:\/\/agora.xtec.cat\/iessantaeugenia\/wp-json\/wp\/v2\/tags?post=7939"}],"curies":[{"name":"wp","href":"https:\/\/api.w.org\/{rel}","templated":true}]}}