{"id":7848,"date":"2023-02-24T06:00:32","date_gmt":"2023-02-24T05:00:32","guid":{"rendered":"https:\/\/agora.xtec.cat\/iessantaeugenia\/?p=7848"},"modified":"2023-02-24T07:21:28","modified_gmt":"2023-02-24T06:21:28","slug":"7848","status":"publish","type":"post","link":"https:\/\/agora.xtec.cat\/iessantaeugenia\/general\/7848\/","title":{"rendered":"L&#8217;alumni Sally Balde parla sobre l&#8217;esperit emprenedor com a impulsor d&#8217;OK Marketing als estudiants de primer de Vendes"},"content":{"rendered":"<p>L&#8217;alumnat de primer curs del grau superior de <strong>Gesti\u00f3 de Vendes i Espais Comercials<\/strong> han rebut la visita de <strong>Sally Balde<\/strong>, impulsor de l&#8217;ag\u00e8ncia especialitzada en <strong>m\u00e0rqueting i publicitat digital<\/strong> <a href=\"http:\/\/okmarketing.info\" target=\"_blank\" rel=\"noopener\">OK Marketing<\/a>, amb seu a <strong>Girona<\/strong>.<\/p>\n<p>En Sally Balde \u00e9s un exalumne que va cursar els seus <strong>estudis superiors de comer\u00e7 i m\u00e0rqueting<\/strong> a l&#8217;Institut Santa Eug\u00e8nia.<\/p>\n<p>Ara fa 12 anys, va <strong>especialitzar-se<\/strong> en el sector del m\u00e0rqueting digital.<\/p>\n<p>El publicista ha concretat els <strong>serveis<\/strong> que ofereix la seva empresa, i ha <strong>recordat<\/strong> els seus <strong>inicis<\/strong> i el <strong>proc\u00e9s<\/strong> que va seguir i <strong>obstacles<\/strong> que va trobar per arribar a crear el seu <strong>negoci<\/strong>.<\/p>\n<p>L&#8217;<strong>esperit de treball<\/strong> i l&#8217;<strong>honestedat professional<\/strong> han estat, segons ha revelat, les seves <strong>claus d&#8217;\u00e8xit<\/strong>.<\/p>\n<p>La <strong>formaci\u00f3 constant<\/strong> i l&#8217;<strong>esperan\u00e7a en el futur<\/strong> s\u00f3n dos dels consells que ha donat als i les alumnes.<\/p>\n<p><a href=\"https:\/\/agora.xtec.cat\/iessantaeugenia\/wp-content\/uploads\/usu1801\/2023\/02\/02_2023_SALLY_BALDE_PRIMER_VENDES_1080X1080_1-1.png\"><img loading=\"lazy\" decoding=\"async\" class=\"alignnone wp-image-7850\" src=\"https:\/\/agora.xtec.cat\/iessantaeugenia\/wp-content\/uploads\/usu1801\/2023\/02\/02_2023_SALLY_BALDE_PRIMER_VENDES_1080X1080_1-1-300x300.png\" alt=\"\" width=\"351\" height=\"351\" srcset=\"https:\/\/agora.xtec.cat\/iessantaeugenia\/wp-content\/uploads\/usu1801\/2023\/02\/02_2023_SALLY_BALDE_PRIMER_VENDES_1080X1080_1-1-300x300.png 300w, https:\/\/agora.xtec.cat\/iessantaeugenia\/wp-content\/uploads\/usu1801\/2023\/02\/02_2023_SALLY_BALDE_PRIMER_VENDES_1080X1080_1-1-1024x1024.png 1024w, https:\/\/agora.xtec.cat\/iessantaeugenia\/wp-content\/uploads\/usu1801\/2023\/02\/02_2023_SALLY_BALDE_PRIMER_VENDES_1080X1080_1-1-150x150.png 150w, https:\/\/agora.xtec.cat\/iessantaeugenia\/wp-content\/uploads\/usu1801\/2023\/02\/02_2023_SALLY_BALDE_PRIMER_VENDES_1080X1080_1-1-768x768.png 768w, https:\/\/agora.xtec.cat\/iessantaeugenia\/wp-content\/uploads\/usu1801\/2023\/02\/02_2023_SALLY_BALDE_PRIMER_VENDES_1080X1080_1-1.png 1080w\" sizes=\"auto, (max-width: 351px) 100vw, 351px\" \/>\u00a0 \u00a0 \u00a0<\/a><a href=\"https:\/\/agora.xtec.cat\/iessantaeugenia\/wp-content\/uploads\/usu1801\/2023\/02\/02_2023_SALLY_BALDE_PRIMER_VENDES_1080X1080_2.png\"><img loading=\"lazy\" decoding=\"async\" class=\"alignnone wp-image-7851\" src=\"https:\/\/agora.xtec.cat\/iessantaeugenia\/wp-content\/uploads\/usu1801\/2023\/02\/02_2023_SALLY_BALDE_PRIMER_VENDES_1080X1080_2-300x300.png\" alt=\"\" width=\"351\" height=\"351\" srcset=\"https:\/\/agora.xtec.cat\/iessantaeugenia\/wp-content\/uploads\/usu1801\/2023\/02\/02_2023_SALLY_BALDE_PRIMER_VENDES_1080X1080_2-300x300.png 300w, https:\/\/agora.xtec.cat\/iessantaeugenia\/wp-content\/uploads\/usu1801\/2023\/02\/02_2023_SALLY_BALDE_PRIMER_VENDES_1080X1080_2-1024x1024.png 1024w, https:\/\/agora.xtec.cat\/iessantaeugenia\/wp-content\/uploads\/usu1801\/2023\/02\/02_2023_SALLY_BALDE_PRIMER_VENDES_1080X1080_2-150x150.png 150w, https:\/\/agora.xtec.cat\/iessantaeugenia\/wp-content\/uploads\/usu1801\/2023\/02\/02_2023_SALLY_BALDE_PRIMER_VENDES_1080X1080_2-768x768.png 768w, https:\/\/agora.xtec.cat\/iessantaeugenia\/wp-content\/uploads\/usu1801\/2023\/02\/02_2023_SALLY_BALDE_PRIMER_VENDES_1080X1080_2.png 1080w\" sizes=\"auto, (max-width: 351px) 100vw, 351px\" \/><\/a><\/p>\n<p>&nbsp;<\/p>\n","protected":false},"excerpt":{"rendered":"<p>L&#8217;alumnat de primer curs del grau superior de Gesti\u00f3 de Vendes i Espais Comercials han rebut la visita de Sally Balde, impulsor de l&#8217;ag\u00e8ncia especialitzada en m\u00e0rqueting i publicitat digital <a href=\"http:\/\/okmarketing.info\" target=\"_blank\" rel=\"noopener\">OK Marketing<\/a>, amb seu a Girona.<br \/>\nEn Sally Balde \u00e9s un exalumne que&hellip;  <a href=\"https:\/\/agora.xtec.cat\/iessantaeugenia\/general\/7848\/\" title=\"Read L&#8217;alumni Sally Balde parla sobre l&#8217;esperit emprenedor com a impulsor d&#8217;OK Marketing als estudiants de primer de Vendes\">Llegeix m\u00e9s\u00bb<\/a><\/p>\n","protected":false},"author":7,"featured_media":7852,"comment_status":"closed","ping_status":"closed","sticky":false,"template":"","format":"standard","meta":{"_bbp_topic_count":0,"_bbp_reply_count":0,"_bbp_total_topic_count":0,"_bbp_total_reply_count":0,"_bbp_voice_count":0,"_bbp_anonymous_reply_count":0,"_bbp_topic_count_hidden":0,"_bbp_reply_count_hidden":0,"_bbp_forum_subforum_count":0,"footnotes":""},"categories":[30,1,29],"tags":[684,685,683],"class_list":["post-7848","post","type-post","status-publish","format-standard","has-post-thumbnail","hentry","category-cicles-formatius","category-general","category-portada","tag-claus-dexit","tag-marqueting-i-publicitat-digital","tag-sally-balde"],"post_mailing_queue_ids":[],"_links":{"self":[{"href":"https:\/\/agora.xtec.cat\/iessantaeugenia\/wp-json\/wp\/v2\/posts\/7848","targetHints":{"allow":["GET"]}}],"collection":[{"href":"https:\/\/agora.xtec.cat\/iessantaeugenia\/wp-json\/wp\/v2\/posts"}],"about":[{"href":"https:\/\/agora.xtec.cat\/iessantaeugenia\/wp-json\/wp\/v2\/types\/post"}],"author":[{"embeddable":true,"href":"https:\/\/agora.xtec.cat\/iessantaeugenia\/wp-json\/wp\/v2\/users\/7"}],"replies":[{"embeddable":true,"href":"https:\/\/agora.xtec.cat\/iessantaeugenia\/wp-json\/wp\/v2\/comments?post=7848"}],"version-history":[{"count":4,"href":"https:\/\/agora.xtec.cat\/iessantaeugenia\/wp-json\/wp\/v2\/posts\/7848\/revisions"}],"predecessor-version":[{"id":7923,"href":"https:\/\/agora.xtec.cat\/iessantaeugenia\/wp-json\/wp\/v2\/posts\/7848\/revisions\/7923"}],"wp:featuredmedia":[{"embeddable":true,"href":"https:\/\/agora.xtec.cat\/iessantaeugenia\/wp-json\/wp\/v2\/media\/7852"}],"wp:attachment":[{"href":"https:\/\/agora.xtec.cat\/iessantaeugenia\/wp-json\/wp\/v2\/media?parent=7848"}],"wp:term":[{"taxonomy":"category","embeddable":true,"href":"https:\/\/agora.xtec.cat\/iessantaeugenia\/wp-json\/wp\/v2\/categories?post=7848"},{"taxonomy":"post_tag","embeddable":true,"href":"https:\/\/agora.xtec.cat\/iessantaeugenia\/wp-json\/wp\/v2\/tags?post=7848"}],"curies":[{"name":"wp","href":"https:\/\/api.w.org\/{rel}","templated":true}]}}