{"id":7781,"date":"2023-02-27T06:00:05","date_gmt":"2023-02-27T05:00:05","guid":{"rendered":"https:\/\/agora.xtec.cat\/iessantaeugenia\/?p=7781"},"modified":"2023-02-27T06:29:46","modified_gmt":"2023-02-27T05:29:46","slug":"7781","status":"publish","type":"post","link":"https:\/\/agora.xtec.cat\/iessantaeugenia\/general\/7781\/","title":{"rendered":"L&#8217;Institut contribueix a l&#8217;\u00e8xit de la I Jornada Esportiva per a PTT de Girona, que tanca un projecte sobre esports i valors"},"content":{"rendered":"<p><strong>M\u00e9s de 70 alumnes dels cinc perfils de PTT de Girona<\/strong>, entre els quals estudiants i docents de l&#8217;Institut, han participat en la primera edici\u00f3 de la <strong>Jornada Esportiva <\/strong>al <strong>pavell\u00f3 de Santa Eug\u00e8nia<\/strong>, que culmina el projecte <strong>Esports i Valors<\/strong> treballat a les aules.<\/p>\n<p>La trobada ha comen\u00e7at amb la participaci\u00f3 de l&#8217;alumnat del <strong>cicle formatiu de Guia en el Medi Natural i de Temps de Lleure<\/strong> de l&#8217;<strong>Institut Salvador Espriu de Salt<\/strong>, que ha dinamitzat la primera part amb <strong>activitats i esports<\/strong> que els participants han acollit amb moltes ganes.<\/p>\n<p>A la segona, <strong>l&#8217;alumnat de PTT ha liderat la dinamitzaci\u00f3<\/strong>.<\/p>\n<p>En concret, cada perfil ha preparat un<strong> joc tradicional<\/strong> per portar a terme amb la resta de companys i companyes.<\/p>\n<p>Les activitats han potenciat les <strong>relacions interpersonals i fomentat la cohesi\u00f3 grupal<\/strong>, facilitant la dinamitzaci\u00f3 entre iguals.<\/p>\n<p>Tot plegat ha facilitat que la jornada hagi estat un <strong>\u00e8xit<\/strong>.<\/p>\n<p>L&#8217;equip docent ha explicat que aquesta proposta significa<strong><em> &#8220;un dia ideal per trobar-nos, treballar en equip, fomentar la companyonia i el respecte&#8221;<\/em><\/strong>; i, a m\u00e9s a m\u00e9s<em><strong>,&#8221;treballar els valors que ens aporta l&#8217;esport&#8221;<\/strong><\/em>.<\/p>\n<p><a href=\"https:\/\/agora.xtec.cat\/iessantaeugenia\/wp-content\/uploads\/usu1801\/2023\/02\/02_2023_JORNADA_ESPORTIVA_PTT_1501x844-min.png\"><img loading=\"lazy\" decoding=\"async\" class=\"alignnone wp-image-7787\" src=\"https:\/\/agora.xtec.cat\/iessantaeugenia\/wp-content\/uploads\/usu1801\/2023\/02\/02_2023_JORNADA_ESPORTIVA_PTT_1501x844-min-300x169.png\" alt=\"\" width=\"648\" height=\"365\" srcset=\"https:\/\/agora.xtec.cat\/iessantaeugenia\/wp-content\/uploads\/usu1801\/2023\/02\/02_2023_JORNADA_ESPORTIVA_PTT_1501x844-min-300x169.png 300w, https:\/\/agora.xtec.cat\/iessantaeugenia\/wp-content\/uploads\/usu1801\/2023\/02\/02_2023_JORNADA_ESPORTIVA_PTT_1501x844-min-1024x576.png 1024w, https:\/\/agora.xtec.cat\/iessantaeugenia\/wp-content\/uploads\/usu1801\/2023\/02\/02_2023_JORNADA_ESPORTIVA_PTT_1501x844-min-768x432.png 768w, https:\/\/agora.xtec.cat\/iessantaeugenia\/wp-content\/uploads\/usu1801\/2023\/02\/02_2023_JORNADA_ESPORTIVA_PTT_1501x844-min.png 1501w\" sizes=\"auto, (max-width: 648px) 100vw, 648px\" \/><\/a><\/p>\n","protected":false},"excerpt":{"rendered":"<p>M\u00e9s de 70 alumnes dels cinc perfils de PTT de Girona, entre els quals estudiants i docents de l&#8217;Institut, han participat en la primera edici\u00f3 de la Jornada Esportiva al pavell\u00f3 de Santa Eug\u00e8nia, que culmina el projecte Esports i Valors treballat a les aules.<br \/>\nLa&hellip;  <a href=\"https:\/\/agora.xtec.cat\/iessantaeugenia\/general\/7781\/\" title=\"Read L&#8217;Institut contribueix a l&#8217;\u00e8xit de la I Jornada Esportiva per a PTT de Girona, que tanca un projecte sobre esports i valors\">Llegeix m\u00e9s\u00bb<\/a><\/p>\n","protected":false},"author":7,"featured_media":7787,"comment_status":"closed","ping_status":"closed","sticky":false,"template":"","format":"standard","meta":{"_bbp_topic_count":0,"_bbp_reply_count":0,"_bbp_total_topic_count":0,"_bbp_total_reply_count":0,"_bbp_voice_count":0,"_bbp_anonymous_reply_count":0,"_bbp_topic_count_hidden":0,"_bbp_reply_count_hidden":0,"_bbp_forum_subforum_count":0,"footnotes":""},"categories":[30,1,29],"tags":[679,681,680],"class_list":["post-7781","post","type-post","status-publish","format-standard","has-post-thumbnail","hentry","category-cicles-formatius","category-general","category-portada","tag-institut-salvador-espriu-de-salt","tag-pavello-de-santa-eugenia","tag-ptt"],"post_mailing_queue_ids":[],"_links":{"self":[{"href":"https:\/\/agora.xtec.cat\/iessantaeugenia\/wp-json\/wp\/v2\/posts\/7781","targetHints":{"allow":["GET"]}}],"collection":[{"href":"https:\/\/agora.xtec.cat\/iessantaeugenia\/wp-json\/wp\/v2\/posts"}],"about":[{"href":"https:\/\/agora.xtec.cat\/iessantaeugenia\/wp-json\/wp\/v2\/types\/post"}],"author":[{"embeddable":true,"href":"https:\/\/agora.xtec.cat\/iessantaeugenia\/wp-json\/wp\/v2\/users\/7"}],"replies":[{"embeddable":true,"href":"https:\/\/agora.xtec.cat\/iessantaeugenia\/wp-json\/wp\/v2\/comments?post=7781"}],"version-history":[{"count":4,"href":"https:\/\/agora.xtec.cat\/iessantaeugenia\/wp-json\/wp\/v2\/posts\/7781\/revisions"}],"predecessor-version":[{"id":7952,"href":"https:\/\/agora.xtec.cat\/iessantaeugenia\/wp-json\/wp\/v2\/posts\/7781\/revisions\/7952"}],"wp:featuredmedia":[{"embeddable":true,"href":"https:\/\/agora.xtec.cat\/iessantaeugenia\/wp-json\/wp\/v2\/media\/7787"}],"wp:attachment":[{"href":"https:\/\/agora.xtec.cat\/iessantaeugenia\/wp-json\/wp\/v2\/media?parent=7781"}],"wp:term":[{"taxonomy":"category","embeddable":true,"href":"https:\/\/agora.xtec.cat\/iessantaeugenia\/wp-json\/wp\/v2\/categories?post=7781"},{"taxonomy":"post_tag","embeddable":true,"href":"https:\/\/agora.xtec.cat\/iessantaeugenia\/wp-json\/wp\/v2\/tags?post=7781"}],"curies":[{"name":"wp","href":"https:\/\/api.w.org\/{rel}","templated":true}]}}