{"id":7764,"date":"2023-02-22T06:00:19","date_gmt":"2023-02-22T05:00:19","guid":{"rendered":"https:\/\/agora.xtec.cat\/iessantaeugenia\/?p=7764"},"modified":"2023-02-22T07:24:07","modified_gmt":"2023-02-22T06:24:07","slug":"7764","status":"publish","type":"post","link":"https:\/\/agora.xtec.cat\/iessantaeugenia\/general\/7764\/","title":{"rendered":"L&#8217;equip de tercer d&#8217;ESO firma una participaci\u00f3 brillant en el concurs ling\u00fc\u00edstic Pica Lletres, que emet Televisi\u00f3 de Girona"},"content":{"rendered":"<p lang=\"ca-ES\">Els <strong>alumnes i les alumnes de tercer d&#8217;ESO<\/strong> han signat una <strong>participaci\u00f3 brillant<\/strong> en el concurs ling\u00fc\u00edstic de televisi\u00f3 <a href=\"http:\/\/www.picalletres.cat\/\" target=\"_blank\" rel=\"noopener\">Pica Lletres<\/a>.<\/p>\n<p lang=\"ca-ES\">L&#8217;enregistrament de l&#8217;espai s&#8217;ha realitzat a l&#8217;<strong>Auditori Josep Irla<\/strong>, en el recinte de la <strong>seu de la Generalitat de Catalunya <\/strong>a Girona.<\/p>\n<p lang=\"ca-ES\">El concurs, que emet<strong> Televisi\u00f3 de Girona<\/strong>, consisteix a <strong>lletrejar paraules <\/strong>i <strong>detectar les paraules intruses<\/strong> o barbarismes que envaeixen el catal\u00e0.<\/p>\n<p lang=\"ca-ES\">Pica Lletres t\u00e9 el suport de l&#8217;<strong>Institut d&#8217;Estudis Catalans<\/strong> (IEC).<\/p>\n<p lang=\"ca-ES\">D&#8217;aquesta manera, els estudiants <strong>competeixen i es diverteixen<\/strong> involucrant-se en una <strong>activitat pedag\u00f2gica<\/strong> senzilla i engrescadora.<\/p>\n<p lang=\"ca-ES\"><strong>Yasmine Tanz<\/strong>, <strong>Salman Ettourki<\/strong> i <strong>Florin Bisu<\/strong> han estat els representants de la classe.<\/p>\n<p lang=\"ca-ES\">La resta de l&#8217;alumnat ha assistit de <strong>p\u00fablic<\/strong> i ha <strong>animat<\/strong> al seu equip.<\/p>\n<p lang=\"ca-ES\"><a href=\"https:\/\/agora.xtec.cat\/iessantaeugenia\/wp-content\/uploads\/usu1801\/2023\/02\/02_2023_PICA_LLETRES_TERCER_ESO_1080X1080_3-min.png\"><img loading=\"lazy\" decoding=\"async\" class=\"alignnone wp-image-7772\" src=\"https:\/\/agora.xtec.cat\/iessantaeugenia\/wp-content\/uploads\/usu1801\/2023\/02\/02_2023_PICA_LLETRES_TERCER_ESO_1080X1080_3-min-300x300.png\" alt=\"\" width=\"349\" height=\"349\" srcset=\"https:\/\/agora.xtec.cat\/iessantaeugenia\/wp-content\/uploads\/usu1801\/2023\/02\/02_2023_PICA_LLETRES_TERCER_ESO_1080X1080_3-min-300x300.png 300w, https:\/\/agora.xtec.cat\/iessantaeugenia\/wp-content\/uploads\/usu1801\/2023\/02\/02_2023_PICA_LLETRES_TERCER_ESO_1080X1080_3-min-1024x1024.png 1024w, https:\/\/agora.xtec.cat\/iessantaeugenia\/wp-content\/uploads\/usu1801\/2023\/02\/02_2023_PICA_LLETRES_TERCER_ESO_1080X1080_3-min-150x150.png 150w, https:\/\/agora.xtec.cat\/iessantaeugenia\/wp-content\/uploads\/usu1801\/2023\/02\/02_2023_PICA_LLETRES_TERCER_ESO_1080X1080_3-min-768x768.png 768w, https:\/\/agora.xtec.cat\/iessantaeugenia\/wp-content\/uploads\/usu1801\/2023\/02\/02_2023_PICA_LLETRES_TERCER_ESO_1080X1080_3-min.png 1080w\" sizes=\"auto, (max-width: 349px) 100vw, 349px\" \/>\u00a0 \u00a0 \u00a0<\/a><a href=\"https:\/\/agora.xtec.cat\/iessantaeugenia\/wp-content\/uploads\/usu1801\/2023\/02\/02_2023_PICA_LLETRES_TERCER_ESO_1080X1080_2-1.png\"><img loading=\"lazy\" decoding=\"async\" class=\"alignnone wp-image-7768\" src=\"https:\/\/agora.xtec.cat\/iessantaeugenia\/wp-content\/uploads\/usu1801\/2023\/02\/02_2023_PICA_LLETRES_TERCER_ESO_1080X1080_2-1-300x300.png\" alt=\"\" width=\"349\" height=\"349\" srcset=\"https:\/\/agora.xtec.cat\/iessantaeugenia\/wp-content\/uploads\/usu1801\/2023\/02\/02_2023_PICA_LLETRES_TERCER_ESO_1080X1080_2-1-300x300.png 300w, https:\/\/agora.xtec.cat\/iessantaeugenia\/wp-content\/uploads\/usu1801\/2023\/02\/02_2023_PICA_LLETRES_TERCER_ESO_1080X1080_2-1-1024x1024.png 1024w, https:\/\/agora.xtec.cat\/iessantaeugenia\/wp-content\/uploads\/usu1801\/2023\/02\/02_2023_PICA_LLETRES_TERCER_ESO_1080X1080_2-1-150x150.png 150w, https:\/\/agora.xtec.cat\/iessantaeugenia\/wp-content\/uploads\/usu1801\/2023\/02\/02_2023_PICA_LLETRES_TERCER_ESO_1080X1080_2-1-768x768.png 768w, https:\/\/agora.xtec.cat\/iessantaeugenia\/wp-content\/uploads\/usu1801\/2023\/02\/02_2023_PICA_LLETRES_TERCER_ESO_1080X1080_2-1.png 1080w\" sizes=\"auto, (max-width: 349px) 100vw, 349px\" \/><\/a><\/p>\n<p lang=\"ca-ES\"><a href=\"https:\/\/agora.xtec.cat\/iessantaeugenia\/wp-content\/uploads\/usu1801\/2023\/02\/02_2023_PICA_LLETRES_TERCER_ESO_1080X1080_1-1.png\"><img loading=\"lazy\" decoding=\"async\" class=\"alignnone  wp-image-7767\" src=\"https:\/\/agora.xtec.cat\/iessantaeugenia\/wp-content\/uploads\/usu1801\/2023\/02\/02_2023_PICA_LLETRES_TERCER_ESO_1080X1080_1-1-300x300.png\" alt=\"\" width=\"348\" height=\"348\" srcset=\"https:\/\/agora.xtec.cat\/iessantaeugenia\/wp-content\/uploads\/usu1801\/2023\/02\/02_2023_PICA_LLETRES_TERCER_ESO_1080X1080_1-1-300x300.png 300w, https:\/\/agora.xtec.cat\/iessantaeugenia\/wp-content\/uploads\/usu1801\/2023\/02\/02_2023_PICA_LLETRES_TERCER_ESO_1080X1080_1-1-1024x1024.png 1024w, https:\/\/agora.xtec.cat\/iessantaeugenia\/wp-content\/uploads\/usu1801\/2023\/02\/02_2023_PICA_LLETRES_TERCER_ESO_1080X1080_1-1-150x150.png 150w, https:\/\/agora.xtec.cat\/iessantaeugenia\/wp-content\/uploads\/usu1801\/2023\/02\/02_2023_PICA_LLETRES_TERCER_ESO_1080X1080_1-1-768x768.png 768w, https:\/\/agora.xtec.cat\/iessantaeugenia\/wp-content\/uploads\/usu1801\/2023\/02\/02_2023_PICA_LLETRES_TERCER_ESO_1080X1080_1-1.png 1080w\" sizes=\"auto, (max-width: 348px) 100vw, 348px\" \/> \u00a0 \u00a0 <\/a><a href=\"https:\/\/agora.xtec.cat\/iessantaeugenia\/wp-content\/uploads\/usu1801\/2023\/02\/02_2023_PICA_LLETRES_TERCER_ESO_1080X1080_4-min.png\"><img loading=\"lazy\" decoding=\"async\" class=\"alignnone  wp-image-7771\" src=\"https:\/\/agora.xtec.cat\/iessantaeugenia\/wp-content\/uploads\/usu1801\/2023\/02\/02_2023_PICA_LLETRES_TERCER_ESO_1080X1080_4-min-300x300.png\" alt=\"\" width=\"348\" height=\"348\" srcset=\"https:\/\/agora.xtec.cat\/iessantaeugenia\/wp-content\/uploads\/usu1801\/2023\/02\/02_2023_PICA_LLETRES_TERCER_ESO_1080X1080_4-min-300x300.png 300w, https:\/\/agora.xtec.cat\/iessantaeugenia\/wp-content\/uploads\/usu1801\/2023\/02\/02_2023_PICA_LLETRES_TERCER_ESO_1080X1080_4-min-1024x1024.png 1024w, https:\/\/agora.xtec.cat\/iessantaeugenia\/wp-content\/uploads\/usu1801\/2023\/02\/02_2023_PICA_LLETRES_TERCER_ESO_1080X1080_4-min-150x150.png 150w, https:\/\/agora.xtec.cat\/iessantaeugenia\/wp-content\/uploads\/usu1801\/2023\/02\/02_2023_PICA_LLETRES_TERCER_ESO_1080X1080_4-min-768x768.png 768w, https:\/\/agora.xtec.cat\/iessantaeugenia\/wp-content\/uploads\/usu1801\/2023\/02\/02_2023_PICA_LLETRES_TERCER_ESO_1080X1080_4-min.png 1080w\" sizes=\"auto, (max-width: 348px) 100vw, 348px\" \/><\/a><a href=\"https:\/\/agora.xtec.cat\/iessantaeugenia\/wp-content\/uploads\/usu1801\/2023\/02\/02_2023_PICA_LLETRES_TERCER_ESO_1080X1080_3-min.png\">\u00a0 \u00a0 \u00a0<\/a><a href=\"https:\/\/agora.xtec.cat\/iessantaeugenia\/wp-content\/uploads\/usu1801\/2023\/02\/02_2023_PICA_LLETRES_TERCER_ESO_1080X1080_1-1.png\">\u00a0\u00a0<\/a><\/p>\n","protected":false},"excerpt":{"rendered":"<p>Els alumnes i les alumnes de tercer d&#8217;ESO han signat una participaci\u00f3 brillant en el concurs ling\u00fc\u00edstic de televisi\u00f3 <a href=\"http:\/\/www.picalletres.cat\/\" target=\"_blank\" rel=\"noopener\">Pica Lletres<\/a>.<br \/>\nL&#8217;enregistrament de l&#8217;espai s&#8217;ha realitzat a l&#8217;Auditori Josep Irla, en el recinte de la seu de la Generalitat de Catalunya a Girona.<br \/>\nEl&hellip;  <a href=\"https:\/\/agora.xtec.cat\/iessantaeugenia\/general\/7764\/\" title=\"Read L&#8217;equip de tercer d&#8217;ESO firma una participaci\u00f3 brillant en el concurs ling\u00fc\u00edstic Pica Lletres, que emet Televisi\u00f3 de Girona\">Llegeix m\u00e9s\u00bb<\/a><\/p>\n","protected":false},"author":7,"featured_media":7769,"comment_status":"closed","ping_status":"closed","sticky":false,"template":"","format":"standard","meta":{"_bbp_topic_count":0,"_bbp_reply_count":0,"_bbp_total_topic_count":0,"_bbp_total_reply_count":0,"_bbp_voice_count":0,"_bbp_anonymous_reply_count":0,"_bbp_topic_count_hidden":0,"_bbp_reply_count_hidden":0,"_bbp_forum_subforum_count":0,"footnotes":""},"categories":[114,120,1,29],"tags":[401,165,268,241],"class_list":["post-7764","post","type-post","status-publish","format-standard","has-post-thumbnail","hentry","category-3eso","category-eso","category-general","category-portada","tag-auditori-josep-irla","tag-generalitat-de-catalunya","tag-pica-lletres","tag-televisio-de-girona"],"post_mailing_queue_ids":[],"_links":{"self":[{"href":"https:\/\/agora.xtec.cat\/iessantaeugenia\/wp-json\/wp\/v2\/posts\/7764","targetHints":{"allow":["GET"]}}],"collection":[{"href":"https:\/\/agora.xtec.cat\/iessantaeugenia\/wp-json\/wp\/v2\/posts"}],"about":[{"href":"https:\/\/agora.xtec.cat\/iessantaeugenia\/wp-json\/wp\/v2\/types\/post"}],"author":[{"embeddable":true,"href":"https:\/\/agora.xtec.cat\/iessantaeugenia\/wp-json\/wp\/v2\/users\/7"}],"replies":[{"embeddable":true,"href":"https:\/\/agora.xtec.cat\/iessantaeugenia\/wp-json\/wp\/v2\/comments?post=7764"}],"version-history":[{"count":4,"href":"https:\/\/agora.xtec.cat\/iessantaeugenia\/wp-json\/wp\/v2\/posts\/7764\/revisions"}],"predecessor-version":[{"id":7877,"href":"https:\/\/agora.xtec.cat\/iessantaeugenia\/wp-json\/wp\/v2\/posts\/7764\/revisions\/7877"}],"wp:featuredmedia":[{"embeddable":true,"href":"https:\/\/agora.xtec.cat\/iessantaeugenia\/wp-json\/wp\/v2\/media\/7769"}],"wp:attachment":[{"href":"https:\/\/agora.xtec.cat\/iessantaeugenia\/wp-json\/wp\/v2\/media?parent=7764"}],"wp:term":[{"taxonomy":"category","embeddable":true,"href":"https:\/\/agora.xtec.cat\/iessantaeugenia\/wp-json\/wp\/v2\/categories?post=7764"},{"taxonomy":"post_tag","embeddable":true,"href":"https:\/\/agora.xtec.cat\/iessantaeugenia\/wp-json\/wp\/v2\/tags?post=7764"}],"curies":[{"name":"wp","href":"https:\/\/api.w.org\/{rel}","templated":true}]}}