{"id":7635,"date":"2023-02-10T13:08:44","date_gmt":"2023-02-10T12:08:44","guid":{"rendered":"https:\/\/agora.xtec.cat\/iessantaeugenia\/?p=7635"},"modified":"2023-02-11T08:34:02","modified_gmt":"2023-02-11T07:34:02","slug":"visitans","status":"publish","type":"post","link":"https:\/\/agora.xtec.cat\/iessantaeugenia\/general\/visitans\/","title":{"rendered":"Uns 400 estudiants gironins visitaran els tallers dels cicles formatius en la jornada Visita&#8217;ns el mat\u00ed del dijous 16 de febrer"},"content":{"rendered":"<p>Uns 400 estudiants gironins que enguany estudien <strong>quart d&#8217;ESO<\/strong> visitaran els<strong> tallers dels cicles formatius<\/strong> de l&#8217;Institut Santa Eug\u00e8nia en la <strong>jornada Visita&#8217;ns<\/strong> el <strong>mat\u00ed del dijous 16 de febrer.<\/strong><\/p>\n<p>Els nois i noies procedeixen de <strong>sis centres educatius<\/strong> de les comarques del <strong>Giron\u00e8s<\/strong>, <strong>La Selva<\/strong> i el <strong>Pla de l\u2019Estany<\/strong> que s&#8217;han mostrat interessats en con\u00e8ixer de primera m\u00e0 l&#8217;oferta formativa en<strong> Formaci\u00f3 Professional<\/strong>.<\/p>\n<p>La jornada s&#8217;iniciar\u00e0 a les<strong> nou del mat\u00ed<\/strong> amb la rebuda dels participants i una presentaci\u00f3 a c\u00e0rrec del director de l&#8217;Institut, <strong>Francesc Mart\u00ed<\/strong>, i el cap d&#8217;estudis de Formaci\u00f3 Professional, <strong>Eladi Nicol\u00e1s<\/strong>, a la <strong>sala polivalent<\/strong>.<\/p>\n<p>Posteriorment, els estudiants, distribu\u00efts en <strong>grups de m\u00e0xim 20 persones<\/strong>, obriran la visita als tallers a partir d&#8217;un recorregut marcat que comen\u00e7ar\u00e0 en la mateixa sala polivalent. En tot moment, <strong>aniran acompanyats i guiats<\/strong>.<\/p>\n<p>El primer torn es realitzar\u00e0 en la franja de <strong>dos quarts de deu a les onze del mat\u00ed<\/strong>.<\/p>\n<p>El segon, de <strong>dos quarts de dotze a dos quarts del migdia<\/strong>.<\/p>\n<p>De les <strong>onze a dos quarts de dotze<\/strong>, la jornada Visita&#8217;ns far\u00e0 una aturada per esmorzar.<\/p>\n<p>L&#8217;<strong>activitat acad\u00e8mica no quedar\u00e0 aturada<\/strong> i, per tant, els estudiants <strong>observaran en viu<\/strong> com es desenvolupen les classes.<\/p>\n<p>En aquest sentit, l&#8217;Institut tamb\u00e9 ha programat unes<strong> xerrades en una desena de centres educatius<\/strong> a fi d&#8217;explicar aquesta <strong>oferta formativa postobligat\u00f2ria<\/strong>.<\/p>\n<p><a href=\"https:\/\/agora.xtec.cat\/iessantaeugenia\/wp-content\/uploads\/usu1801\/2023\/02\/02_2021_INSTITUT_SANTA_EUGENIA_3_1080x1080-1.png\"><img loading=\"lazy\" decoding=\"async\" class=\"alignnone wp-image-7637\" src=\"https:\/\/agora.xtec.cat\/iessantaeugenia\/wp-content\/uploads\/usu1801\/2023\/02\/02_2021_INSTITUT_SANTA_EUGENIA_3_1080x1080-1-300x300.png\" alt=\"\" width=\"353\" height=\"353\" srcset=\"https:\/\/agora.xtec.cat\/iessantaeugenia\/wp-content\/uploads\/usu1801\/2023\/02\/02_2021_INSTITUT_SANTA_EUGENIA_3_1080x1080-1-300x300.png 300w, https:\/\/agora.xtec.cat\/iessantaeugenia\/wp-content\/uploads\/usu1801\/2023\/02\/02_2021_INSTITUT_SANTA_EUGENIA_3_1080x1080-1-1024x1024.png 1024w, https:\/\/agora.xtec.cat\/iessantaeugenia\/wp-content\/uploads\/usu1801\/2023\/02\/02_2021_INSTITUT_SANTA_EUGENIA_3_1080x1080-1-150x150.png 150w, https:\/\/agora.xtec.cat\/iessantaeugenia\/wp-content\/uploads\/usu1801\/2023\/02\/02_2021_INSTITUT_SANTA_EUGENIA_3_1080x1080-1-768x768.png 768w, https:\/\/agora.xtec.cat\/iessantaeugenia\/wp-content\/uploads\/usu1801\/2023\/02\/02_2021_INSTITUT_SANTA_EUGENIA_3_1080x1080-1.png 1080w\" sizes=\"auto, (max-width: 353px) 100vw, 353px\" \/><\/a><\/p>\n","protected":false},"excerpt":{"rendered":"<p>Uns 400 estudiants gironins que enguany estudien quart d&#8217;ESO visitaran els tallers dels cicles formatius de l&#8217;Institut Santa Eug\u00e8nia en la jornada Visita&#8217;ns el mat\u00ed del dijous 16 de febrer.<br \/>\nEls nois i noies procedeixen de sis centres educatius de les comarques del Giron\u00e8s, La Selva&hellip;  <a href=\"https:\/\/agora.xtec.cat\/iessantaeugenia\/general\/visitans\/\" title=\"Read Uns 400 estudiants gironins visitaran els tallers dels cicles formatius en la jornada Visita&#8217;ns el mat\u00ed del dijous 16 de febrer\">Llegeix m\u00e9s\u00bb<\/a><\/p>\n","protected":false},"author":7,"featured_media":1367,"comment_status":"closed","ping_status":"closed","sticky":false,"template":"","format":"standard","meta":{"_bbp_topic_count":0,"_bbp_reply_count":0,"_bbp_total_topic_count":0,"_bbp_total_reply_count":0,"_bbp_voice_count":0,"_bbp_anonymous_reply_count":0,"_bbp_topic_count_hidden":0,"_bbp_reply_count_hidden":0,"_bbp_forum_subforum_count":0,"footnotes":""},"categories":[115,30,120,1,29],"tags":[669,668,670,671,672,667],"class_list":["post-7635","post","type-post","status-publish","format-standard","has-post-thumbnail","hentry","category-4eso","category-cicles-formatius","category-eso","category-general","category-portada","tag-fp","tag-fp-dual","tag-girones","tag-la-selva","tag-pla-de-lestany","tag-visitans"],"post_mailing_queue_ids":[],"_links":{"self":[{"href":"https:\/\/agora.xtec.cat\/iessantaeugenia\/wp-json\/wp\/v2\/posts\/7635","targetHints":{"allow":["GET"]}}],"collection":[{"href":"https:\/\/agora.xtec.cat\/iessantaeugenia\/wp-json\/wp\/v2\/posts"}],"about":[{"href":"https:\/\/agora.xtec.cat\/iessantaeugenia\/wp-json\/wp\/v2\/types\/post"}],"author":[{"embeddable":true,"href":"https:\/\/agora.xtec.cat\/iessantaeugenia\/wp-json\/wp\/v2\/users\/7"}],"replies":[{"embeddable":true,"href":"https:\/\/agora.xtec.cat\/iessantaeugenia\/wp-json\/wp\/v2\/comments?post=7635"}],"version-history":[{"count":4,"href":"https:\/\/agora.xtec.cat\/iessantaeugenia\/wp-json\/wp\/v2\/posts\/7635\/revisions"}],"predecessor-version":[{"id":7672,"href":"https:\/\/agora.xtec.cat\/iessantaeugenia\/wp-json\/wp\/v2\/posts\/7635\/revisions\/7672"}],"wp:featuredmedia":[{"embeddable":true,"href":"https:\/\/agora.xtec.cat\/iessantaeugenia\/wp-json\/wp\/v2\/media\/1367"}],"wp:attachment":[{"href":"https:\/\/agora.xtec.cat\/iessantaeugenia\/wp-json\/wp\/v2\/media?parent=7635"}],"wp:term":[{"taxonomy":"category","embeddable":true,"href":"https:\/\/agora.xtec.cat\/iessantaeugenia\/wp-json\/wp\/v2\/categories?post=7635"},{"taxonomy":"post_tag","embeddable":true,"href":"https:\/\/agora.xtec.cat\/iessantaeugenia\/wp-json\/wp\/v2\/tags?post=7635"}],"curies":[{"name":"wp","href":"https:\/\/api.w.org\/{rel}","templated":true}]}}