{"id":7546,"date":"2023-02-07T06:00:44","date_gmt":"2023-02-07T05:00:44","guid":{"rendered":"https:\/\/agora.xtec.cat\/iessantaeugenia\/?p=7546"},"modified":"2023-02-12T17:57:16","modified_gmt":"2023-02-12T16:57:16","slug":"el-ptt-construccio-fa-un-tastet-de-bioconstruccio","status":"publish","type":"post","link":"https:\/\/agora.xtec.cat\/iessantaeugenia\/general\/el-ptt-construccio-fa-un-tastet-de-bioconstruccio\/","title":{"rendered":"Els alumnes del PTT de Construcci\u00f3 coneixen materials i procediments, i executen i analitzen dues t\u00e8cniques sostenibles"},"content":{"rendered":"<p dir=\"ltr\">L\u2019alumnat del<strong> PTT de Construcci\u00f3<\/strong> ha posat en pr\u00e0ctica la <strong>bioconstrucci\u00f3<\/strong> a les instal\u00b7lacions de <strong>Can Po Vell<\/strong>.<\/p>\n<p dir=\"ltr\"><strong>Xavier Ventura<\/strong>, de l\u2019<a href=\"https:\/\/escolaorigens.com\" target=\"_blank\" rel=\"noopener\">Escola Or\u00edgens<\/a>, ha realitzat una sessi\u00f3 per\u00a0mostrar els<strong> materials i procediments<\/strong> necessaris per a posar en pr\u00e0ctica <strong>dues t\u00e8cniques<\/strong>.<\/p>\n<p dir=\"ltr\">Els estudiants, en petits grups rotatius, han constru\u00eft un <strong>mur de pedra seca<\/strong> al voltant d\u2019un arbre de la zona enjardinada.<\/p>\n<p dir=\"ltr\">Calia, doncs, anar escollint i col\u00b7locant pedra a pedra <strong>sense cap element d\u2019uni\u00f3<\/strong> entre elles tot procurant trobar el <strong>punt d\u2019equilibri<\/strong> amb l\u2019ajuda de <strong>petites falques<\/strong>.<\/p>\n<p dir=\"ltr\">El mateix dia, tamb\u00e9 l\u2019alumnat ha condicionat un<strong> banc amb bloc de terra compactada<\/strong> lligat amb morter d\u2019argila.<\/p>\n<p dir=\"ltr\">D&#8217;aquesta manera, alumnes i professors han canviat per un dia el <strong>ciment<\/strong> pel <strong>fang<\/strong> i han experimentat tots els beneficis que aix\u00f2 suposa.<\/p>\n<p dir=\"ltr\">En aquest sentit, l&#8217;<strong>equip docent<\/strong> han remarcat que, avui en dia,<em>\u00a0<strong>&#8220;\u00e9s molt necessari&#8221;<\/strong><\/em> con\u00e8ixer i aprendre a treballar<strong><em> &#8220;amb materials amables, sostenibles i reutilitzables&#8221;<\/em><\/strong>.<\/p>\n<p dir=\"ltr\"><a href=\"https:\/\/agora.xtec.cat\/iessantaeugenia\/wp-content\/uploads\/usu1801\/2023\/02\/01_2023_PTT_BIOCONSTRUCCIO_1080X1080_1.png\"><img loading=\"lazy\" decoding=\"async\" class=\"alignnone wp-image-7548\" src=\"https:\/\/agora.xtec.cat\/iessantaeugenia\/wp-content\/uploads\/usu1801\/2023\/02\/01_2023_PTT_BIOCONSTRUCCIO_1080X1080_1-300x300.png\" alt=\"\" width=\"368\" height=\"368\" srcset=\"https:\/\/agora.xtec.cat\/iessantaeugenia\/wp-content\/uploads\/usu1801\/2023\/02\/01_2023_PTT_BIOCONSTRUCCIO_1080X1080_1-300x300.png 300w, https:\/\/agora.xtec.cat\/iessantaeugenia\/wp-content\/uploads\/usu1801\/2023\/02\/01_2023_PTT_BIOCONSTRUCCIO_1080X1080_1-1024x1024.png 1024w, https:\/\/agora.xtec.cat\/iessantaeugenia\/wp-content\/uploads\/usu1801\/2023\/02\/01_2023_PTT_BIOCONSTRUCCIO_1080X1080_1-150x150.png 150w, https:\/\/agora.xtec.cat\/iessantaeugenia\/wp-content\/uploads\/usu1801\/2023\/02\/01_2023_PTT_BIOCONSTRUCCIO_1080X1080_1-768x768.png 768w, https:\/\/agora.xtec.cat\/iessantaeugenia\/wp-content\/uploads\/usu1801\/2023\/02\/01_2023_PTT_BIOCONSTRUCCIO_1080X1080_1.png 1080w\" sizes=\"auto, (max-width: 368px) 100vw, 368px\" \/> \u00a0\u00a0 <\/a><a href=\"https:\/\/agora.xtec.cat\/iessantaeugenia\/wp-content\/uploads\/usu1801\/2023\/02\/01_2023_PTT_BIOCONSTRUCCIO_1080X1080_3.png\"><img loading=\"lazy\" decoding=\"async\" class=\"alignnone wp-image-7550\" src=\"https:\/\/agora.xtec.cat\/iessantaeugenia\/wp-content\/uploads\/usu1801\/2023\/02\/01_2023_PTT_BIOCONSTRUCCIO_1080X1080_3-300x300.png\" alt=\"\" width=\"368\" height=\"368\" srcset=\"https:\/\/agora.xtec.cat\/iessantaeugenia\/wp-content\/uploads\/usu1801\/2023\/02\/01_2023_PTT_BIOCONSTRUCCIO_1080X1080_3-300x300.png 300w, https:\/\/agora.xtec.cat\/iessantaeugenia\/wp-content\/uploads\/usu1801\/2023\/02\/01_2023_PTT_BIOCONSTRUCCIO_1080X1080_3-1024x1024.png 1024w, https:\/\/agora.xtec.cat\/iessantaeugenia\/wp-content\/uploads\/usu1801\/2023\/02\/01_2023_PTT_BIOCONSTRUCCIO_1080X1080_3-150x150.png 150w, https:\/\/agora.xtec.cat\/iessantaeugenia\/wp-content\/uploads\/usu1801\/2023\/02\/01_2023_PTT_BIOCONSTRUCCIO_1080X1080_3-768x768.png 768w, https:\/\/agora.xtec.cat\/iessantaeugenia\/wp-content\/uploads\/usu1801\/2023\/02\/01_2023_PTT_BIOCONSTRUCCIO_1080X1080_3.png 1080w\" sizes=\"auto, (max-width: 368px) 100vw, 368px\" \/><\/a><\/p>\n<p dir=\"ltr\"><a href=\"https:\/\/agora.xtec.cat\/iessantaeugenia\/wp-content\/uploads\/usu1801\/2023\/02\/01_2023_PTT_BIOCONSTRUCCIO_1080X1080_2.png\"><img loading=\"lazy\" decoding=\"async\" class=\"alignnone wp-image-7549\" src=\"https:\/\/agora.xtec.cat\/iessantaeugenia\/wp-content\/uploads\/usu1801\/2023\/02\/01_2023_PTT_BIOCONSTRUCCIO_1080X1080_2-300x300.png\" alt=\"\" width=\"367\" height=\"367\" srcset=\"https:\/\/agora.xtec.cat\/iessantaeugenia\/wp-content\/uploads\/usu1801\/2023\/02\/01_2023_PTT_BIOCONSTRUCCIO_1080X1080_2-300x300.png 300w, https:\/\/agora.xtec.cat\/iessantaeugenia\/wp-content\/uploads\/usu1801\/2023\/02\/01_2023_PTT_BIOCONSTRUCCIO_1080X1080_2-1024x1024.png 1024w, https:\/\/agora.xtec.cat\/iessantaeugenia\/wp-content\/uploads\/usu1801\/2023\/02\/01_2023_PTT_BIOCONSTRUCCIO_1080X1080_2-150x150.png 150w, https:\/\/agora.xtec.cat\/iessantaeugenia\/wp-content\/uploads\/usu1801\/2023\/02\/01_2023_PTT_BIOCONSTRUCCIO_1080X1080_2-768x768.png 768w, https:\/\/agora.xtec.cat\/iessantaeugenia\/wp-content\/uploads\/usu1801\/2023\/02\/01_2023_PTT_BIOCONSTRUCCIO_1080X1080_2.png 1080w\" sizes=\"auto, (max-width: 367px) 100vw, 367px\" \/><\/a><\/p>\n","protected":false},"excerpt":{"rendered":"<p>L\u2019alumnat del PTT de Construcci\u00f3 ha posat en pr\u00e0ctica la bioconstrucci\u00f3 a les instal\u00b7lacions de Can Po Vell.<br \/>\nXavier Ventura, de l\u2019<a href=\"https:\/\/escolaorigens.com\" target=\"_blank\" rel=\"noopener\">Escola Or\u00edgens<\/a>, ha realitzat una sessi\u00f3 per\u00a0mostrar els materials i procediments necessaris per a posar en pr\u00e0ctica dues t\u00e8cniques.<br \/>\nEls estudiants, en petits&hellip;  <a href=\"https:\/\/agora.xtec.cat\/iessantaeugenia\/general\/el-ptt-construccio-fa-un-tastet-de-bioconstruccio\/\" title=\"Read Els alumnes del PTT de Construcci\u00f3 coneixen materials i procediments, i executen i analitzen dues t\u00e8cniques sostenibles\">Llegeix m\u00e9s\u00bb<\/a><\/p>\n","protected":false},"author":7,"featured_media":7551,"comment_status":"closed","ping_status":"closed","sticky":false,"template":"","format":"standard","meta":{"_bbp_topic_count":0,"_bbp_reply_count":0,"_bbp_total_topic_count":0,"_bbp_total_reply_count":0,"_bbp_voice_count":0,"_bbp_anonymous_reply_count":0,"_bbp_topic_count_hidden":0,"_bbp_reply_count_hidden":0,"_bbp_forum_subforum_count":0,"footnotes":""},"categories":[30,1,29],"tags":[653,630,652],"class_list":["post-7546","post","type-post","status-publish","format-standard","has-post-thumbnail","hentry","category-cicles-formatius","category-general","category-portada","tag-bioconstruccio","tag-can-po-vell","tag-escola-origens"],"post_mailing_queue_ids":[],"_links":{"self":[{"href":"https:\/\/agora.xtec.cat\/iessantaeugenia\/wp-json\/wp\/v2\/posts\/7546","targetHints":{"allow":["GET"]}}],"collection":[{"href":"https:\/\/agora.xtec.cat\/iessantaeugenia\/wp-json\/wp\/v2\/posts"}],"about":[{"href":"https:\/\/agora.xtec.cat\/iessantaeugenia\/wp-json\/wp\/v2\/types\/post"}],"author":[{"embeddable":true,"href":"https:\/\/agora.xtec.cat\/iessantaeugenia\/wp-json\/wp\/v2\/users\/7"}],"replies":[{"embeddable":true,"href":"https:\/\/agora.xtec.cat\/iessantaeugenia\/wp-json\/wp\/v2\/comments?post=7546"}],"version-history":[{"count":4,"href":"https:\/\/agora.xtec.cat\/iessantaeugenia\/wp-json\/wp\/v2\/posts\/7546\/revisions"}],"predecessor-version":[{"id":7552,"href":"https:\/\/agora.xtec.cat\/iessantaeugenia\/wp-json\/wp\/v2\/posts\/7546\/revisions\/7552"}],"wp:featuredmedia":[{"embeddable":true,"href":"https:\/\/agora.xtec.cat\/iessantaeugenia\/wp-json\/wp\/v2\/media\/7551"}],"wp:attachment":[{"href":"https:\/\/agora.xtec.cat\/iessantaeugenia\/wp-json\/wp\/v2\/media?parent=7546"}],"wp:term":[{"taxonomy":"category","embeddable":true,"href":"https:\/\/agora.xtec.cat\/iessantaeugenia\/wp-json\/wp\/v2\/categories?post=7546"},{"taxonomy":"post_tag","embeddable":true,"href":"https:\/\/agora.xtec.cat\/iessantaeugenia\/wp-json\/wp\/v2\/tags?post=7546"}],"curies":[{"name":"wp","href":"https:\/\/api.w.org\/{rel}","templated":true}]}}