{"id":7507,"date":"2023-01-27T15:00:39","date_gmt":"2023-01-27T14:00:39","guid":{"rendered":"https:\/\/agora.xtec.cat\/iessantaeugenia\/?p=7507"},"modified":"2023-01-27T15:03:35","modified_gmt":"2023-01-27T14:03:35","slug":"obertes-les-inscripcions","status":"publish","type":"post","link":"https:\/\/agora.xtec.cat\/iessantaeugenia\/general\/obertes-les-inscripcions\/","title":{"rendered":"Obertes les inscripcions pel nou Club de Lectura de l&#8217;Institut, organitzat per nivells d&#8217;edat, amb periodicitat quinzenal i inici el 2 de febrer"},"content":{"rendered":"<p>L\u2019Institut ofereix un nou <strong>Club de Lectura<\/strong> destinat als <strong>alumnes d\u2019ESO<\/strong> i de <strong>Batxillerat<\/strong>.<\/p>\n<p>Aquesta activitat \u00e9s <strong>gratu\u00efta<\/strong> i la seva finalitat \u00e9s <strong>incentivar el gust per la lectura<\/strong>, d\u2019una manera <strong>activa i amena<\/strong>, de la m\u00e0 de <strong>professorat experimentat.<\/strong><\/p>\n<p>Les sessions seran cada <strong>quinze dies<\/strong>, els dijous a les cinc de la tarda, a la<strong> Biblioteca<\/strong> de l\u2019Institut.<\/p>\n<p>L\u2019inici ser\u00e0 el <strong>dijous 2 de febrer<\/strong>.<\/p>\n<p>Aquesta activitat est\u00e0 organitzada en <strong>tres nivells<\/strong>:<\/p>\n<ul>\n<li><strong>1r i 2n d\u2019ESO<\/strong>.- condu\u00eft per la professora <span style=\"text-decoration: underline;\">Janina Aixarch<\/span>.<\/li>\n<li><strong style=\"font-family: inherit; font-size: 1em;\">3r i 4t d\u2019ESO<\/strong><span style=\"font-family: inherit; font-size: 1em;\">.- a c\u00e0rrec del professor <\/span><span style=\"text-decoration: underline;\">Antoni Lozano<\/span><span style=\"font-family: inherit; font-size: 1em;\">.<\/span><\/li>\n<li><strong style=\"font-family: inherit; font-size: 1em;\">1r i 2n de Batxillerat<\/strong><span style=\"font-family: inherit; font-size: 1em;\">.- condu\u00eft per la professora <\/span><span style=\"text-decoration: underline;\">Pilar Jim\u00e9nez<\/span><span style=\"font-family: inherit; font-size: 1em;\">.<\/span><\/li>\n<\/ul>\n<p>Per facilitar el funcionament de les sessions, el <strong>m\u00e0xim d\u2019alumnes<\/strong> per cada nivell \u00e9s de <strong>10<\/strong>.<\/p>\n<p>Cal <strong>inscripci\u00f3 pr\u00e8via<\/strong> fent \u00fas del seg\u00fcent <a href=\"https:\/\/docs.google.com\/forms\/d\/e\/1FAIpQLSfIL57rOSHxMCPHSguqE552iYSkIoTzmMyiLQk-s-CzkaEKww\/viewform?usp=sf_link\" target=\"_blank\" rel=\"noopener\">FORMULARI<\/a>.<\/p>\n<p><a href=\"https:\/\/agora.xtec.cat\/iessantaeugenia\/wp-content\/uploads\/usu1801\/2023\/01\/01_CLUB_DE_LECTURA_1080X1080.png\"><img loading=\"lazy\" decoding=\"async\" class=\"alignnone wp-image-7515\" src=\"https:\/\/agora.xtec.cat\/iessantaeugenia\/wp-content\/uploads\/usu1801\/2023\/01\/01_CLUB_DE_LECTURA_1080X1080-300x300.png\" alt=\"\" width=\"351\" height=\"351\" srcset=\"https:\/\/agora.xtec.cat\/iessantaeugenia\/wp-content\/uploads\/usu1801\/2023\/01\/01_CLUB_DE_LECTURA_1080X1080-300x300.png 300w, https:\/\/agora.xtec.cat\/iessantaeugenia\/wp-content\/uploads\/usu1801\/2023\/01\/01_CLUB_DE_LECTURA_1080X1080-1024x1024.png 1024w, https:\/\/agora.xtec.cat\/iessantaeugenia\/wp-content\/uploads\/usu1801\/2023\/01\/01_CLUB_DE_LECTURA_1080X1080-150x150.png 150w, https:\/\/agora.xtec.cat\/iessantaeugenia\/wp-content\/uploads\/usu1801\/2023\/01\/01_CLUB_DE_LECTURA_1080X1080-768x768.png 768w, https:\/\/agora.xtec.cat\/iessantaeugenia\/wp-content\/uploads\/usu1801\/2023\/01\/01_CLUB_DE_LECTURA_1080X1080.png 1080w\" sizes=\"auto, (max-width: 351px) 100vw, 351px\" \/><\/a><\/p>\n","protected":false},"excerpt":{"rendered":"<p>L\u2019Institut ofereix un nou Club de Lectura destinat als alumnes d\u2019ESO i de Batxillerat.<br \/>\nAquesta activitat \u00e9s gratu\u00efta i la seva finalitat \u00e9s incentivar el gust per la lectura, d\u2019una manera activa i amena, de la m\u00e0 de professorat experimentat.<br \/>\nLes sessions seran cada quinze dies, els&hellip;  <a href=\"https:\/\/agora.xtec.cat\/iessantaeugenia\/general\/obertes-les-inscripcions\/\" title=\"Read Obertes les inscripcions pel nou Club de Lectura de l&#8217;Institut, organitzat per nivells d&#8217;edat, amb periodicitat quinzenal i inici el 2 de febrer\">Llegeix m\u00e9s\u00bb<\/a><\/p>\n","protected":false},"author":7,"featured_media":7512,"comment_status":"closed","ping_status":"closed","sticky":false,"template":"","format":"standard","meta":{"_bbp_topic_count":0,"_bbp_reply_count":0,"_bbp_total_topic_count":0,"_bbp_total_reply_count":0,"_bbp_voice_count":0,"_bbp_anonymous_reply_count":0,"_bbp_topic_count_hidden":0,"_bbp_reply_count_hidden":0,"_bbp_forum_subforum_count":0,"footnotes":""},"categories":[3,113,114,115,8,116,117,120,1,29],"tags":[166,646,645],"class_list":["post-7507","post","type-post","status-publish","format-standard","has-post-thumbnail","hentry","category-1eso","category-2eso","category-3eso","category-4eso","category-batxillerat","category-batx-tecnologic","category-batx-humanitats-i-ciencies","category-eso","category-general","category-portada","tag-biblioteca","tag-inscripcio","tag-lectura"],"post_mailing_queue_ids":[],"_links":{"self":[{"href":"https:\/\/agora.xtec.cat\/iessantaeugenia\/wp-json\/wp\/v2\/posts\/7507","targetHints":{"allow":["GET"]}}],"collection":[{"href":"https:\/\/agora.xtec.cat\/iessantaeugenia\/wp-json\/wp\/v2\/posts"}],"about":[{"href":"https:\/\/agora.xtec.cat\/iessantaeugenia\/wp-json\/wp\/v2\/types\/post"}],"author":[{"embeddable":true,"href":"https:\/\/agora.xtec.cat\/iessantaeugenia\/wp-json\/wp\/v2\/users\/7"}],"replies":[{"embeddable":true,"href":"https:\/\/agora.xtec.cat\/iessantaeugenia\/wp-json\/wp\/v2\/comments?post=7507"}],"version-history":[{"count":4,"href":"https:\/\/agora.xtec.cat\/iessantaeugenia\/wp-json\/wp\/v2\/posts\/7507\/revisions"}],"predecessor-version":[{"id":7560,"href":"https:\/\/agora.xtec.cat\/iessantaeugenia\/wp-json\/wp\/v2\/posts\/7507\/revisions\/7560"}],"wp:featuredmedia":[{"embeddable":true,"href":"https:\/\/agora.xtec.cat\/iessantaeugenia\/wp-json\/wp\/v2\/media\/7512"}],"wp:attachment":[{"href":"https:\/\/agora.xtec.cat\/iessantaeugenia\/wp-json\/wp\/v2\/media?parent=7507"}],"wp:term":[{"taxonomy":"category","embeddable":true,"href":"https:\/\/agora.xtec.cat\/iessantaeugenia\/wp-json\/wp\/v2\/categories?post=7507"},{"taxonomy":"post_tag","embeddable":true,"href":"https:\/\/agora.xtec.cat\/iessantaeugenia\/wp-json\/wp\/v2\/tags?post=7507"}],"curies":[{"name":"wp","href":"https:\/\/api.w.org\/{rel}","templated":true}]}}