{"id":7449,"date":"2023-01-27T06:00:32","date_gmt":"2023-01-27T05:00:32","guid":{"rendered":"https:\/\/agora.xtec.cat\/iessantaeugenia\/?p=7449"},"modified":"2023-01-27T07:11:52","modified_gmt":"2023-01-27T06:11:52","slug":"7449","status":"publish","type":"post","link":"https:\/\/agora.xtec.cat\/iessantaeugenia\/general\/7449\/","title":{"rendered":"Tres grups de quart d&#8217;ESO coneixen el funcionament dels c\u00e0mpings Les Medes i Salat\u00e0, dins els continguts d&#8217;Economia i Emprenedoria"},"content":{"rendered":"<p>Tres grups de <strong>quart d&#8217;ESO<\/strong> han conegut el funcionament dels <strong>c\u00e0mpings Les Medes i Salat\u00e0<\/strong>, noms hist\u00f2rics a la Costa Brava, dins les assignatures d<strong>&#8216;Economia i Emprenedoria<\/strong>.<\/p>\n<p>Per una banda, el grups D i E han visitat <a href=\"https:\/\/www.campinglesmedes.com\/ca\/\" target=\"_blank\" rel=\"noopener\">Les Medes<\/a>, situat a <strong>L&#8217;Estartit<\/strong> <strong>(Baix Empord\u00e0)<\/strong>.<\/p>\n<p>La<strong> fam\u00edlia Pla-Coll<\/strong> va comprar el c\u00e0mping l&#8217;any 1984 i li va posar l&#8217;actual denominaci\u00f3.<\/p>\n<p>No obstant aix\u00f2, la instal\u00b7laci\u00f3 portava en funcionament des del 1968. \u00c9s un dels pocs c\u00e0mpings que t\u00e9 <strong>obert tot l&#8217;any<\/strong>.<\/p>\n<p>Els estudiants han estat rebuts pel <strong>gerent, Josep Maria Pla<\/strong>, que ha ensenyat les instal\u00b7lacions.<\/p>\n<p>I, per l&#8217;altra, el grup B han visitat el<a href=\"https:\/\/www.campingsalata.com\/ca\" target=\"_blank\" rel=\"noopener\"><strong> c\u00e0mping Salat\u00e0<\/strong><\/a>, en el terme municipal de <strong>Roses (Alt Empord\u00e0) <\/strong>-a les fotos-.<\/p>\n<p>\u00c9s una empresa familiar, ara gestionada per la <strong>quarta generaci\u00f3<\/strong>, que va comen\u00e7ar fa m\u00e9s de cinquanta anys oferint parcel\u00b7les on els turistes acampaven davant del mar.<\/p>\n<p>Actualment, t\u00e9 una<strong> \u00e0mplia oferta de serveis<\/strong>, principalment: bungalous, parcel\u00b7les, glampings (tendes amb glamur), piscines, sala de massatge, sauna i jacuzzi, serveis d&#8217;animaci\u00f3, petit supermercat i restaurant.<\/p>\n<p>El <strong>gerent<\/strong>,<strong> Miquel Gotanegra<\/strong>, ha divulgat el funcionament de l&#8217;empresa, destacant el seu comprom\u00eds amb la <strong>sostenibilitat<\/strong> i les <strong>noves tecnologies<\/strong>.<\/p>\n<p>Un <strong>c\u00e0mping \u00e9s una empresa que ven serveis<\/strong>. I, com la resta, t\u00e9 els seus departaments de <strong>vendes<\/strong>, <strong>m\u00e0rqueting<\/strong>, <strong>comptabilitat<\/strong>, <strong>producci\u00f3<\/strong> (en aquest cas, gent que pensa ofertes i experi\u00e8ncies que puguin ser interessants per als clients), <strong>manteniment<\/strong>&#8230;<\/p>\n<p>A la demarcaci\u00f3 de Girona, els c\u00e0mpings s\u00f3n una tipologia d&#8217;empreses amb molt pes espec\u00edfic.<\/p>\n<p>La sortida ha estat possible gr\u00e0cies a la<strong> patronal gironina <\/strong><a href=\"http:\/\/www.foeg.cat\/\" target=\"_blank\" rel=\"noopener\">FOEG <\/a>i la <a href=\"https:\/\/www.ddgi.cat\/web\/\" target=\"_blank\" rel=\"noopener\">Diputaci\u00f3 de Girona<\/a>.<\/p>\n<p><a href=\"https:\/\/agora.xtec.cat\/iessantaeugenia\/wp-content\/uploads\/usu1801\/2023\/01\/12_2022_TERCER_ESO_CAMPING_1080X1080_1-min.png\"><img loading=\"lazy\" decoding=\"async\" class=\"alignnone wp-image-7461\" src=\"https:\/\/agora.xtec.cat\/iessantaeugenia\/wp-content\/uploads\/usu1801\/2023\/01\/12_2022_TERCER_ESO_CAMPING_1080X1080_1-min-300x300.png\" alt=\"\" width=\"354\" height=\"354\" srcset=\"https:\/\/agora.xtec.cat\/iessantaeugenia\/wp-content\/uploads\/usu1801\/2023\/01\/12_2022_TERCER_ESO_CAMPING_1080X1080_1-min-300x300.png 300w, https:\/\/agora.xtec.cat\/iessantaeugenia\/wp-content\/uploads\/usu1801\/2023\/01\/12_2022_TERCER_ESO_CAMPING_1080X1080_1-min-1024x1024.png 1024w, https:\/\/agora.xtec.cat\/iessantaeugenia\/wp-content\/uploads\/usu1801\/2023\/01\/12_2022_TERCER_ESO_CAMPING_1080X1080_1-min-150x150.png 150w, https:\/\/agora.xtec.cat\/iessantaeugenia\/wp-content\/uploads\/usu1801\/2023\/01\/12_2022_TERCER_ESO_CAMPING_1080X1080_1-min-768x768.png 768w, https:\/\/agora.xtec.cat\/iessantaeugenia\/wp-content\/uploads\/usu1801\/2023\/01\/12_2022_TERCER_ESO_CAMPING_1080X1080_1-min.png 1080w\" sizes=\"auto, (max-width: 354px) 100vw, 354px\" \/><\/a><\/p>\n<p><a href=\"https:\/\/agora.xtec.cat\/iessantaeugenia\/wp-content\/uploads\/usu1801\/2023\/01\/12_2022_TERCER_ESO_CAMPING_1080X1080_2-min.png\"><img loading=\"lazy\" decoding=\"async\" class=\"alignnone wp-image-7459\" src=\"https:\/\/agora.xtec.cat\/iessantaeugenia\/wp-content\/uploads\/usu1801\/2023\/01\/12_2022_TERCER_ESO_CAMPING_1080X1080_2-min-300x300.png\" alt=\"\" width=\"353\" height=\"353\" srcset=\"https:\/\/agora.xtec.cat\/iessantaeugenia\/wp-content\/uploads\/usu1801\/2023\/01\/12_2022_TERCER_ESO_CAMPING_1080X1080_2-min-300x300.png 300w, https:\/\/agora.xtec.cat\/iessantaeugenia\/wp-content\/uploads\/usu1801\/2023\/01\/12_2022_TERCER_ESO_CAMPING_1080X1080_2-min-1024x1024.png 1024w, https:\/\/agora.xtec.cat\/iessantaeugenia\/wp-content\/uploads\/usu1801\/2023\/01\/12_2022_TERCER_ESO_CAMPING_1080X1080_2-min-150x150.png 150w, https:\/\/agora.xtec.cat\/iessantaeugenia\/wp-content\/uploads\/usu1801\/2023\/01\/12_2022_TERCER_ESO_CAMPING_1080X1080_2-min-768x768.png 768w, https:\/\/agora.xtec.cat\/iessantaeugenia\/wp-content\/uploads\/usu1801\/2023\/01\/12_2022_TERCER_ESO_CAMPING_1080X1080_2-min.png 1080w\" sizes=\"auto, (max-width: 353px) 100vw, 353px\" \/><\/a><\/p>\n<p><a href=\"https:\/\/agora.xtec.cat\/iessantaeugenia\/wp-content\/uploads\/usu1801\/2023\/01\/12_2022_TERCER_ESO_CAMPING_1080X1080_3-min.png\"><img loading=\"lazy\" decoding=\"async\" class=\"alignnone wp-image-7460\" src=\"https:\/\/agora.xtec.cat\/iessantaeugenia\/wp-content\/uploads\/usu1801\/2023\/01\/12_2022_TERCER_ESO_CAMPING_1080X1080_3-min-300x300.png\" alt=\"\" width=\"353\" height=\"353\" srcset=\"https:\/\/agora.xtec.cat\/iessantaeugenia\/wp-content\/uploads\/usu1801\/2023\/01\/12_2022_TERCER_ESO_CAMPING_1080X1080_3-min-300x300.png 300w, https:\/\/agora.xtec.cat\/iessantaeugenia\/wp-content\/uploads\/usu1801\/2023\/01\/12_2022_TERCER_ESO_CAMPING_1080X1080_3-min-1024x1024.png 1024w, https:\/\/agora.xtec.cat\/iessantaeugenia\/wp-content\/uploads\/usu1801\/2023\/01\/12_2022_TERCER_ESO_CAMPING_1080X1080_3-min-150x150.png 150w, https:\/\/agora.xtec.cat\/iessantaeugenia\/wp-content\/uploads\/usu1801\/2023\/01\/12_2022_TERCER_ESO_CAMPING_1080X1080_3-min-768x768.png 768w, https:\/\/agora.xtec.cat\/iessantaeugenia\/wp-content\/uploads\/usu1801\/2023\/01\/12_2022_TERCER_ESO_CAMPING_1080X1080_3-min.png 1080w\" sizes=\"auto, (max-width: 353px) 100vw, 353px\" \/><\/a><\/p>\n<p><a href=\"https:\/\/agora.xtec.cat\/iessantaeugenia\/wp-content\/uploads\/usu1801\/2023\/01\/12_2022_TERCER_ESO_CAMPING_1501X844-min-1.png\"><img loading=\"lazy\" decoding=\"async\" class=\"alignnone wp-image-7462\" src=\"https:\/\/agora.xtec.cat\/iessantaeugenia\/wp-content\/uploads\/usu1801\/2023\/01\/12_2022_TERCER_ESO_CAMPING_1501X844-min-1-300x169.png\" alt=\"\" width=\"535\" height=\"302\" srcset=\"https:\/\/agora.xtec.cat\/iessantaeugenia\/wp-content\/uploads\/usu1801\/2023\/01\/12_2022_TERCER_ESO_CAMPING_1501X844-min-1-300x169.png 300w, https:\/\/agora.xtec.cat\/iessantaeugenia\/wp-content\/uploads\/usu1801\/2023\/01\/12_2022_TERCER_ESO_CAMPING_1501X844-min-1-1024x576.png 1024w, https:\/\/agora.xtec.cat\/iessantaeugenia\/wp-content\/uploads\/usu1801\/2023\/01\/12_2022_TERCER_ESO_CAMPING_1501X844-min-1-768x432.png 768w, https:\/\/agora.xtec.cat\/iessantaeugenia\/wp-content\/uploads\/usu1801\/2023\/01\/12_2022_TERCER_ESO_CAMPING_1501X844-min-1.png 1501w\" sizes=\"auto, (max-width: 535px) 100vw, 535px\" \/><\/a><\/p>\n","protected":false},"excerpt":{"rendered":"<p>Tres grups de quart d&#8217;ESO han conegut el funcionament dels c\u00e0mpings Les Medes i Salat\u00e0, noms hist\u00f2rics a la Costa Brava, dins les assignatures d&#8216;Economia i Emprenedoria.<br \/>\nPer una banda, el grups D i E han visitat <a href=\"https:\/\/www.campinglesmedes.com\/ca\/\" target=\"_blank\" rel=\"noopener\">Les Medes<\/a>, situat a L&#8217;Estartit (Baix&hellip;  <a href=\"https:\/\/agora.xtec.cat\/iessantaeugenia\/general\/7449\/\" title=\"Read Tres grups de quart d&#8217;ESO coneixen el funcionament dels c\u00e0mpings Les Medes i Salat\u00e0, dins els continguts d&#8217;Economia i Emprenedoria\">Llegeix m\u00e9s\u00bb<\/a><\/p>\n","protected":false},"author":7,"featured_media":7452,"comment_status":"closed","ping_status":"closed","sticky":false,"template":"","format":"standard","meta":{"_bbp_topic_count":0,"_bbp_reply_count":0,"_bbp_total_topic_count":0,"_bbp_total_reply_count":0,"_bbp_voice_count":0,"_bbp_anonymous_reply_count":0,"_bbp_topic_count_hidden":0,"_bbp_reply_count_hidden":0,"_bbp_forum_subforum_count":0,"footnotes":""},"categories":[114,120,1,29],"tags":[639,640,176,175,641,642],"class_list":["post-7449","post","type-post","status-publish","format-standard","has-post-thumbnail","hentry","category-3eso","category-eso","category-general","category-portada","tag-camping-les-medes","tag-camping-salata","tag-diputacio-de-girona","tag-foeg","tag-josep-maria-pla","tag-miquel-gotanegra"],"post_mailing_queue_ids":[],"_links":{"self":[{"href":"https:\/\/agora.xtec.cat\/iessantaeugenia\/wp-json\/wp\/v2\/posts\/7449","targetHints":{"allow":["GET"]}}],"collection":[{"href":"https:\/\/agora.xtec.cat\/iessantaeugenia\/wp-json\/wp\/v2\/posts"}],"about":[{"href":"https:\/\/agora.xtec.cat\/iessantaeugenia\/wp-json\/wp\/v2\/types\/post"}],"author":[{"embeddable":true,"href":"https:\/\/agora.xtec.cat\/iessantaeugenia\/wp-json\/wp\/v2\/users\/7"}],"replies":[{"embeddable":true,"href":"https:\/\/agora.xtec.cat\/iessantaeugenia\/wp-json\/wp\/v2\/comments?post=7449"}],"version-history":[{"count":4,"href":"https:\/\/agora.xtec.cat\/iessantaeugenia\/wp-json\/wp\/v2\/posts\/7449\/revisions"}],"predecessor-version":[{"id":7453,"href":"https:\/\/agora.xtec.cat\/iessantaeugenia\/wp-json\/wp\/v2\/posts\/7449\/revisions\/7453"}],"wp:featuredmedia":[{"embeddable":true,"href":"https:\/\/agora.xtec.cat\/iessantaeugenia\/wp-json\/wp\/v2\/media\/7452"}],"wp:attachment":[{"href":"https:\/\/agora.xtec.cat\/iessantaeugenia\/wp-json\/wp\/v2\/media?parent=7449"}],"wp:term":[{"taxonomy":"category","embeddable":true,"href":"https:\/\/agora.xtec.cat\/iessantaeugenia\/wp-json\/wp\/v2\/categories?post=7449"},{"taxonomy":"post_tag","embeddable":true,"href":"https:\/\/agora.xtec.cat\/iessantaeugenia\/wp-json\/wp\/v2\/tags?post=7449"}],"curies":[{"name":"wp","href":"https:\/\/api.w.org\/{rel}","templated":true}]}}