{"id":7359,"date":"2023-01-12T13:30:18","date_gmt":"2023-01-12T12:30:18","guid":{"rendered":"https:\/\/agora.xtec.cat\/iessantaeugenia\/?p=7359"},"modified":"2023-01-12T13:42:38","modified_gmt":"2023-01-12T12:42:38","slug":"els-estudiants-de-primer-de-vendes-complementen-la-formacio-amb-un-taller-de-treball-emocional-i-empoderament-personal","status":"publish","type":"post","link":"https:\/\/agora.xtec.cat\/iessantaeugenia\/general\/els-estudiants-de-primer-de-vendes-complementen-la-formacio-amb-un-taller-de-treball-emocional-i-empoderament-personal\/","title":{"rendered":"Un taller de treball emocional i empoderament optimitza la formaci\u00f3 acad\u00e8mica i pr\u00e0ctica del primer curs de Vendes"},"content":{"rendered":"<p>El formador <strong>Jordi Torres<\/strong>, impulsor de <strong><a href=\"https:\/\/ruahviva.com\/\" target=\"_blank\" rel=\"noopener\">Ruahviva<\/a><\/strong>, ha impartit el taller <em><strong>Rebel\u00b7la&#8217;t a favor teu<\/strong>\u00a0<\/em>als estudiants de primer curs del <strong>grau superior de Gesti\u00f3 de Vendes i Espais Comercials<\/strong> de l&#8217;Institut.<\/p>\n<p>La sessi\u00f3 ha donat <strong>eines d&#8217;autoconeixement<\/strong> als joves per ser conscients de qui s\u00f3n, per fer-los <strong>m\u00e9s lliures<\/strong> i <strong>empoderats<\/strong>.<\/p>\n<p>El taller s&#8217;ha desenvolupat a trav\u00e9s de <strong>diverses situacions<\/strong> que desperten emocions diverses, treball emocional i reflexi\u00f3 personal.<\/p>\n<p><a href=\"https:\/\/agora.xtec.cat\/iessantaeugenia\/wp-content\/uploads\/usu1801\/2023\/01\/12_2022_TALLER_REBELAT_PRIMER_DE_VENDES_1080X1080_1.png\"><img loading=\"lazy\" decoding=\"async\" class=\"alignnone wp-image-7361\" src=\"https:\/\/agora.xtec.cat\/iessantaeugenia\/wp-content\/uploads\/usu1801\/2023\/01\/12_2022_TALLER_REBELAT_PRIMER_DE_VENDES_1080X1080_1-300x300.png\" alt=\"\" width=\"392\" height=\"392\" srcset=\"https:\/\/agora.xtec.cat\/iessantaeugenia\/wp-content\/uploads\/usu1801\/2023\/01\/12_2022_TALLER_REBELAT_PRIMER_DE_VENDES_1080X1080_1-300x300.png 300w, https:\/\/agora.xtec.cat\/iessantaeugenia\/wp-content\/uploads\/usu1801\/2023\/01\/12_2022_TALLER_REBELAT_PRIMER_DE_VENDES_1080X1080_1-1024x1024.png 1024w, https:\/\/agora.xtec.cat\/iessantaeugenia\/wp-content\/uploads\/usu1801\/2023\/01\/12_2022_TALLER_REBELAT_PRIMER_DE_VENDES_1080X1080_1-150x150.png 150w, https:\/\/agora.xtec.cat\/iessantaeugenia\/wp-content\/uploads\/usu1801\/2023\/01\/12_2022_TALLER_REBELAT_PRIMER_DE_VENDES_1080X1080_1-768x768.png 768w, https:\/\/agora.xtec.cat\/iessantaeugenia\/wp-content\/uploads\/usu1801\/2023\/01\/12_2022_TALLER_REBELAT_PRIMER_DE_VENDES_1080X1080_1.png 1080w\" sizes=\"auto, (max-width: 392px) 100vw, 392px\" \/><\/a><\/p>\n<p><a href=\"https:\/\/agora.xtec.cat\/iessantaeugenia\/wp-content\/uploads\/usu1801\/2023\/01\/12_2022_TALLER_REBELAT_PRIMER_DE_VENDES_1080X1080_2.png\"><img loading=\"lazy\" decoding=\"async\" class=\"alignnone wp-image-7362\" src=\"https:\/\/agora.xtec.cat\/iessantaeugenia\/wp-content\/uploads\/usu1801\/2023\/01\/12_2022_TALLER_REBELAT_PRIMER_DE_VENDES_1080X1080_2-300x300.png\" alt=\"\" width=\"393\" height=\"393\" srcset=\"https:\/\/agora.xtec.cat\/iessantaeugenia\/wp-content\/uploads\/usu1801\/2023\/01\/12_2022_TALLER_REBELAT_PRIMER_DE_VENDES_1080X1080_2-300x300.png 300w, https:\/\/agora.xtec.cat\/iessantaeugenia\/wp-content\/uploads\/usu1801\/2023\/01\/12_2022_TALLER_REBELAT_PRIMER_DE_VENDES_1080X1080_2-1024x1024.png 1024w, https:\/\/agora.xtec.cat\/iessantaeugenia\/wp-content\/uploads\/usu1801\/2023\/01\/12_2022_TALLER_REBELAT_PRIMER_DE_VENDES_1080X1080_2-150x150.png 150w, https:\/\/agora.xtec.cat\/iessantaeugenia\/wp-content\/uploads\/usu1801\/2023\/01\/12_2022_TALLER_REBELAT_PRIMER_DE_VENDES_1080X1080_2-768x768.png 768w, https:\/\/agora.xtec.cat\/iessantaeugenia\/wp-content\/uploads\/usu1801\/2023\/01\/12_2022_TALLER_REBELAT_PRIMER_DE_VENDES_1080X1080_2.png 1080w\" sizes=\"auto, (max-width: 393px) 100vw, 393px\" \/><\/a><\/p>\n<p>&nbsp;<\/p>\n","protected":false},"excerpt":{"rendered":"<p>El formador Jordi Torres, impulsor de <a href=\"https:\/\/ruahviva.com\/\" target=\"_blank\" rel=\"noopener\">Ruahviva<\/a>, ha impartit el taller Rebel\u00b7la&#8217;t a favor teu\u00a0als estudiants de primer curs del grau superior de Gesti\u00f3 de Vendes i Espais Comercials de l&#8217;Institut.<br \/>\nLa sessi\u00f3 ha donat eines d&#8217;autoconeixement als joves per ser conscients de&hellip;  <a href=\"https:\/\/agora.xtec.cat\/iessantaeugenia\/general\/els-estudiants-de-primer-de-vendes-complementen-la-formacio-amb-un-taller-de-treball-emocional-i-empoderament-personal\/\" title=\"Read Un taller de treball emocional i empoderament optimitza la formaci\u00f3 acad\u00e8mica i pr\u00e0ctica del primer curs de Vendes\">Llegeix m\u00e9s\u00bb<\/a><\/p>\n","protected":false},"author":7,"featured_media":7363,"comment_status":"closed","ping_status":"closed","sticky":false,"template":"","format":"standard","meta":{"_bbp_topic_count":0,"_bbp_reply_count":0,"_bbp_total_topic_count":0,"_bbp_total_reply_count":0,"_bbp_voice_count":0,"_bbp_anonymous_reply_count":0,"_bbp_topic_count_hidden":0,"_bbp_reply_count_hidden":0,"_bbp_forum_subforum_count":0,"footnotes":""},"categories":[30,1,29],"tags":[627,626,628],"class_list":["post-7359","post","type-post","status-publish","format-standard","has-post-thumbnail","hentry","category-cicles-formatius","category-general","category-portada","tag-autoconeixement","tag-jordi-torres","tag-ruahviva"],"post_mailing_queue_ids":[],"_links":{"self":[{"href":"https:\/\/agora.xtec.cat\/iessantaeugenia\/wp-json\/wp\/v2\/posts\/7359","targetHints":{"allow":["GET"]}}],"collection":[{"href":"https:\/\/agora.xtec.cat\/iessantaeugenia\/wp-json\/wp\/v2\/posts"}],"about":[{"href":"https:\/\/agora.xtec.cat\/iessantaeugenia\/wp-json\/wp\/v2\/types\/post"}],"author":[{"embeddable":true,"href":"https:\/\/agora.xtec.cat\/iessantaeugenia\/wp-json\/wp\/v2\/users\/7"}],"replies":[{"embeddable":true,"href":"https:\/\/agora.xtec.cat\/iessantaeugenia\/wp-json\/wp\/v2\/comments?post=7359"}],"version-history":[{"count":3,"href":"https:\/\/agora.xtec.cat\/iessantaeugenia\/wp-json\/wp\/v2\/posts\/7359\/revisions"}],"predecessor-version":[{"id":7371,"href":"https:\/\/agora.xtec.cat\/iessantaeugenia\/wp-json\/wp\/v2\/posts\/7359\/revisions\/7371"}],"wp:featuredmedia":[{"embeddable":true,"href":"https:\/\/agora.xtec.cat\/iessantaeugenia\/wp-json\/wp\/v2\/media\/7363"}],"wp:attachment":[{"href":"https:\/\/agora.xtec.cat\/iessantaeugenia\/wp-json\/wp\/v2\/media?parent=7359"}],"wp:term":[{"taxonomy":"category","embeddable":true,"href":"https:\/\/agora.xtec.cat\/iessantaeugenia\/wp-json\/wp\/v2\/categories?post=7359"},{"taxonomy":"post_tag","embeddable":true,"href":"https:\/\/agora.xtec.cat\/iessantaeugenia\/wp-json\/wp\/v2\/tags?post=7359"}],"curies":[{"name":"wp","href":"https:\/\/api.w.org\/{rel}","templated":true}]}}