{"id":7038,"date":"2022-11-23T06:00:24","date_gmt":"2022-11-23T05:00:24","guid":{"rendered":"https:\/\/agora.xtec.cat\/iessantaeugenia\/?p=7038"},"modified":"2022-11-15T12:47:06","modified_gmt":"2022-11-15T11:47:06","slug":"7038","status":"publish","type":"post","link":"https:\/\/agora.xtec.cat\/iessantaeugenia\/general\/7038\/","title":{"rendered":"Multicapacitats forma en accessibilitat el segon curs de Publicitat, que ho aplica en una campanya tur\u00edstica inclusiva"},"content":{"rendered":"<p>L&#8217;associaci\u00f3 <a href=\"https:\/\/multicapacitats.com\/\" target=\"_blank\" rel=\"noopener\">Multicapacitats <\/a>ha format en <strong>accessibilitat<\/strong> els i les estudiants del <strong>segon curs<\/strong> del cicle formatiu de grau superior de <strong>M\u00e0rqueting i Publicitat<\/strong>.<\/p>\n<p>L&#8217;alumnat est\u00e0 aplicant aquests <strong>coneixements<\/strong> en una <strong>campanya tur\u00edstica inclusiva<\/strong> a la ciutat de Girona.<\/p>\n<p>En una sessi\u00f3 que ha durat unes tres hores, el president, <strong>Isaac Padr\u00f3s<\/strong>, i la tresorera, <strong>Elena Caro<\/strong>, han explicat la <strong>missi\u00f3<\/strong> i <strong>activitats<\/strong> de l&#8217;associaci\u00f3 i el <strong>dia a dia<\/strong> de les persones amb discapacitat.<\/p>\n<p>A m\u00e9s a m\u00e9s, el grup classe ha visionat un audiovisual de la <strong>volta a Menorca en caiac completada per Padr\u00f3s<\/strong> i participat en una <strong>din\u00e0mica<\/strong> per a posar-se a la pell d&#8217;una persona cega.<\/p>\n<p>Amb gran inter\u00e8s pels alumnes, Multicapacitats ha ensenyat diferents maneres d&#8217;<strong>adaptar els productes i la publicitat per fer-les accessibles a tothom.<\/strong><\/p>\n<p>La setmana anterior,<strong> Isabel Godoy<\/strong>, responsable de <strong>turisme inclusiu del <\/strong><a href=\"https:\/\/ca.costabrava.org\/\" target=\"_blank\" rel=\"noopener\">Patronat de Turisme Costa Brava Girona<\/a>, va donar una xerrada a l&#8217;Institut\u00a0 sobre les <strong>accions<\/strong> que es fan des d&#8217;aquest organisme.<\/p>\n<p><a href=\"https:\/\/agora.xtec.cat\/iessantaeugenia\/wp-content\/uploads\/usu1801\/2022\/11\/11_2022_SORTIDA_SEGON_MIP_MULTICAPACITATS_1080X1080_4-min-1.png\"><img loading=\"lazy\" decoding=\"async\" class=\"alignnone wp-image-7039\" src=\"https:\/\/agora.xtec.cat\/iessantaeugenia\/wp-content\/uploads\/usu1801\/2022\/11\/11_2022_SORTIDA_SEGON_MIP_MULTICAPACITATS_1080X1080_4-min-1-300x300.png\" alt=\"\" width=\"389\" height=\"389\" srcset=\"https:\/\/agora.xtec.cat\/iessantaeugenia\/wp-content\/uploads\/usu1801\/2022\/11\/11_2022_SORTIDA_SEGON_MIP_MULTICAPACITATS_1080X1080_4-min-1-300x300.png 300w, https:\/\/agora.xtec.cat\/iessantaeugenia\/wp-content\/uploads\/usu1801\/2022\/11\/11_2022_SORTIDA_SEGON_MIP_MULTICAPACITATS_1080X1080_4-min-1-1024x1024.png 1024w, https:\/\/agora.xtec.cat\/iessantaeugenia\/wp-content\/uploads\/usu1801\/2022\/11\/11_2022_SORTIDA_SEGON_MIP_MULTICAPACITATS_1080X1080_4-min-1-150x150.png 150w, https:\/\/agora.xtec.cat\/iessantaeugenia\/wp-content\/uploads\/usu1801\/2022\/11\/11_2022_SORTIDA_SEGON_MIP_MULTICAPACITATS_1080X1080_4-min-1-768x768.png 768w, https:\/\/agora.xtec.cat\/iessantaeugenia\/wp-content\/uploads\/usu1801\/2022\/11\/11_2022_SORTIDA_SEGON_MIP_MULTICAPACITATS_1080X1080_4-min-1.png 1080w\" sizes=\"auto, (max-width: 389px) 100vw, 389px\" \/>\u00a0 \u00a0 \u00a0<\/a><a href=\"https:\/\/agora.xtec.cat\/iessantaeugenia\/wp-content\/uploads\/usu1801\/2022\/11\/11_2022_SORTIDA_SEGON_MIP_MULTICAPACITATS_1080X1080_3.png\"><img loading=\"lazy\" decoding=\"async\" class=\"alignnone wp-image-7035\" src=\"https:\/\/agora.xtec.cat\/iessantaeugenia\/wp-content\/uploads\/usu1801\/2022\/11\/11_2022_SORTIDA_SEGON_MIP_MULTICAPACITATS_1080X1080_3-300x300.png\" alt=\"\" width=\"389\" height=\"389\" srcset=\"https:\/\/agora.xtec.cat\/iessantaeugenia\/wp-content\/uploads\/usu1801\/2022\/11\/11_2022_SORTIDA_SEGON_MIP_MULTICAPACITATS_1080X1080_3-300x300.png 300w, https:\/\/agora.xtec.cat\/iessantaeugenia\/wp-content\/uploads\/usu1801\/2022\/11\/11_2022_SORTIDA_SEGON_MIP_MULTICAPACITATS_1080X1080_3-1024x1024.png 1024w, https:\/\/agora.xtec.cat\/iessantaeugenia\/wp-content\/uploads\/usu1801\/2022\/11\/11_2022_SORTIDA_SEGON_MIP_MULTICAPACITATS_1080X1080_3-150x150.png 150w, https:\/\/agora.xtec.cat\/iessantaeugenia\/wp-content\/uploads\/usu1801\/2022\/11\/11_2022_SORTIDA_SEGON_MIP_MULTICAPACITATS_1080X1080_3-768x768.png 768w, https:\/\/agora.xtec.cat\/iessantaeugenia\/wp-content\/uploads\/usu1801\/2022\/11\/11_2022_SORTIDA_SEGON_MIP_MULTICAPACITATS_1080X1080_3.png 1080w\" sizes=\"auto, (max-width: 389px) 100vw, 389px\" \/><\/a><\/p>\n<p><a href=\"https:\/\/agora.xtec.cat\/iessantaeugenia\/wp-content\/uploads\/usu1801\/2022\/11\/11_2022_SORTIDA_SEGON_MIP_MULTICAPACITATS_1080X1080_1.png\"><img loading=\"lazy\" decoding=\"async\" class=\"alignnone wp-image-7034\" src=\"https:\/\/agora.xtec.cat\/iessantaeugenia\/wp-content\/uploads\/usu1801\/2022\/11\/11_2022_SORTIDA_SEGON_MIP_MULTICAPACITATS_1080X1080_1-300x300.png\" alt=\"\" width=\"387\" height=\"387\" srcset=\"https:\/\/agora.xtec.cat\/iessantaeugenia\/wp-content\/uploads\/usu1801\/2022\/11\/11_2022_SORTIDA_SEGON_MIP_MULTICAPACITATS_1080X1080_1-300x300.png 300w, https:\/\/agora.xtec.cat\/iessantaeugenia\/wp-content\/uploads\/usu1801\/2022\/11\/11_2022_SORTIDA_SEGON_MIP_MULTICAPACITATS_1080X1080_1-1024x1024.png 1024w, https:\/\/agora.xtec.cat\/iessantaeugenia\/wp-content\/uploads\/usu1801\/2022\/11\/11_2022_SORTIDA_SEGON_MIP_MULTICAPACITATS_1080X1080_1-150x150.png 150w, https:\/\/agora.xtec.cat\/iessantaeugenia\/wp-content\/uploads\/usu1801\/2022\/11\/11_2022_SORTIDA_SEGON_MIP_MULTICAPACITATS_1080X1080_1-768x768.png 768w, https:\/\/agora.xtec.cat\/iessantaeugenia\/wp-content\/uploads\/usu1801\/2022\/11\/11_2022_SORTIDA_SEGON_MIP_MULTICAPACITATS_1080X1080_1.png 1080w\" sizes=\"auto, (max-width: 387px) 100vw, 387px\" \/> \u00a0\u00a0\u00a0 <\/a><a href=\"https:\/\/agora.xtec.cat\/iessantaeugenia\/wp-content\/uploads\/usu1801\/2022\/11\/11_2022_SORTIDA_SEGON_MIP_MULTICAPACITATS_1080X1080_2-min.png\"><img loading=\"lazy\" decoding=\"async\" class=\"alignnone wp-image-7037\" src=\"https:\/\/agora.xtec.cat\/iessantaeugenia\/wp-content\/uploads\/usu1801\/2022\/11\/11_2022_SORTIDA_SEGON_MIP_MULTICAPACITATS_1080X1080_2-min-300x300.png\" alt=\"\" width=\"386\" height=\"386\" srcset=\"https:\/\/agora.xtec.cat\/iessantaeugenia\/wp-content\/uploads\/usu1801\/2022\/11\/11_2022_SORTIDA_SEGON_MIP_MULTICAPACITATS_1080X1080_2-min-300x300.png 300w, https:\/\/agora.xtec.cat\/iessantaeugenia\/wp-content\/uploads\/usu1801\/2022\/11\/11_2022_SORTIDA_SEGON_MIP_MULTICAPACITATS_1080X1080_2-min-1024x1024.png 1024w, https:\/\/agora.xtec.cat\/iessantaeugenia\/wp-content\/uploads\/usu1801\/2022\/11\/11_2022_SORTIDA_SEGON_MIP_MULTICAPACITATS_1080X1080_2-min-150x150.png 150w, https:\/\/agora.xtec.cat\/iessantaeugenia\/wp-content\/uploads\/usu1801\/2022\/11\/11_2022_SORTIDA_SEGON_MIP_MULTICAPACITATS_1080X1080_2-min-768x768.png 768w, https:\/\/agora.xtec.cat\/iessantaeugenia\/wp-content\/uploads\/usu1801\/2022\/11\/11_2022_SORTIDA_SEGON_MIP_MULTICAPACITATS_1080X1080_2-min.png 1080w\" sizes=\"auto, (max-width: 386px) 100vw, 386px\" \/><\/a><\/p>\n","protected":false},"excerpt":{"rendered":"<p>L&#8217;associaci\u00f3 <a href=\"https:\/\/multicapacitats.com\/\" target=\"_blank\" rel=\"noopener\">Multicapacitats <\/a>ha format en accessibilitat els i les estudiants del segon curs del cicle formatiu de grau superior de M\u00e0rqueting i Publicitat.<br \/>\nL&#8217;alumnat est\u00e0 aplicant aquests coneixements en una campanya tur\u00edstica inclusiva a la ciutat de Girona.<br \/>\nEn una sessi\u00f3 que ha durat&hellip;  <a href=\"https:\/\/agora.xtec.cat\/iessantaeugenia\/general\/7038\/\" title=\"Read Multicapacitats forma en accessibilitat el segon curs de Publicitat, que ho aplica en una campanya tur\u00edstica inclusiva\">Llegeix m\u00e9s\u00bb<\/a><\/p>\n","protected":false},"author":7,"featured_media":7040,"comment_status":"closed","ping_status":"closed","sticky":false,"template":"","format":"standard","meta":{"_bbp_topic_count":0,"_bbp_reply_count":0,"_bbp_total_topic_count":0,"_bbp_total_reply_count":0,"_bbp_voice_count":0,"_bbp_anonymous_reply_count":0,"_bbp_topic_count_hidden":0,"_bbp_reply_count_hidden":0,"_bbp_forum_subforum_count":0,"footnotes":""},"categories":[30,1,29],"tags":[570,204,571,418,417],"class_list":["post-7038","post","type-post","status-publish","format-standard","has-post-thumbnail","hentry","category-cicles-formatius","category-general","category-portada","tag-accessibilitat","tag-dinamica-de-grups","tag-inclusiu","tag-multicapacitats","tag-patronat-de-turisme-costa-brava-girona"],"post_mailing_queue_ids":[],"_links":{"self":[{"href":"https:\/\/agora.xtec.cat\/iessantaeugenia\/wp-json\/wp\/v2\/posts\/7038","targetHints":{"allow":["GET"]}}],"collection":[{"href":"https:\/\/agora.xtec.cat\/iessantaeugenia\/wp-json\/wp\/v2\/posts"}],"about":[{"href":"https:\/\/agora.xtec.cat\/iessantaeugenia\/wp-json\/wp\/v2\/types\/post"}],"author":[{"embeddable":true,"href":"https:\/\/agora.xtec.cat\/iessantaeugenia\/wp-json\/wp\/v2\/users\/7"}],"replies":[{"embeddable":true,"href":"https:\/\/agora.xtec.cat\/iessantaeugenia\/wp-json\/wp\/v2\/comments?post=7038"}],"version-history":[{"count":3,"href":"https:\/\/agora.xtec.cat\/iessantaeugenia\/wp-json\/wp\/v2\/posts\/7038\/revisions"}],"predecessor-version":[{"id":7051,"href":"https:\/\/agora.xtec.cat\/iessantaeugenia\/wp-json\/wp\/v2\/posts\/7038\/revisions\/7051"}],"wp:featuredmedia":[{"embeddable":true,"href":"https:\/\/agora.xtec.cat\/iessantaeugenia\/wp-json\/wp\/v2\/media\/7040"}],"wp:attachment":[{"href":"https:\/\/agora.xtec.cat\/iessantaeugenia\/wp-json\/wp\/v2\/media?parent=7038"}],"wp:term":[{"taxonomy":"category","embeddable":true,"href":"https:\/\/agora.xtec.cat\/iessantaeugenia\/wp-json\/wp\/v2\/categories?post=7038"},{"taxonomy":"post_tag","embeddable":true,"href":"https:\/\/agora.xtec.cat\/iessantaeugenia\/wp-json\/wp\/v2\/tags?post=7038"}],"curies":[{"name":"wp","href":"https:\/\/api.w.org\/{rel}","templated":true}]}}