{"id":6806,"date":"2022-10-26T06:00:38","date_gmt":"2022-10-26T04:00:38","guid":{"rendered":"https:\/\/agora.xtec.cat\/iessantaeugenia\/?p=6806"},"modified":"2022-10-26T07:28:37","modified_gmt":"2022-10-26T05:28:37","slug":"6806","status":"publish","type":"post","link":"https:\/\/agora.xtec.cat\/iessantaeugenia\/general\/6806\/","title":{"rendered":"El primer de Vendes porta a terme una investigaci\u00f3 per a con\u00e8ixer els factors de compra a les fleques i les pastisseries gironines"},"content":{"rendered":"<p>L&#8217;alumnat de primer curs del <strong>cicle superior de Gesti\u00f3 de Vendes i Espais Comercials<\/strong> ha fet un treball de camp en fleques i pastisseries de Girona aplicant les t\u00e8cniques de <em><strong>Mistery Shopping<\/strong><\/em>, <strong>reunions de grup<\/strong> i <strong>entrevistes en profunditat<\/strong> per saber les <strong>motivacions<\/strong> dels consumidors\/es i dels professionals del sector.<\/p>\n<p>Un <em>Mistery Shopping<\/em> \u00e9s\u00a0una <strong>metodologia en la investigaci\u00f3 de mercat qualitativa<\/strong> que s&#8217;utilitza per con\u00e8ixer el nivell de satisfacci\u00f3 del servei d&#8217;atenci\u00f3 fent-se passar per un client m\u00e9s.<\/p>\n<p>Tamb\u00e9 han aplicat altres t\u00e8cniques com les <strong>projectives<\/strong> per obtenir m\u00e9s informaci\u00f3 del <strong>p\u00fablic objectiu<\/strong>.<\/p>\n<p>Aquesta activitat forma part del projecte que estan realitzant per enc\u00e0rrec del <a href=\"https:\/\/www.flequersartesans.com\/\" target=\"_blank\" rel=\"noopener\">Gremi de Flequers de les Comarques Gironines<\/a> i del <a href=\"https:\/\/www.pastissersgirona.com\/\" target=\"_blank\" rel=\"noopener\">Gremi de Pastissers de la Prov\u00edncia de Girona<\/a>.<\/p>\n<p>Aviat, tamb\u00e9 es realitzaran enquestes per <strong>ponderar els resultats de la fase qualitativa<\/strong>.<\/p>\n<p>Posteriorment, caldr\u00e0 <strong>analitzar<\/strong> les valoracions de les visites i les enquestes, i elaborar un <strong>informe<\/strong> de resultats de la investigaci\u00f3 comercial i un <strong>pla de qualitat<\/strong>.<\/p>\n<p><a href=\"https:\/\/agora.xtec.cat\/iessantaeugenia\/wp-content\/uploads\/usu1801\/2022\/10\/10_2022_INVESTIGACIO_COMERCIAL_PRIMER_VENDES_1080X1080_2.png\"><img loading=\"lazy\" decoding=\"async\" class=\"alignnone wp-image-6819\" src=\"https:\/\/agora.xtec.cat\/iessantaeugenia\/wp-content\/uploads\/usu1801\/2022\/10\/10_2022_INVESTIGACIO_COMERCIAL_PRIMER_VENDES_1080X1080_2-300x300.png\" alt=\"\" width=\"306\" height=\"306\" srcset=\"https:\/\/agora.xtec.cat\/iessantaeugenia\/wp-content\/uploads\/usu1801\/2022\/10\/10_2022_INVESTIGACIO_COMERCIAL_PRIMER_VENDES_1080X1080_2-300x300.png 300w, https:\/\/agora.xtec.cat\/iessantaeugenia\/wp-content\/uploads\/usu1801\/2022\/10\/10_2022_INVESTIGACIO_COMERCIAL_PRIMER_VENDES_1080X1080_2-1024x1024.png 1024w, https:\/\/agora.xtec.cat\/iessantaeugenia\/wp-content\/uploads\/usu1801\/2022\/10\/10_2022_INVESTIGACIO_COMERCIAL_PRIMER_VENDES_1080X1080_2-150x150.png 150w, https:\/\/agora.xtec.cat\/iessantaeugenia\/wp-content\/uploads\/usu1801\/2022\/10\/10_2022_INVESTIGACIO_COMERCIAL_PRIMER_VENDES_1080X1080_2-768x768.png 768w, https:\/\/agora.xtec.cat\/iessantaeugenia\/wp-content\/uploads\/usu1801\/2022\/10\/10_2022_INVESTIGACIO_COMERCIAL_PRIMER_VENDES_1080X1080_2.png 1080w\" sizes=\"auto, (max-width: 306px) 100vw, 306px\" \/>\u00a0 \u00a0<\/a><a href=\"https:\/\/agora.xtec.cat\/iessantaeugenia\/wp-content\/uploads\/usu1801\/2022\/10\/10_2022_INVESTIGACIO_COMERCIAL_PRIMER_VENDES_1080X1080_1.png\"><img loading=\"lazy\" decoding=\"async\" class=\"alignnone wp-image-6818\" src=\"https:\/\/agora.xtec.cat\/iessantaeugenia\/wp-content\/uploads\/usu1801\/2022\/10\/10_2022_INVESTIGACIO_COMERCIAL_PRIMER_VENDES_1080X1080_1-300x300.png\" alt=\"\" width=\"307\" height=\"307\" srcset=\"https:\/\/agora.xtec.cat\/iessantaeugenia\/wp-content\/uploads\/usu1801\/2022\/10\/10_2022_INVESTIGACIO_COMERCIAL_PRIMER_VENDES_1080X1080_1-300x300.png 300w, https:\/\/agora.xtec.cat\/iessantaeugenia\/wp-content\/uploads\/usu1801\/2022\/10\/10_2022_INVESTIGACIO_COMERCIAL_PRIMER_VENDES_1080X1080_1-1024x1024.png 1024w, https:\/\/agora.xtec.cat\/iessantaeugenia\/wp-content\/uploads\/usu1801\/2022\/10\/10_2022_INVESTIGACIO_COMERCIAL_PRIMER_VENDES_1080X1080_1-150x150.png 150w, https:\/\/agora.xtec.cat\/iessantaeugenia\/wp-content\/uploads\/usu1801\/2022\/10\/10_2022_INVESTIGACIO_COMERCIAL_PRIMER_VENDES_1080X1080_1-768x768.png 768w, https:\/\/agora.xtec.cat\/iessantaeugenia\/wp-content\/uploads\/usu1801\/2022\/10\/10_2022_INVESTIGACIO_COMERCIAL_PRIMER_VENDES_1080X1080_1.png 1080w\" sizes=\"auto, (max-width: 307px) 100vw, 307px\" \/><\/a><\/p>\n<p><a href=\"https:\/\/agora.xtec.cat\/iessantaeugenia\/wp-content\/uploads\/usu1801\/2022\/10\/10_2022_INVESTIGACIO_COMERCIAL_PRIMER_VENDES_2501X1407_1-min.png\"><img loading=\"lazy\" decoding=\"async\" class=\"alignnone wp-image-6820\" src=\"https:\/\/agora.xtec.cat\/iessantaeugenia\/wp-content\/uploads\/usu1801\/2022\/10\/10_2022_INVESTIGACIO_COMERCIAL_PRIMER_VENDES_2501X1407_1-min-300x169.png\" alt=\"\" width=\"624\" height=\"352\" srcset=\"https:\/\/agora.xtec.cat\/iessantaeugenia\/wp-content\/uploads\/usu1801\/2022\/10\/10_2022_INVESTIGACIO_COMERCIAL_PRIMER_VENDES_2501X1407_1-min-300x169.png 300w, https:\/\/agora.xtec.cat\/iessantaeugenia\/wp-content\/uploads\/usu1801\/2022\/10\/10_2022_INVESTIGACIO_COMERCIAL_PRIMER_VENDES_2501X1407_1-min-1024x576.png 1024w, https:\/\/agora.xtec.cat\/iessantaeugenia\/wp-content\/uploads\/usu1801\/2022\/10\/10_2022_INVESTIGACIO_COMERCIAL_PRIMER_VENDES_2501X1407_1-min-768x432.png 768w, https:\/\/agora.xtec.cat\/iessantaeugenia\/wp-content\/uploads\/usu1801\/2022\/10\/10_2022_INVESTIGACIO_COMERCIAL_PRIMER_VENDES_2501X1407_1-min-1536x864.png 1536w, https:\/\/agora.xtec.cat\/iessantaeugenia\/wp-content\/uploads\/usu1801\/2022\/10\/10_2022_INVESTIGACIO_COMERCIAL_PRIMER_VENDES_2501X1407_1-min-2048x1152.png 2048w\" sizes=\"auto, (max-width: 624px) 100vw, 624px\" \/><\/a><\/p>\n","protected":false},"excerpt":{"rendered":"<p>L&#8217;alumnat de primer curs del cicle superior de Gesti\u00f3 de Vendes i Espais Comercials ha fet un treball de camp en fleques i pastisseries de Girona aplicant les t\u00e8cniques de Mistery Shopping, reunions de grup i entrevistes en profunditat per saber les motivacions dels consumidors\/es&hellip;  <a href=\"https:\/\/agora.xtec.cat\/iessantaeugenia\/general\/6806\/\" title=\"Read El primer de Vendes porta a terme una investigaci\u00f3 per a con\u00e8ixer els factors de compra a les fleques i les pastisseries gironines\">Llegeix m\u00e9s\u00bb<\/a><\/p>\n","protected":false},"author":7,"featured_media":6820,"comment_status":"closed","ping_status":"closed","sticky":false,"template":"","format":"standard","meta":{"_bbp_topic_count":0,"_bbp_reply_count":0,"_bbp_total_topic_count":0,"_bbp_total_reply_count":0,"_bbp_voice_count":0,"_bbp_anonymous_reply_count":0,"_bbp_topic_count_hidden":0,"_bbp_reply_count_hidden":0,"_bbp_forum_subforum_count":0,"footnotes":""},"categories":[30,1,29],"tags":[539,540,547],"class_list":["post-6806","post","type-post","status-publish","format-standard","has-post-thumbnail","hentry","category-cicles-formatius","category-general","category-portada","tag-flequers-artesans","tag-gremi-de-pastissers-de-la-provincia-de-girona","tag-mistery-shopping"],"post_mailing_queue_ids":[],"_links":{"self":[{"href":"https:\/\/agora.xtec.cat\/iessantaeugenia\/wp-json\/wp\/v2\/posts\/6806","targetHints":{"allow":["GET"]}}],"collection":[{"href":"https:\/\/agora.xtec.cat\/iessantaeugenia\/wp-json\/wp\/v2\/posts"}],"about":[{"href":"https:\/\/agora.xtec.cat\/iessantaeugenia\/wp-json\/wp\/v2\/types\/post"}],"author":[{"embeddable":true,"href":"https:\/\/agora.xtec.cat\/iessantaeugenia\/wp-json\/wp\/v2\/users\/7"}],"replies":[{"embeddable":true,"href":"https:\/\/agora.xtec.cat\/iessantaeugenia\/wp-json\/wp\/v2\/comments?post=6806"}],"version-history":[{"count":4,"href":"https:\/\/agora.xtec.cat\/iessantaeugenia\/wp-json\/wp\/v2\/posts\/6806\/revisions"}],"predecessor-version":[{"id":6857,"href":"https:\/\/agora.xtec.cat\/iessantaeugenia\/wp-json\/wp\/v2\/posts\/6806\/revisions\/6857"}],"wp:featuredmedia":[{"embeddable":true,"href":"https:\/\/agora.xtec.cat\/iessantaeugenia\/wp-json\/wp\/v2\/media\/6820"}],"wp:attachment":[{"href":"https:\/\/agora.xtec.cat\/iessantaeugenia\/wp-json\/wp\/v2\/media?parent=6806"}],"wp:term":[{"taxonomy":"category","embeddable":true,"href":"https:\/\/agora.xtec.cat\/iessantaeugenia\/wp-json\/wp\/v2\/categories?post=6806"},{"taxonomy":"post_tag","embeddable":true,"href":"https:\/\/agora.xtec.cat\/iessantaeugenia\/wp-json\/wp\/v2\/tags?post=6806"}],"curies":[{"name":"wp","href":"https:\/\/api.w.org\/{rel}","templated":true}]}}