{"id":6780,"date":"2022-10-19T06:00:08","date_gmt":"2022-10-19T04:00:08","guid":{"rendered":"https:\/\/agora.xtec.cat\/iessantaeugenia\/?p=6780"},"modified":"2022-10-19T07:33:10","modified_gmt":"2022-10-19T05:33:10","slug":"la-generalitat-premia-un-projecte-del-departament-de-catala-que-promociona-la-figura-de-gabriel-ferrater-entre-els-joves","status":"publish","type":"post","link":"https:\/\/agora.xtec.cat\/iessantaeugenia\/general\/la-generalitat-premia-un-projecte-del-departament-de-catala-que-promociona-la-figura-de-gabriel-ferrater-entre-els-joves\/","title":{"rendered":"La Generalitat reconeix un projecte del departament de Catal\u00e0 que promociona la figura de Gabriel Ferrater entre els joves"},"content":{"rendered":"<p>El <strong>departament d&#8217;Educaci\u00f3 de la Generalitat de Catalunya<\/strong> ha reconegut un projecte del departament de Catal\u00e0 que promociona la figura de <strong>Gabriel Ferrater Soler<\/strong> (Reus, 1922-Sant Cugat del Vall\u00e8s, 2022) entre els <strong>joves<\/strong>.<\/p>\n<p>El projecte, ideat i coordinat per l<strong>a professora de Llengua i Literatura Catalana Dolors Vilamitjana<\/strong>, i dut a terme pels seus alumnes de <strong>primer i segon de Batxillerat<\/strong>, ha consistit a <strong>traduir<\/strong> una poesia de l&#8217;autor, <em><strong>Dues amigues<\/strong><\/em>, a alguna de les vint-i-dues lleng\u00fces, com ara urd\u00fa, berber, \u00e0rab, itali\u00e0, portugu\u00e8s, franc\u00e8s, angl\u00e8s, roman\u00e8s, noruec o castell\u00e0&#8230;, que es parlen en el centre.<\/p>\n<p>El centre ha estat convidat a la<strong><a href=\"https:\/\/cultura.gencat.cat\/ca\/temes\/commemoracions\/2022\/anygabrielferrater\/detalls\/activitat\/2022-10-13-jornada-pedagogica\" target=\"_blank\" rel=\"noopener\"> Jornada Pedag\u00f2gica sobre Gabriel Ferrater<\/a>, <\/strong>celebrada en el<strong> Monestir de Sant Cugat del Vall\u00e8s amb motiu de l&#8217;any commemoratiu<\/strong>, per tal d\u2019explicar com es va materialitzar l\u2019<strong>activitat<\/strong> i visualitzar un <a href=\"https:\/\/www.youtube.com\/watch?v=hwgkqURCTDw\" target=\"_blank\" rel=\"noopener\"><strong>V\u00cdDEO<\/strong> <\/a>protagonitzat per l&#8217;<strong>alumnat<\/strong>.<\/p>\n<p>Dolors <strong>Vilamitjana<\/strong> ha declarat que el projecte ha estat &#8220;<em><strong>una gran aventura, motivadora i engrescadora<\/strong>, que ha fet treure el millor dels nois i les noies&#8221;<\/em>.<em> &#8220;S\u2019ha treballat de forma <strong>col\u00b7laborativa<\/strong> i s\u2019ha pogut invertir la classe, de manera que han estat els alumnes els que han plantejat la <strong>resposta<\/strong> i el <strong>cam\u00ed a seguir<\/strong>&#8220;<\/em>, ha afegit tot seguit.<\/p>\n<p>Aquest projecte, ha continuat la professora, <em>&#8220;ens ha perm\u00e8s passar per ll<strong>eng\u00fces diferents perqu\u00e8 ressonin totes<\/strong>, com en un concert&#8221;<\/em>.<\/p>\n<p>En aquest sentit, ha detallat que <em>&#8220;en el m\u00f3n, s&#8217;hi parlen <strong>diferents lleng\u00fces<\/strong>; i, al centre del m\u00f3n, hi ha, sempre, la <strong>poesia<\/strong>&#8220;<\/em>.<\/p>\n<p>+ INFO<a href=\"https:\/\/www.elpuntavui.cat\/societat\/article\/2205436-l-institut-santa-eugenia-rep-un-reconeixement-per-un-projecte-lingueistic.html\" target=\"_blank\" rel=\"noopener\"> <strong>L\u2019institut Santa Eug\u00e8nia rep un reconeixement per un projecte ling\u00fc\u00edstic <\/strong><\/a>(<em><strong>El Punt<\/strong><\/em>)<\/p>\n<p><a href=\"https:\/\/agora.xtec.cat\/iessantaeugenia\/general\/linstitut-celebra-avui-sant-jordi-amb-entrega-de-premis-i-lectura-dun-poema-de-ferrater-traduit-a-diverses-llengues\/\" target=\"_blank\" rel=\"noopener\"><strong>L\u2019Institut celebra avui Sant Jordi, amb entrega de premis i lectura d\u2019un poema de Gabriel Ferrater tradu\u00eft a diverses lleng\u00fces<\/strong><\/a><\/p>\n<p><a href=\"https:\/\/agora.xtec.cat\/iessantaeugenia\/wp-content\/uploads\/usu1801\/2022\/10\/10_2022_PREMI_PROJECTE_FERRATER_1080X1080_1.png\"><img loading=\"lazy\" decoding=\"async\" class=\"alignnone wp-image-6781\" src=\"https:\/\/agora.xtec.cat\/iessantaeugenia\/wp-content\/uploads\/usu1801\/2022\/10\/10_2022_PREMI_PROJECTE_FERRATER_1080X1080_1-300x300.png\" alt=\"\" width=\"363\" height=\"363\" srcset=\"https:\/\/agora.xtec.cat\/iessantaeugenia\/wp-content\/uploads\/usu1801\/2022\/10\/10_2022_PREMI_PROJECTE_FERRATER_1080X1080_1-300x300.png 300w, https:\/\/agora.xtec.cat\/iessantaeugenia\/wp-content\/uploads\/usu1801\/2022\/10\/10_2022_PREMI_PROJECTE_FERRATER_1080X1080_1-1024x1024.png 1024w, https:\/\/agora.xtec.cat\/iessantaeugenia\/wp-content\/uploads\/usu1801\/2022\/10\/10_2022_PREMI_PROJECTE_FERRATER_1080X1080_1-150x150.png 150w, https:\/\/agora.xtec.cat\/iessantaeugenia\/wp-content\/uploads\/usu1801\/2022\/10\/10_2022_PREMI_PROJECTE_FERRATER_1080X1080_1-768x768.png 768w, https:\/\/agora.xtec.cat\/iessantaeugenia\/wp-content\/uploads\/usu1801\/2022\/10\/10_2022_PREMI_PROJECTE_FERRATER_1080X1080_1.png 1080w\" sizes=\"auto, (max-width: 363px) 100vw, 363px\" \/><\/a><\/p>\n","protected":false},"excerpt":{"rendered":"<p>El departament d&#8217;Educaci\u00f3 de la Generalitat de Catalunya ha reconegut un projecte del departament de Catal\u00e0 que promociona la figura de Gabriel Ferrater Soler (Reus, 1922-Sant Cugat del Vall\u00e8s, 2022) entre els joves.<br \/>\nEl projecte, ideat i coordinat per la professora de Llengua i Literatura Catalana&hellip;  <a href=\"https:\/\/agora.xtec.cat\/iessantaeugenia\/general\/la-generalitat-premia-un-projecte-del-departament-de-catala-que-promociona-la-figura-de-gabriel-ferrater-entre-els-joves\/\" title=\"Read La Generalitat reconeix un projecte del departament de Catal\u00e0 que promociona la figura de Gabriel Ferrater entre els joves\">Llegeix m\u00e9s\u00bb<\/a><\/p>\n","protected":false},"author":7,"featured_media":6782,"comment_status":"closed","ping_status":"closed","sticky":false,"template":"","format":"standard","meta":{"_bbp_topic_count":0,"_bbp_reply_count":0,"_bbp_total_topic_count":0,"_bbp_total_reply_count":0,"_bbp_voice_count":0,"_bbp_anonymous_reply_count":0,"_bbp_topic_count_hidden":0,"_bbp_reply_count_hidden":0,"_bbp_forum_subforum_count":0,"footnotes":""},"categories":[8,117,1,29],"tags":[545,305,546,165],"class_list":["post-6780","post","type-post","status-publish","format-standard","has-post-thumbnail","hentry","category-batxillerat","category-batx-humanitats-i-ciencies","category-general","category-portada","tag-any-gabriel-ferrater","tag-departament-deducacio","tag-departament-de-catala","tag-generalitat-de-catalunya"],"post_mailing_queue_ids":[],"_links":{"self":[{"href":"https:\/\/agora.xtec.cat\/iessantaeugenia\/wp-json\/wp\/v2\/posts\/6780","targetHints":{"allow":["GET"]}}],"collection":[{"href":"https:\/\/agora.xtec.cat\/iessantaeugenia\/wp-json\/wp\/v2\/posts"}],"about":[{"href":"https:\/\/agora.xtec.cat\/iessantaeugenia\/wp-json\/wp\/v2\/types\/post"}],"author":[{"embeddable":true,"href":"https:\/\/agora.xtec.cat\/iessantaeugenia\/wp-json\/wp\/v2\/users\/7"}],"replies":[{"embeddable":true,"href":"https:\/\/agora.xtec.cat\/iessantaeugenia\/wp-json\/wp\/v2\/comments?post=6780"}],"version-history":[{"count":4,"href":"https:\/\/agora.xtec.cat\/iessantaeugenia\/wp-json\/wp\/v2\/posts\/6780\/revisions"}],"predecessor-version":[{"id":6805,"href":"https:\/\/agora.xtec.cat\/iessantaeugenia\/wp-json\/wp\/v2\/posts\/6780\/revisions\/6805"}],"wp:featuredmedia":[{"embeddable":true,"href":"https:\/\/agora.xtec.cat\/iessantaeugenia\/wp-json\/wp\/v2\/media\/6782"}],"wp:attachment":[{"href":"https:\/\/agora.xtec.cat\/iessantaeugenia\/wp-json\/wp\/v2\/media?parent=6780"}],"wp:term":[{"taxonomy":"category","embeddable":true,"href":"https:\/\/agora.xtec.cat\/iessantaeugenia\/wp-json\/wp\/v2\/categories?post=6780"},{"taxonomy":"post_tag","embeddable":true,"href":"https:\/\/agora.xtec.cat\/iessantaeugenia\/wp-json\/wp\/v2\/tags?post=6780"}],"curies":[{"name":"wp","href":"https:\/\/api.w.org\/{rel}","templated":true}]}}