{"id":6760,"date":"2022-10-18T06:00:27","date_gmt":"2022-10-18T04:00:27","guid":{"rendered":"https:\/\/agora.xtec.cat\/iessantaeugenia\/?p=6760"},"modified":"2022-11-02T13:40:48","modified_gmt":"2022-11-02T12:40:48","slug":"6760","status":"publish","type":"post","link":"https:\/\/agora.xtec.cat\/iessantaeugenia\/general\/6760\/","title":{"rendered":"L&#8217;Institut Ramon Barbat de Vila-seca visita Comer\u00e7 i M\u00e0rqueting per formar-se en l&#8217;aprenentatge per projectes"},"content":{"rendered":"<div>\n<p>L&#8217;<strong><a href=\"https:\/\/agora.xtec.cat\/ies-ramonbarbat-vilaseca\/\" target=\"_blank\" rel=\"noopener\">Institut Ramon Barbat i Miracle de Vila-seca<\/a><\/strong>\u00a0ha visitat l&#8217;Institut Santa Eug\u00e8nia per formar-se en l&#8217;<strong>Aprenentatge Basat en Projectes (ABP).<\/strong><\/p>\n<p>El <strong>departament de Comer\u00e7<\/strong> del centre tarragon\u00ed s&#8217;ha reunit amb els <strong>hom\u00f2nims gironins<\/strong> a fi de prendre nota de l&#8217;<strong>organitzaci\u00f3 i gesti\u00f3<\/strong>\u00a0i observar com el<strong> treball a l&#8217;aula<\/strong> es desenvolupa.<\/p>\n<p>En concret,<strong> Josep Carles Reverte<\/strong>, cap del programa <strong>InnovaFP i docent<\/strong>, ha intercanviat <strong>impressions<\/strong> i ha pres nota de les caracter\u00edstiques de la <strong>metodologia<\/strong>.<\/p>\n<p>El professor tarragon\u00ed tamb\u00e9 ha volgut con\u00e8ixer l&#8217;<strong>experi\u00e8ncia dels estudiants<\/strong>.<\/p>\n<p>Actualment, la <strong>metodologia ABP<\/strong> s&#8217;aplica en el primer i segon curs del cicle de grau superior en <strong>Gesti\u00f3 de Vendes i Espais Comercials<\/strong>, i el segon de<strong> M\u00e0rqueting i Publicitat<\/strong>.<\/p>\n<\/div>\n<div><\/div>\n<div><a href=\"https:\/\/agora.xtec.cat\/iessantaeugenia\/wp-content\/uploads\/usu1801\/2022\/10\/10_2022_VISITA_FP_INNOVA_COMERC_MARQUETING_1080X1080_2.png\"><img loading=\"lazy\" decoding=\"async\" class=\"alignnone wp-image-6765\" src=\"https:\/\/agora.xtec.cat\/iessantaeugenia\/wp-content\/uploads\/usu1801\/2022\/10\/10_2022_VISITA_FP_INNOVA_COMERC_MARQUETING_1080X1080_2-300x300.png\" alt=\"\" width=\"351\" height=\"351\" srcset=\"https:\/\/agora.xtec.cat\/iessantaeugenia\/wp-content\/uploads\/usu1801\/2022\/10\/10_2022_VISITA_FP_INNOVA_COMERC_MARQUETING_1080X1080_2-300x300.png 300w, https:\/\/agora.xtec.cat\/iessantaeugenia\/wp-content\/uploads\/usu1801\/2022\/10\/10_2022_VISITA_FP_INNOVA_COMERC_MARQUETING_1080X1080_2-1024x1024.png 1024w, https:\/\/agora.xtec.cat\/iessantaeugenia\/wp-content\/uploads\/usu1801\/2022\/10\/10_2022_VISITA_FP_INNOVA_COMERC_MARQUETING_1080X1080_2-150x150.png 150w, https:\/\/agora.xtec.cat\/iessantaeugenia\/wp-content\/uploads\/usu1801\/2022\/10\/10_2022_VISITA_FP_INNOVA_COMERC_MARQUETING_1080X1080_2-768x768.png 768w, https:\/\/agora.xtec.cat\/iessantaeugenia\/wp-content\/uploads\/usu1801\/2022\/10\/10_2022_VISITA_FP_INNOVA_COMERC_MARQUETING_1080X1080_2.png 1080w\" sizes=\"auto, (max-width: 351px) 100vw, 351px\" \/><\/a><\/div>\n<div><span style=\"color: #ffffff;\">.<\/span><\/div>\n<div><a href=\"https:\/\/agora.xtec.cat\/iessantaeugenia\/wp-content\/uploads\/usu1801\/2022\/10\/10_2022_VISITA_FP_INNOVA_COMERC_MARQUETING_1080X1080_1.png\"><img loading=\"lazy\" decoding=\"async\" class=\"alignnone wp-image-6764\" src=\"https:\/\/agora.xtec.cat\/iessantaeugenia\/wp-content\/uploads\/usu1801\/2022\/10\/10_2022_VISITA_FP_INNOVA_COMERC_MARQUETING_1080X1080_1-300x300.png\" alt=\"\" width=\"350\" height=\"350\" srcset=\"https:\/\/agora.xtec.cat\/iessantaeugenia\/wp-content\/uploads\/usu1801\/2022\/10\/10_2022_VISITA_FP_INNOVA_COMERC_MARQUETING_1080X1080_1-300x300.png 300w, https:\/\/agora.xtec.cat\/iessantaeugenia\/wp-content\/uploads\/usu1801\/2022\/10\/10_2022_VISITA_FP_INNOVA_COMERC_MARQUETING_1080X1080_1-1024x1024.png 1024w, https:\/\/agora.xtec.cat\/iessantaeugenia\/wp-content\/uploads\/usu1801\/2022\/10\/10_2022_VISITA_FP_INNOVA_COMERC_MARQUETING_1080X1080_1-150x150.png 150w, https:\/\/agora.xtec.cat\/iessantaeugenia\/wp-content\/uploads\/usu1801\/2022\/10\/10_2022_VISITA_FP_INNOVA_COMERC_MARQUETING_1080X1080_1-768x768.png 768w, https:\/\/agora.xtec.cat\/iessantaeugenia\/wp-content\/uploads\/usu1801\/2022\/10\/10_2022_VISITA_FP_INNOVA_COMERC_MARQUETING_1080X1080_1.png 1080w\" sizes=\"auto, (max-width: 350px) 100vw, 350px\" \/><\/a><\/div>\n<div><\/div>\n<div><span style=\"color: #ffffff;\">.<\/span><\/div>\n<div><a href=\"https:\/\/agora.xtec.cat\/iessantaeugenia\/wp-content\/uploads\/usu1801\/2022\/10\/10_2022_VISITA_FP_INNOVA_COMERC_MARQUETING_1080X1080_3.png\"><img loading=\"lazy\" decoding=\"async\" class=\"alignnone wp-image-6766\" src=\"https:\/\/agora.xtec.cat\/iessantaeugenia\/wp-content\/uploads\/usu1801\/2022\/10\/10_2022_VISITA_FP_INNOVA_COMERC_MARQUETING_1080X1080_3-300x300.png\" alt=\"\" width=\"350\" height=\"350\" srcset=\"https:\/\/agora.xtec.cat\/iessantaeugenia\/wp-content\/uploads\/usu1801\/2022\/10\/10_2022_VISITA_FP_INNOVA_COMERC_MARQUETING_1080X1080_3-300x300.png 300w, https:\/\/agora.xtec.cat\/iessantaeugenia\/wp-content\/uploads\/usu1801\/2022\/10\/10_2022_VISITA_FP_INNOVA_COMERC_MARQUETING_1080X1080_3-1024x1024.png 1024w, https:\/\/agora.xtec.cat\/iessantaeugenia\/wp-content\/uploads\/usu1801\/2022\/10\/10_2022_VISITA_FP_INNOVA_COMERC_MARQUETING_1080X1080_3-150x150.png 150w, https:\/\/agora.xtec.cat\/iessantaeugenia\/wp-content\/uploads\/usu1801\/2022\/10\/10_2022_VISITA_FP_INNOVA_COMERC_MARQUETING_1080X1080_3-768x768.png 768w, https:\/\/agora.xtec.cat\/iessantaeugenia\/wp-content\/uploads\/usu1801\/2022\/10\/10_2022_VISITA_FP_INNOVA_COMERC_MARQUETING_1080X1080_3.png 1080w\" sizes=\"auto, (max-width: 350px) 100vw, 350px\" \/><\/a><\/div>\n<div><\/div>\n<div><\/div>\n<div><\/div>\n","protected":false},"excerpt":{"rendered":"<p>L&#8217;<a href=\"https:\/\/agora.xtec.cat\/ies-ramonbarbat-vilaseca\/\" target=\"_blank\" rel=\"noopener\">Institut Ramon Barbat i Miracle de Vila-seca<\/a>\u00a0ha visitat l&#8217;Institut Santa Eug\u00e8nia per formar-se en l&#8217;Aprenentatge Basat en Projectes (ABP).<br \/>\nEl departament de Comer\u00e7 del centre tarragon\u00ed s&#8217;ha reunit amb els hom\u00f2nims gironins a fi de prendre nota de l&#8217;organitzaci\u00f3 i gesti\u00f3\u00a0i observar com&hellip;  <a href=\"https:\/\/agora.xtec.cat\/iessantaeugenia\/general\/6760\/\" title=\"Read L&#8217;Institut Ramon Barbat de Vila-seca visita Comer\u00e7 i M\u00e0rqueting per formar-se en l&#8217;aprenentatge per projectes\">Llegeix m\u00e9s\u00bb<\/a><\/p>\n","protected":false},"author":7,"featured_media":6763,"comment_status":"closed","ping_status":"closed","sticky":false,"template":"","format":"standard","meta":{"_bbp_topic_count":0,"_bbp_reply_count":0,"_bbp_total_topic_count":0,"_bbp_total_reply_count":0,"_bbp_voice_count":0,"_bbp_anonymous_reply_count":0,"_bbp_topic_count_hidden":0,"_bbp_reply_count_hidden":0,"_bbp_forum_subforum_count":0,"footnotes":""},"categories":[30,1,29],"tags":[521,129,544,130],"class_list":["post-6760","post","type-post","status-publish","format-standard","has-post-thumbnail","hentry","category-cicles-formatius","category-general","category-portada","tag-abp","tag-comerc","tag-institut-ramon-barbat-i-miracle","tag-marqueting"],"post_mailing_queue_ids":[],"_links":{"self":[{"href":"https:\/\/agora.xtec.cat\/iessantaeugenia\/wp-json\/wp\/v2\/posts\/6760","targetHints":{"allow":["GET"]}}],"collection":[{"href":"https:\/\/agora.xtec.cat\/iessantaeugenia\/wp-json\/wp\/v2\/posts"}],"about":[{"href":"https:\/\/agora.xtec.cat\/iessantaeugenia\/wp-json\/wp\/v2\/types\/post"}],"author":[{"embeddable":true,"href":"https:\/\/agora.xtec.cat\/iessantaeugenia\/wp-json\/wp\/v2\/users\/7"}],"replies":[{"embeddable":true,"href":"https:\/\/agora.xtec.cat\/iessantaeugenia\/wp-json\/wp\/v2\/comments?post=6760"}],"version-history":[{"count":4,"href":"https:\/\/agora.xtec.cat\/iessantaeugenia\/wp-json\/wp\/v2\/posts\/6760\/revisions"}],"predecessor-version":[{"id":6951,"href":"https:\/\/agora.xtec.cat\/iessantaeugenia\/wp-json\/wp\/v2\/posts\/6760\/revisions\/6951"}],"wp:featuredmedia":[{"embeddable":true,"href":"https:\/\/agora.xtec.cat\/iessantaeugenia\/wp-json\/wp\/v2\/media\/6763"}],"wp:attachment":[{"href":"https:\/\/agora.xtec.cat\/iessantaeugenia\/wp-json\/wp\/v2\/media?parent=6760"}],"wp:term":[{"taxonomy":"category","embeddable":true,"href":"https:\/\/agora.xtec.cat\/iessantaeugenia\/wp-json\/wp\/v2\/categories?post=6760"},{"taxonomy":"post_tag","embeddable":true,"href":"https:\/\/agora.xtec.cat\/iessantaeugenia\/wp-json\/wp\/v2\/tags?post=6760"}],"curies":[{"name":"wp","href":"https:\/\/api.w.org\/{rel}","templated":true}]}}