{"id":6530,"date":"2022-09-21T06:00:55","date_gmt":"2022-09-21T04:00:55","guid":{"rendered":"https:\/\/agora.xtec.cat\/iessantaeugenia\/?p=6530"},"modified":"2022-09-22T13:50:00","modified_gmt":"2022-09-22T11:50:00","slug":"la-fageda","status":"publish","type":"post","link":"https:\/\/agora.xtec.cat\/iessantaeugenia\/general\/la-fageda\/","title":{"rendered":"El director d&#8217;Innovaci\u00f3 de La Fageda rep els alumnes de segon de Vendes, que inicien un projecte de comercialitzaci\u00f3 de producte"},"content":{"rendered":"<p>Els i les alumnes de <strong>segon curs<\/strong> del grau superior en<strong> Gesti\u00f3 de Vendes i Espais Comercials<\/strong>, que enguany ja treballen amb la <strong>metodologia ABP<\/strong> (Aprenentatge Basat en Projectes), han iniciat un treball de col\u00b7laboraci\u00f3 amb<strong> La Fageda<\/strong>, empresa social amb seu a <strong>Santa Pau<\/strong> (<strong>Garrotxa<\/strong>).<\/p>\n<p>Per aquest motiu, els estudiants i professorat han visitat les <strong>instal\u00b7lacions<\/strong> i han conegut el<strong> proc\u00e9s productiu<\/strong>, les <strong>diverses l\u00ednies<\/strong> i els <strong>projectes d&#8217;inserci\u00f3 sociolaboral<\/strong> que duen a terme.<\/p>\n<p>El cap del departament d<strong>&#8216;Innovaci\u00f3, Qualitat i Medi Ambient<\/strong>, Oriol Gol, ha rebut els estudiants i ha facilitat dades pel <strong>projecte de comercialitzaci\u00f3 de producte<\/strong>.<\/p>\n<p>La sessi\u00f3 tamb\u00e9 ha incl\u00f2s unes <strong>din\u00e0miques<\/strong>\u00a0preparades pels docents, amb l&#8217;objectiu de <strong>cohesionar<\/strong> el grup i millorar t\u00e8cniques de <strong>negociaci\u00f3<\/strong>, distribuci\u00f3 de <strong>tasques<\/strong> o la <strong>conscienciaci\u00f3<\/strong> de la import\u00e0ncia de cada membre a l&#8217;hora de treballar en equip.<\/p>\n<p><a href=\"https:\/\/agora.xtec.cat\/iessantaeugenia\/wp-content\/uploads\/usu1801\/2022\/09\/09_2022_SEGON_VENDES_LA_FAGEDA_1080X1080_2-min.png\"><img loading=\"lazy\" decoding=\"async\" class=\"alignnone wp-image-6534\" src=\"https:\/\/agora.xtec.cat\/iessantaeugenia\/wp-content\/uploads\/usu1801\/2022\/09\/09_2022_SEGON_VENDES_LA_FAGEDA_1080X1080_2-min-300x300.png\" alt=\"\" width=\"312\" height=\"312\" srcset=\"https:\/\/agora.xtec.cat\/iessantaeugenia\/wp-content\/uploads\/usu1801\/2022\/09\/09_2022_SEGON_VENDES_LA_FAGEDA_1080X1080_2-min-300x300.png 300w, https:\/\/agora.xtec.cat\/iessantaeugenia\/wp-content\/uploads\/usu1801\/2022\/09\/09_2022_SEGON_VENDES_LA_FAGEDA_1080X1080_2-min-1024x1024.png 1024w, https:\/\/agora.xtec.cat\/iessantaeugenia\/wp-content\/uploads\/usu1801\/2022\/09\/09_2022_SEGON_VENDES_LA_FAGEDA_1080X1080_2-min-150x150.png 150w, https:\/\/agora.xtec.cat\/iessantaeugenia\/wp-content\/uploads\/usu1801\/2022\/09\/09_2022_SEGON_VENDES_LA_FAGEDA_1080X1080_2-min-768x768.png 768w, https:\/\/agora.xtec.cat\/iessantaeugenia\/wp-content\/uploads\/usu1801\/2022\/09\/09_2022_SEGON_VENDES_LA_FAGEDA_1080X1080_2-min.png 1080w\" sizes=\"auto, (max-width: 312px) 100vw, 312px\" \/>\u00a0\u00a0\u00a0 <\/a><a href=\"https:\/\/agora.xtec.cat\/iessantaeugenia\/wp-content\/uploads\/usu1801\/2022\/09\/09_2022_SEGON_VENDES_LA_FAGEDA_1080X1080_3-min.png\"><img loading=\"lazy\" decoding=\"async\" class=\"alignnone wp-image-6535\" src=\"https:\/\/agora.xtec.cat\/iessantaeugenia\/wp-content\/uploads\/usu1801\/2022\/09\/09_2022_SEGON_VENDES_LA_FAGEDA_1080X1080_3-min-300x300.png\" alt=\"\" width=\"311\" height=\"311\" srcset=\"https:\/\/agora.xtec.cat\/iessantaeugenia\/wp-content\/uploads\/usu1801\/2022\/09\/09_2022_SEGON_VENDES_LA_FAGEDA_1080X1080_3-min-300x300.png 300w, https:\/\/agora.xtec.cat\/iessantaeugenia\/wp-content\/uploads\/usu1801\/2022\/09\/09_2022_SEGON_VENDES_LA_FAGEDA_1080X1080_3-min-1024x1024.png 1024w, https:\/\/agora.xtec.cat\/iessantaeugenia\/wp-content\/uploads\/usu1801\/2022\/09\/09_2022_SEGON_VENDES_LA_FAGEDA_1080X1080_3-min-150x150.png 150w, https:\/\/agora.xtec.cat\/iessantaeugenia\/wp-content\/uploads\/usu1801\/2022\/09\/09_2022_SEGON_VENDES_LA_FAGEDA_1080X1080_3-min-768x768.png 768w, https:\/\/agora.xtec.cat\/iessantaeugenia\/wp-content\/uploads\/usu1801\/2022\/09\/09_2022_SEGON_VENDES_LA_FAGEDA_1080X1080_3-min.png 1080w\" sizes=\"auto, (max-width: 311px) 100vw, 311px\" \/><\/a><\/p>\n<p><a href=\"https:\/\/agora.xtec.cat\/iessantaeugenia\/wp-content\/uploads\/usu1801\/2022\/09\/09_2022_SEGON_VENDES_LA_FAGEDA_1080X1080_4-min.png\"><img loading=\"lazy\" decoding=\"async\" class=\"alignnone wp-image-6536\" src=\"https:\/\/agora.xtec.cat\/iessantaeugenia\/wp-content\/uploads\/usu1801\/2022\/09\/09_2022_SEGON_VENDES_LA_FAGEDA_1080X1080_4-min-300x300.png\" alt=\"\" width=\"312\" height=\"312\" srcset=\"https:\/\/agora.xtec.cat\/iessantaeugenia\/wp-content\/uploads\/usu1801\/2022\/09\/09_2022_SEGON_VENDES_LA_FAGEDA_1080X1080_4-min-300x300.png 300w, https:\/\/agora.xtec.cat\/iessantaeugenia\/wp-content\/uploads\/usu1801\/2022\/09\/09_2022_SEGON_VENDES_LA_FAGEDA_1080X1080_4-min-1024x1024.png 1024w, https:\/\/agora.xtec.cat\/iessantaeugenia\/wp-content\/uploads\/usu1801\/2022\/09\/09_2022_SEGON_VENDES_LA_FAGEDA_1080X1080_4-min-150x150.png 150w, https:\/\/agora.xtec.cat\/iessantaeugenia\/wp-content\/uploads\/usu1801\/2022\/09\/09_2022_SEGON_VENDES_LA_FAGEDA_1080X1080_4-min-768x768.png 768w, https:\/\/agora.xtec.cat\/iessantaeugenia\/wp-content\/uploads\/usu1801\/2022\/09\/09_2022_SEGON_VENDES_LA_FAGEDA_1080X1080_4-min.png 1080w\" sizes=\"auto, (max-width: 312px) 100vw, 312px\" \/> \u00a0\u00a0 <\/a><a href=\"https:\/\/agora.xtec.cat\/iessantaeugenia\/wp-content\/uploads\/usu1801\/2022\/09\/09_2022_SEGON_VENDES_LA_FAGEDA_1080X1080-min.png\"><img loading=\"lazy\" decoding=\"async\" class=\"alignnone wp-image-6532\" src=\"https:\/\/agora.xtec.cat\/iessantaeugenia\/wp-content\/uploads\/usu1801\/2022\/09\/09_2022_SEGON_VENDES_LA_FAGEDA_1080X1080-min-300x300.png\" alt=\"\" width=\"313\" height=\"313\" srcset=\"https:\/\/agora.xtec.cat\/iessantaeugenia\/wp-content\/uploads\/usu1801\/2022\/09\/09_2022_SEGON_VENDES_LA_FAGEDA_1080X1080-min-300x300.png 300w, https:\/\/agora.xtec.cat\/iessantaeugenia\/wp-content\/uploads\/usu1801\/2022\/09\/09_2022_SEGON_VENDES_LA_FAGEDA_1080X1080-min-1024x1024.png 1024w, https:\/\/agora.xtec.cat\/iessantaeugenia\/wp-content\/uploads\/usu1801\/2022\/09\/09_2022_SEGON_VENDES_LA_FAGEDA_1080X1080-min-150x150.png 150w, https:\/\/agora.xtec.cat\/iessantaeugenia\/wp-content\/uploads\/usu1801\/2022\/09\/09_2022_SEGON_VENDES_LA_FAGEDA_1080X1080-min-768x768.png 768w, https:\/\/agora.xtec.cat\/iessantaeugenia\/wp-content\/uploads\/usu1801\/2022\/09\/09_2022_SEGON_VENDES_LA_FAGEDA_1080X1080-min.png 1080w\" sizes=\"auto, (max-width: 313px) 100vw, 313px\" \/><\/a><\/p>\n","protected":false},"excerpt":{"rendered":"<p>Els i les alumnes de segon curs del grau superior en Gesti\u00f3 de Vendes i Espais Comercials, que enguany ja treballen amb la metodologia ABP (Aprenentatge Basat en Projectes), han iniciat un treball de col\u00b7laboraci\u00f3 amb La Fageda, empresa social amb seu a Santa Pau&hellip;  <a href=\"https:\/\/agora.xtec.cat\/iessantaeugenia\/general\/la-fageda\/\" title=\"Read El director d&#8217;Innovaci\u00f3 de La Fageda rep els alumnes de segon de Vendes, que inicien un projecte de comercialitzaci\u00f3 de producte\">Llegeix m\u00e9s\u00bb<\/a><\/p>\n","protected":false},"author":7,"featured_media":6533,"comment_status":"closed","ping_status":"closed","sticky":false,"template":"","format":"standard","meta":{"_bbp_topic_count":0,"_bbp_reply_count":0,"_bbp_total_topic_count":0,"_bbp_total_reply_count":0,"_bbp_voice_count":0,"_bbp_anonymous_reply_count":0,"_bbp_topic_count_hidden":0,"_bbp_reply_count_hidden":0,"_bbp_forum_subforum_count":0,"footnotes":""},"categories":[30,1,29],"tags":[521,522,125],"class_list":["post-6530","post","type-post","status-publish","format-standard","has-post-thumbnail","hentry","category-cicles-formatius","category-general","category-portada","tag-abp","tag-la-fageda","tag-projectes"],"post_mailing_queue_ids":[],"_links":{"self":[{"href":"https:\/\/agora.xtec.cat\/iessantaeugenia\/wp-json\/wp\/v2\/posts\/6530","targetHints":{"allow":["GET"]}}],"collection":[{"href":"https:\/\/agora.xtec.cat\/iessantaeugenia\/wp-json\/wp\/v2\/posts"}],"about":[{"href":"https:\/\/agora.xtec.cat\/iessantaeugenia\/wp-json\/wp\/v2\/types\/post"}],"author":[{"embeddable":true,"href":"https:\/\/agora.xtec.cat\/iessantaeugenia\/wp-json\/wp\/v2\/users\/7"}],"replies":[{"embeddable":true,"href":"https:\/\/agora.xtec.cat\/iessantaeugenia\/wp-json\/wp\/v2\/comments?post=6530"}],"version-history":[{"count":4,"href":"https:\/\/agora.xtec.cat\/iessantaeugenia\/wp-json\/wp\/v2\/posts\/6530\/revisions"}],"predecessor-version":[{"id":6575,"href":"https:\/\/agora.xtec.cat\/iessantaeugenia\/wp-json\/wp\/v2\/posts\/6530\/revisions\/6575"}],"wp:featuredmedia":[{"embeddable":true,"href":"https:\/\/agora.xtec.cat\/iessantaeugenia\/wp-json\/wp\/v2\/media\/6533"}],"wp:attachment":[{"href":"https:\/\/agora.xtec.cat\/iessantaeugenia\/wp-json\/wp\/v2\/media?parent=6530"}],"wp:term":[{"taxonomy":"category","embeddable":true,"href":"https:\/\/agora.xtec.cat\/iessantaeugenia\/wp-json\/wp\/v2\/categories?post=6530"},{"taxonomy":"post_tag","embeddable":true,"href":"https:\/\/agora.xtec.cat\/iessantaeugenia\/wp-json\/wp\/v2\/tags?post=6530"}],"curies":[{"name":"wp","href":"https:\/\/api.w.org\/{rel}","templated":true}]}}