{"id":6224,"date":"2022-07-28T06:00:46","date_gmt":"2022-07-28T04:00:46","guid":{"rendered":"https:\/\/agora.xtec.cat\/iessantaeugenia\/?p=6224"},"modified":"2022-07-28T06:56:22","modified_gmt":"2022-07-28T04:56:22","slug":"6224","status":"publish","type":"post","link":"https:\/\/agora.xtec.cat\/iessantaeugenia\/general\/6224\/","title":{"rendered":"Excel\u00b7lent acollida del nou \u00abskatepark\u00bb del parc de Jordi Vilamitjana, espai verd de Can Gibert que recorda el docent de l&#8217;Institut"},"content":{"rendered":"<p class=\"introFitxa\">El <strong>nou \u00abskatepark<\/strong>\u00bb del parc de <strong>Jordi Vilamitjana,<\/strong> espai verd del barri <strong>Can Gibert del Pla<\/strong>\u00a0que recorda el <strong>professor<\/strong> de l&#8217;<strong>Institut Santa Eug\u00e8nia<\/strong> traspassat el 2014, ha tingut una <strong>excel\u00b7lent acollida<\/strong> en els <strong>primers mesos de funcionament<\/strong>.<\/p>\n<p>La <strong>instal\u00b7laci\u00f3<\/strong>, la segona de la ciutat de <strong>Girona<\/strong> despr\u00e9s de la del <strong>parc de Domeny<\/strong> (2012), est\u00e0 preparat\u00a0 perqu\u00e8 <strong>patinadors<\/strong>, <strong>patinadores<\/strong> i \u00abskaters\u00bb puguin practicar la seva <strong>disciplina<\/strong>.<\/p>\n<p>En concret, s\u2019hi poden practicar esports urbans com <strong>patinet<\/strong>, <strong>monopat\u00ed<\/strong>, <strong>patins<\/strong> i <strong>bicicr\u00f2s<\/strong> (BMX).<\/p>\n<p>L&#8217;<a href=\"https:\/\/web.girona.cat\/\" target=\"_blank\" rel=\"noopener\"><strong>Ajuntament de Girona<\/strong><\/a> ha explicat que les instal\u00b7lacions estan situades <strong>al costat del parc infantil i de l\u2019espai d\u2019esbarjo de gossos<\/strong>, relativament proper dins l\u2019\u00e0mbit del parc i alhora prou distant per respectar la conviv\u00e8ncia en un mateix indret d\u2019usos i usuaris tan diversos.<\/p>\n<p>En aquest sentit, l\u2019equipament compta amb diferents<strong> tipus de mobiliari<\/strong> i<strong> trampes pels patinadors<\/strong>, com <strong>escales<\/strong>, <strong>rampes<\/strong>, <strong>parets corbades i circuits<\/strong>, adaptades per a tots els nivells.<\/p>\n<p>Aquest nou espai esportiu \u00e9s el resultat del proc\u00e9s participatiu que es va dur a terme l\u2019any 2017 en el marc del projecte <strong>\u00ab<\/strong>El repte de transformar el Parc Mas Mas\u00f3\u00bb, dins el<strong> Pla d\u2019Educaci\u00f3 i Conviv\u00e8ncia-Pla comunitari de Santa Eug\u00e8nia de Ter i Can Gibert del Pla<\/strong> (PEIC).<\/p>\n<p>\u00c9s important destacar que el <strong>nou \u00abskatepark<\/strong>\u00bb \u00e9s el resultat d\u2019un<strong> treball coordinat<\/strong> entre diferents entitats, serveis, administracions, grups de joves practicants de l\u2019esport i assessorament t\u00e8cnic, que va permetre realitzar un estudi per construir un parc de patinatge que <strong>don\u00e9s resposta a les necessitats del jovent esportista<\/strong>.<\/p>\n<p>+ INFO <a href=\"https:\/\/www.girona.cat\/web\/premsa\/liferay\/notes_premsa2.php?idReg=18391\" target=\"_blank\" rel=\"noopener\"><strong>Girona estrena a Can Gibert del Pla el segon \u201cskatepark\u201d de la ciutat<\/strong><\/a><\/p>\n<p><a href=\"https:\/\/agora.xtec.cat\/iessantaeugenia\/wp-content\/uploads\/usu1801\/2022\/07\/07_2022_PISTA_SKATE_JORDI_VILAMITJANA_1080X1080_1.png\"><img loading=\"lazy\" decoding=\"async\" class=\"alignnone wp-image-6234\" src=\"https:\/\/agora.xtec.cat\/iessantaeugenia\/wp-content\/uploads\/usu1801\/2022\/07\/07_2022_PISTA_SKATE_JORDI_VILAMITJANA_1080X1080_1-300x300.png\" alt=\"\" width=\"354\" height=\"354\" srcset=\"https:\/\/agora.xtec.cat\/iessantaeugenia\/wp-content\/uploads\/usu1801\/2022\/07\/07_2022_PISTA_SKATE_JORDI_VILAMITJANA_1080X1080_1-300x300.png 300w, https:\/\/agora.xtec.cat\/iessantaeugenia\/wp-content\/uploads\/usu1801\/2022\/07\/07_2022_PISTA_SKATE_JORDI_VILAMITJANA_1080X1080_1-1024x1024.png 1024w, https:\/\/agora.xtec.cat\/iessantaeugenia\/wp-content\/uploads\/usu1801\/2022\/07\/07_2022_PISTA_SKATE_JORDI_VILAMITJANA_1080X1080_1-150x150.png 150w, https:\/\/agora.xtec.cat\/iessantaeugenia\/wp-content\/uploads\/usu1801\/2022\/07\/07_2022_PISTA_SKATE_JORDI_VILAMITJANA_1080X1080_1-768x768.png 768w, https:\/\/agora.xtec.cat\/iessantaeugenia\/wp-content\/uploads\/usu1801\/2022\/07\/07_2022_PISTA_SKATE_JORDI_VILAMITJANA_1080X1080_1.png 1080w\" sizes=\"auto, (max-width: 354px) 100vw, 354px\" \/>\u00a0 <\/a><a href=\"https:\/\/agora.xtec.cat\/iessantaeugenia\/wp-content\/uploads\/usu1801\/2022\/07\/07_2022_PISTA_SKATE_JORDI_VILAMITJANA_1080X1080_2.png\"><img loading=\"lazy\" decoding=\"async\" class=\"alignnone wp-image-6233\" src=\"https:\/\/agora.xtec.cat\/iessantaeugenia\/wp-content\/uploads\/usu1801\/2022\/07\/07_2022_PISTA_SKATE_JORDI_VILAMITJANA_1080X1080_2-300x300.png\" alt=\"\" width=\"354\" height=\"354\" srcset=\"https:\/\/agora.xtec.cat\/iessantaeugenia\/wp-content\/uploads\/usu1801\/2022\/07\/07_2022_PISTA_SKATE_JORDI_VILAMITJANA_1080X1080_2-300x300.png 300w, https:\/\/agora.xtec.cat\/iessantaeugenia\/wp-content\/uploads\/usu1801\/2022\/07\/07_2022_PISTA_SKATE_JORDI_VILAMITJANA_1080X1080_2-1024x1024.png 1024w, https:\/\/agora.xtec.cat\/iessantaeugenia\/wp-content\/uploads\/usu1801\/2022\/07\/07_2022_PISTA_SKATE_JORDI_VILAMITJANA_1080X1080_2-150x150.png 150w, https:\/\/agora.xtec.cat\/iessantaeugenia\/wp-content\/uploads\/usu1801\/2022\/07\/07_2022_PISTA_SKATE_JORDI_VILAMITJANA_1080X1080_2-768x768.png 768w, https:\/\/agora.xtec.cat\/iessantaeugenia\/wp-content\/uploads\/usu1801\/2022\/07\/07_2022_PISTA_SKATE_JORDI_VILAMITJANA_1080X1080_2.png 1080w\" sizes=\"auto, (max-width: 354px) 100vw, 354px\" \/><\/a><\/p>\n<p><strong>FOTOS<\/strong>.- Ajuntament de Girona<\/p>\n","protected":false},"excerpt":{"rendered":"<p>El nou \u00abskatepark\u00bb del parc de Jordi Vilamitjana, espai verd del barri Can Gibert del Pla\u00a0que recorda el professor de l&#8217;Institut Santa Eug\u00e8nia traspassat el 2014, ha tingut una excel\u00b7lent acollida en els primers mesos de funcionament.<br \/>\nLa instal\u00b7laci\u00f3, la segona de la ciutat de Girona&hellip;  <a href=\"https:\/\/agora.xtec.cat\/iessantaeugenia\/general\/6224\/\" title=\"Read Excel\u00b7lent acollida del nou \u00abskatepark\u00bb del parc de Jordi Vilamitjana, espai verd de Can Gibert que recorda el docent de l&#8217;Institut\">Llegeix m\u00e9s\u00bb<\/a><\/p>\n","protected":false},"author":7,"featured_media":6235,"comment_status":"closed","ping_status":"closed","sticky":false,"template":"","format":"standard","meta":{"_bbp_topic_count":0,"_bbp_reply_count":0,"_bbp_total_topic_count":0,"_bbp_total_reply_count":0,"_bbp_voice_count":0,"_bbp_anonymous_reply_count":0,"_bbp_topic_count_hidden":0,"_bbp_reply_count_hidden":0,"_bbp_forum_subforum_count":0,"footnotes":""},"categories":[3,113,114,115,8,116,117,30,120,1,29],"tags":[507,508,509],"class_list":["post-6224","post","type-post","status-publish","format-standard","has-post-thumbnail","hentry","category-1eso","category-2eso","category-3eso","category-4eso","category-batxillerat","category-batx-tecnologic","category-batx-humanitats-i-ciencies","category-cicles-formatius","category-eso","category-general","category-portada","tag-skatepark","tag-can-gibert","tag-jordi-vilamitjana"],"post_mailing_queue_ids":[],"_links":{"self":[{"href":"https:\/\/agora.xtec.cat\/iessantaeugenia\/wp-json\/wp\/v2\/posts\/6224","targetHints":{"allow":["GET"]}}],"collection":[{"href":"https:\/\/agora.xtec.cat\/iessantaeugenia\/wp-json\/wp\/v2\/posts"}],"about":[{"href":"https:\/\/agora.xtec.cat\/iessantaeugenia\/wp-json\/wp\/v2\/types\/post"}],"author":[{"embeddable":true,"href":"https:\/\/agora.xtec.cat\/iessantaeugenia\/wp-json\/wp\/v2\/users\/7"}],"replies":[{"embeddable":true,"href":"https:\/\/agora.xtec.cat\/iessantaeugenia\/wp-json\/wp\/v2\/comments?post=6224"}],"version-history":[{"count":3,"href":"https:\/\/agora.xtec.cat\/iessantaeugenia\/wp-json\/wp\/v2\/posts\/6224\/revisions"}],"predecessor-version":[{"id":6230,"href":"https:\/\/agora.xtec.cat\/iessantaeugenia\/wp-json\/wp\/v2\/posts\/6224\/revisions\/6230"}],"wp:featuredmedia":[{"embeddable":true,"href":"https:\/\/agora.xtec.cat\/iessantaeugenia\/wp-json\/wp\/v2\/media\/6235"}],"wp:attachment":[{"href":"https:\/\/agora.xtec.cat\/iessantaeugenia\/wp-json\/wp\/v2\/media?parent=6224"}],"wp:term":[{"taxonomy":"category","embeddable":true,"href":"https:\/\/agora.xtec.cat\/iessantaeugenia\/wp-json\/wp\/v2\/categories?post=6224"},{"taxonomy":"post_tag","embeddable":true,"href":"https:\/\/agora.xtec.cat\/iessantaeugenia\/wp-json\/wp\/v2\/tags?post=6224"}],"curies":[{"name":"wp","href":"https:\/\/api.w.org\/{rel}","templated":true}]}}