{"id":5974,"date":"2022-07-14T06:00:33","date_gmt":"2022-07-14T04:00:33","guid":{"rendered":"https:\/\/agora.xtec.cat\/iessantaeugenia\/?p=5974"},"modified":"2022-07-20T13:54:24","modified_gmt":"2022-07-20T11:54:24","slug":"5974","status":"publish","type":"post","link":"https:\/\/agora.xtec.cat\/iessantaeugenia\/general\/5974\/","title":{"rendered":"Llu\u00eds Cilveti, professor d&#8217;Arts Gr\u00e0fiques, aprofundeix en el funcionament de l&#8217;FP dual a Stuttgart amb un grup de docents catalans"},"content":{"rendered":"<p>El professor <strong>Llu\u00eds Cilveti<\/strong>, del <strong>departament d&#8217;Arts Gr\u00e0fiques<\/strong>, ha viatjat a <strong>Stuttgart<\/strong> (Alemanya) per aprofundir en el funcionament de la <strong>formaci\u00f3 dual<\/strong> formant part d&#8217;un <strong>grup de professors catalans<\/strong>.<\/p>\n<p>Els docents s\u00f3n beneficiaris d&#8217;una<strong> beca de mobilitat Erasmus KA103<\/strong>, gestionada per la <strong>Generalitat de Catalunya<\/strong> i que rep la col\u00b7laboraci\u00f3 de <strong>centres educatius i empreses<\/strong> del territori on es realitza l&#8217;<strong>estada formativa<\/strong>.<\/p>\n<p>L&#8217;objectiu de la beca \u00e9s millorar les <strong>relacions internacionals<\/strong> en els estats europeus, la <strong>formaci\u00f3\u00a0<\/strong>i l&#8217;observaci\u00f3 de les aplicacions pr\u00e0ctiques per a fomentar la mobilitat en la formaci\u00f3 professional, cosa que repercuteix en la millora del <strong>futur professional dels estudiants<\/strong>.<\/p>\n<p><a href=\"https:\/\/agora.xtec.cat\/iessantaeugenia\/wp-content\/uploads\/usu1801\/2022\/07\/07_2022_ESTADA_LLUIS_CILVETI_1080X1080_1..png\"><img loading=\"lazy\" decoding=\"async\" class=\"alignnone wp-image-6070\" src=\"https:\/\/agora.xtec.cat\/iessantaeugenia\/wp-content\/uploads\/usu1801\/2022\/07\/07_2022_ESTADA_LLUIS_CILVETI_1080X1080_1.-300x300.png\" alt=\"\" width=\"315\" height=\"315\" srcset=\"https:\/\/agora.xtec.cat\/iessantaeugenia\/wp-content\/uploads\/usu1801\/2022\/07\/07_2022_ESTADA_LLUIS_CILVETI_1080X1080_1.-300x300.png 300w, https:\/\/agora.xtec.cat\/iessantaeugenia\/wp-content\/uploads\/usu1801\/2022\/07\/07_2022_ESTADA_LLUIS_CILVETI_1080X1080_1.-1024x1024.png 1024w, https:\/\/agora.xtec.cat\/iessantaeugenia\/wp-content\/uploads\/usu1801\/2022\/07\/07_2022_ESTADA_LLUIS_CILVETI_1080X1080_1.-150x150.png 150w, https:\/\/agora.xtec.cat\/iessantaeugenia\/wp-content\/uploads\/usu1801\/2022\/07\/07_2022_ESTADA_LLUIS_CILVETI_1080X1080_1.-768x768.png 768w, https:\/\/agora.xtec.cat\/iessantaeugenia\/wp-content\/uploads\/usu1801\/2022\/07\/07_2022_ESTADA_LLUIS_CILVETI_1080X1080_1..png 1080w\" sizes=\"auto, (max-width: 315px) 100vw, 315px\" \/>\u00a0 <\/a><a href=\"https:\/\/agora.xtec.cat\/iessantaeugenia\/wp-content\/uploads\/usu1801\/2022\/07\/07_2022_ESTADA_LLUIS_CILVETI_1080X1080_2-min.png\"><img loading=\"lazy\" decoding=\"async\" class=\"alignnone wp-image-6073\" src=\"https:\/\/agora.xtec.cat\/iessantaeugenia\/wp-content\/uploads\/usu1801\/2022\/07\/07_2022_ESTADA_LLUIS_CILVETI_1080X1080_2-min-300x300.png\" alt=\"\" width=\"314\" height=\"314\" srcset=\"https:\/\/agora.xtec.cat\/iessantaeugenia\/wp-content\/uploads\/usu1801\/2022\/07\/07_2022_ESTADA_LLUIS_CILVETI_1080X1080_2-min-300x300.png 300w, https:\/\/agora.xtec.cat\/iessantaeugenia\/wp-content\/uploads\/usu1801\/2022\/07\/07_2022_ESTADA_LLUIS_CILVETI_1080X1080_2-min-1024x1024.png 1024w, https:\/\/agora.xtec.cat\/iessantaeugenia\/wp-content\/uploads\/usu1801\/2022\/07\/07_2022_ESTADA_LLUIS_CILVETI_1080X1080_2-min-150x150.png 150w, https:\/\/agora.xtec.cat\/iessantaeugenia\/wp-content\/uploads\/usu1801\/2022\/07\/07_2022_ESTADA_LLUIS_CILVETI_1080X1080_2-min-768x768.png 768w, https:\/\/agora.xtec.cat\/iessantaeugenia\/wp-content\/uploads\/usu1801\/2022\/07\/07_2022_ESTADA_LLUIS_CILVETI_1080X1080_2-min.png 1080w\" sizes=\"auto, (max-width: 314px) 100vw, 314px\" \/><\/a><\/p>\n<p><a href=\"https:\/\/agora.xtec.cat\/iessantaeugenia\/wp-content\/uploads\/usu1801\/2022\/07\/07_2022_ESTADA_LLUIS_CILVETI_1080X1080_3.png\"><img loading=\"lazy\" decoding=\"async\" class=\"alignnone wp-image-6071\" src=\"https:\/\/agora.xtec.cat\/iessantaeugenia\/wp-content\/uploads\/usu1801\/2022\/07\/07_2022_ESTADA_LLUIS_CILVETI_1080X1080_3-300x300.png\" alt=\"\" width=\"314\" height=\"314\" srcset=\"https:\/\/agora.xtec.cat\/iessantaeugenia\/wp-content\/uploads\/usu1801\/2022\/07\/07_2022_ESTADA_LLUIS_CILVETI_1080X1080_3-300x300.png 300w, https:\/\/agora.xtec.cat\/iessantaeugenia\/wp-content\/uploads\/usu1801\/2022\/07\/07_2022_ESTADA_LLUIS_CILVETI_1080X1080_3-1024x1024.png 1024w, https:\/\/agora.xtec.cat\/iessantaeugenia\/wp-content\/uploads\/usu1801\/2022\/07\/07_2022_ESTADA_LLUIS_CILVETI_1080X1080_3-150x150.png 150w, https:\/\/agora.xtec.cat\/iessantaeugenia\/wp-content\/uploads\/usu1801\/2022\/07\/07_2022_ESTADA_LLUIS_CILVETI_1080X1080_3-768x768.png 768w, https:\/\/agora.xtec.cat\/iessantaeugenia\/wp-content\/uploads\/usu1801\/2022\/07\/07_2022_ESTADA_LLUIS_CILVETI_1080X1080_3.png 1080w\" sizes=\"auto, (max-width: 314px) 100vw, 314px\" \/>\u00a0 <\/a><a href=\"https:\/\/agora.xtec.cat\/iessantaeugenia\/wp-content\/uploads\/usu1801\/2022\/07\/07_2022_ESTADA_LLUIS_CILVETI_1080X1080_4-min.png\"><img loading=\"lazy\" decoding=\"async\" class=\"alignnone wp-image-6074\" src=\"https:\/\/agora.xtec.cat\/iessantaeugenia\/wp-content\/uploads\/usu1801\/2022\/07\/07_2022_ESTADA_LLUIS_CILVETI_1080X1080_4-min-300x300.png\" alt=\"\" width=\"313\" height=\"313\" srcset=\"https:\/\/agora.xtec.cat\/iessantaeugenia\/wp-content\/uploads\/usu1801\/2022\/07\/07_2022_ESTADA_LLUIS_CILVETI_1080X1080_4-min-300x300.png 300w, https:\/\/agora.xtec.cat\/iessantaeugenia\/wp-content\/uploads\/usu1801\/2022\/07\/07_2022_ESTADA_LLUIS_CILVETI_1080X1080_4-min-1024x1024.png 1024w, https:\/\/agora.xtec.cat\/iessantaeugenia\/wp-content\/uploads\/usu1801\/2022\/07\/07_2022_ESTADA_LLUIS_CILVETI_1080X1080_4-min-150x150.png 150w, https:\/\/agora.xtec.cat\/iessantaeugenia\/wp-content\/uploads\/usu1801\/2022\/07\/07_2022_ESTADA_LLUIS_CILVETI_1080X1080_4-min-768x768.png 768w, https:\/\/agora.xtec.cat\/iessantaeugenia\/wp-content\/uploads\/usu1801\/2022\/07\/07_2022_ESTADA_LLUIS_CILVETI_1080X1080_4-min.png 1080w\" sizes=\"auto, (max-width: 313px) 100vw, 313px\" \/><\/a><\/p>\n<p><a href=\"https:\/\/agora.xtec.cat\/iessantaeugenia\/wp-content\/uploads\/usu1801\/2022\/07\/GRAFIC_ERASMUS_DEPARTAMENT_EDUCACIO.png\"><img loading=\"lazy\" decoding=\"async\" class=\"size-medium wp-image-6135 alignnone\" src=\"https:\/\/agora.xtec.cat\/iessantaeugenia\/wp-content\/uploads\/usu1801\/2022\/07\/GRAFIC_ERASMUS_DEPARTAMENT_EDUCACIO-300x300.png\" alt=\"\" width=\"300\" height=\"300\" srcset=\"https:\/\/agora.xtec.cat\/iessantaeugenia\/wp-content\/uploads\/usu1801\/2022\/07\/GRAFIC_ERASMUS_DEPARTAMENT_EDUCACIO-300x300.png 300w, https:\/\/agora.xtec.cat\/iessantaeugenia\/wp-content\/uploads\/usu1801\/2022\/07\/GRAFIC_ERASMUS_DEPARTAMENT_EDUCACIO-1024x1024.png 1024w, https:\/\/agora.xtec.cat\/iessantaeugenia\/wp-content\/uploads\/usu1801\/2022\/07\/GRAFIC_ERASMUS_DEPARTAMENT_EDUCACIO-150x150.png 150w, https:\/\/agora.xtec.cat\/iessantaeugenia\/wp-content\/uploads\/usu1801\/2022\/07\/GRAFIC_ERASMUS_DEPARTAMENT_EDUCACIO-768x768.png 768w, https:\/\/agora.xtec.cat\/iessantaeugenia\/wp-content\/uploads\/usu1801\/2022\/07\/GRAFIC_ERASMUS_DEPARTAMENT_EDUCACIO.png 1080w\" sizes=\"auto, (max-width: 300px) 100vw, 300px\" \/><\/a><\/p>\n<p>&nbsp;<\/p>\n","protected":false},"excerpt":{"rendered":"<p>El professor Llu\u00eds Cilveti, del departament d&#8217;Arts Gr\u00e0fiques, ha viatjat a Stuttgart (Alemanya) per aprofundir en el funcionament de la formaci\u00f3 dual formant part d&#8217;un grup de professors catalans.<br \/>\nEls docents s\u00f3n beneficiaris d&#8217;una beca de mobilitat Erasmus KA103, gestionada per la Generalitat de Catalunya i&hellip;  <a href=\"https:\/\/agora.xtec.cat\/iessantaeugenia\/general\/5974\/\" title=\"Read Llu\u00eds Cilveti, professor d&#8217;Arts Gr\u00e0fiques, aprofundeix en el funcionament de l&#8217;FP dual a Stuttgart amb un grup de docents catalans\">Llegeix m\u00e9s\u00bb<\/a><\/p>\n","protected":false},"author":7,"featured_media":6072,"comment_status":"closed","ping_status":"closed","sticky":false,"template":"","format":"standard","meta":{"_bbp_topic_count":0,"_bbp_reply_count":0,"_bbp_total_topic_count":0,"_bbp_total_reply_count":0,"_bbp_voice_count":0,"_bbp_anonymous_reply_count":0,"_bbp_topic_count_hidden":0,"_bbp_reply_count_hidden":0,"_bbp_forum_subforum_count":0,"footnotes":""},"categories":[30,1,29],"tags":[495,496,494],"class_list":["post-5974","post","type-post","status-publish","format-standard","has-post-thumbnail","hentry","category-cicles-formatius","category-general","category-portada","tag-mobilitat","tag-relacions-internacionals","tag-stuttgart"],"post_mailing_queue_ids":[],"_links":{"self":[{"href":"https:\/\/agora.xtec.cat\/iessantaeugenia\/wp-json\/wp\/v2\/posts\/5974","targetHints":{"allow":["GET"]}}],"collection":[{"href":"https:\/\/agora.xtec.cat\/iessantaeugenia\/wp-json\/wp\/v2\/posts"}],"about":[{"href":"https:\/\/agora.xtec.cat\/iessantaeugenia\/wp-json\/wp\/v2\/types\/post"}],"author":[{"embeddable":true,"href":"https:\/\/agora.xtec.cat\/iessantaeugenia\/wp-json\/wp\/v2\/users\/7"}],"replies":[{"embeddable":true,"href":"https:\/\/agora.xtec.cat\/iessantaeugenia\/wp-json\/wp\/v2\/comments?post=5974"}],"version-history":[{"count":4,"href":"https:\/\/agora.xtec.cat\/iessantaeugenia\/wp-json\/wp\/v2\/posts\/5974\/revisions"}],"predecessor-version":[{"id":6188,"href":"https:\/\/agora.xtec.cat\/iessantaeugenia\/wp-json\/wp\/v2\/posts\/5974\/revisions\/6188"}],"wp:featuredmedia":[{"embeddable":true,"href":"https:\/\/agora.xtec.cat\/iessantaeugenia\/wp-json\/wp\/v2\/media\/6072"}],"wp:attachment":[{"href":"https:\/\/agora.xtec.cat\/iessantaeugenia\/wp-json\/wp\/v2\/media?parent=5974"}],"wp:term":[{"taxonomy":"category","embeddable":true,"href":"https:\/\/agora.xtec.cat\/iessantaeugenia\/wp-json\/wp\/v2\/categories?post=5974"},{"taxonomy":"post_tag","embeddable":true,"href":"https:\/\/agora.xtec.cat\/iessantaeugenia\/wp-json\/wp\/v2\/tags?post=5974"}],"curies":[{"name":"wp","href":"https:\/\/api.w.org\/{rel}","templated":true}]}}