{"id":5925,"date":"2022-07-05T06:00:21","date_gmt":"2022-07-05T04:00:21","guid":{"rendered":"https:\/\/agora.xtec.cat\/iessantaeugenia\/?p=5925"},"modified":"2022-07-05T07:55:41","modified_gmt":"2022-07-05T05:55:41","slug":"l","status":"publish","type":"post","link":"https:\/\/agora.xtec.cat\/iessantaeugenia\/general\/l\/","title":{"rendered":"El claustre agraeix l&#8217;entrega continuada i el comprom\u00eds amb la qualitat als professors i professores jubilats en els dos darrers cursos"},"content":{"rendered":"<p>El <strong>darrer claustre<\/strong> del curs 2021-22, celebrat ara fa pocs dies, ha <strong>agra\u00eft p\u00fablicament<\/strong> l&#8217;entrega i el comprom\u00eds del <strong>professorat<\/strong> que s&#8217;ha <strong>jubilat<\/strong> en els <strong>dos darrers cursos<\/strong>.<\/p>\n<p>L&#8217;<strong>equip directiu<\/strong> els ha fet una entrega d&#8217;un <strong>obsequi<\/strong> i, juntament amb la resta de <strong>docents<\/strong>, han compartit un refrigeri en el bar.<\/p>\n<p>Els<strong> docents homenatjats<\/strong>, els departaments que pertanyen i el curs de jubilaci\u00f3 s\u00f3n:<\/p>\n<p><strong>Goretti Freixa.-<\/strong> Departament de Catal\u00e0 (curs 21-22)<\/p>\n<p><strong>Janina Aixarch<\/strong>.- Departament de Castell\u00e0 (21-22)<\/p>\n<p><strong>Almudena Gonz\u00e1lez<\/strong>.- Departament de Castell\u00e0 i alliberada sindical- (21-22)<\/p>\n<p><strong>Pilar Jim\u00e9nez<\/strong>.- Departament de Castell\u00e0 (21-22)<\/p>\n<p><strong>Miquel Bosch<\/strong>.- Departament d&#8217;Electricitat (21-22)<\/p>\n<p><strong>Montse Pujol<\/strong>.- Departament de Catal\u00e0 (20-21)<\/p>\n<p><strong>Rafael Guardiola<\/strong>.- Departament de Mecanitzaci\u00f3 (20-21)<\/p>\n<p><strong>Mateo Saiz<\/strong>.- Departament de FOL (20-21)<\/p>\n<p>En la <strong>fotografia<\/strong>, alguns dels docents amb l&#8217;equip directiu.<\/p>\n<p><a href=\"https:\/\/agora.xtec.cat\/iessantaeugenia\/wp-content\/uploads\/usu1801\/2022\/07\/06_2022_JUBILACIO_CURS_2021_22.png\"><img loading=\"lazy\" decoding=\"async\" class=\"alignnone wp-image-5933\" src=\"https:\/\/agora.xtec.cat\/iessantaeugenia\/wp-content\/uploads\/usu1801\/2022\/07\/06_2022_JUBILACIO_CURS_2021_22-300x300.png\" alt=\"\" width=\"432\" height=\"432\" srcset=\"https:\/\/agora.xtec.cat\/iessantaeugenia\/wp-content\/uploads\/usu1801\/2022\/07\/06_2022_JUBILACIO_CURS_2021_22-300x300.png 300w, https:\/\/agora.xtec.cat\/iessantaeugenia\/wp-content\/uploads\/usu1801\/2022\/07\/06_2022_JUBILACIO_CURS_2021_22-1024x1024.png 1024w, https:\/\/agora.xtec.cat\/iessantaeugenia\/wp-content\/uploads\/usu1801\/2022\/07\/06_2022_JUBILACIO_CURS_2021_22-150x150.png 150w, https:\/\/agora.xtec.cat\/iessantaeugenia\/wp-content\/uploads\/usu1801\/2022\/07\/06_2022_JUBILACIO_CURS_2021_22-768x768.png 768w, https:\/\/agora.xtec.cat\/iessantaeugenia\/wp-content\/uploads\/usu1801\/2022\/07\/06_2022_JUBILACIO_CURS_2021_22.png 1080w\" sizes=\"auto, (max-width: 432px) 100vw, 432px\" \/><\/a><\/p>\n<p>&nbsp;<\/p>\n","protected":false},"excerpt":{"rendered":"<p>El darrer claustre del curs 2021-22, celebrat ara fa pocs dies, ha agra\u00eft p\u00fablicament l&#8217;entrega i el comprom\u00eds del professorat que s&#8217;ha jubilat en els dos darrers cursos.<br \/>\nL&#8217;equip directiu els ha fet una entrega d&#8217;un obsequi i, juntament amb la resta de docents, han compartit&hellip;  <a href=\"https:\/\/agora.xtec.cat\/iessantaeugenia\/general\/l\/\" title=\"Read El claustre agraeix l&#8217;entrega continuada i el comprom\u00eds amb la qualitat als professors i professores jubilats en els dos darrers cursos\">Llegeix m\u00e9s\u00bb<\/a><\/p>\n","protected":false},"author":7,"featured_media":5951,"comment_status":"closed","ping_status":"closed","sticky":false,"template":"","format":"standard","meta":{"_bbp_topic_count":0,"_bbp_reply_count":0,"_bbp_total_topic_count":0,"_bbp_total_reply_count":0,"_bbp_voice_count":0,"_bbp_anonymous_reply_count":0,"_bbp_topic_count_hidden":0,"_bbp_reply_count_hidden":0,"_bbp_forum_subforum_count":0,"footnotes":""},"categories":[3,113,114,115,8,116,117,30,120,1,29],"tags":[491,493,492],"class_list":["post-5925","post","type-post","status-publish","format-standard","has-post-thumbnail","hentry","category-1eso","category-2eso","category-3eso","category-4eso","category-batxillerat","category-batx-tecnologic","category-batx-humanitats-i-ciencies","category-cicles-formatius","category-eso","category-general","category-portada","tag-claustre","tag-equip-directiu","tag-jubilacio"],"post_mailing_queue_ids":[],"_links":{"self":[{"href":"https:\/\/agora.xtec.cat\/iessantaeugenia\/wp-json\/wp\/v2\/posts\/5925","targetHints":{"allow":["GET"]}}],"collection":[{"href":"https:\/\/agora.xtec.cat\/iessantaeugenia\/wp-json\/wp\/v2\/posts"}],"about":[{"href":"https:\/\/agora.xtec.cat\/iessantaeugenia\/wp-json\/wp\/v2\/types\/post"}],"author":[{"embeddable":true,"href":"https:\/\/agora.xtec.cat\/iessantaeugenia\/wp-json\/wp\/v2\/users\/7"}],"replies":[{"embeddable":true,"href":"https:\/\/agora.xtec.cat\/iessantaeugenia\/wp-json\/wp\/v2\/comments?post=5925"}],"version-history":[{"count":4,"href":"https:\/\/agora.xtec.cat\/iessantaeugenia\/wp-json\/wp\/v2\/posts\/5925\/revisions"}],"predecessor-version":[{"id":5950,"href":"https:\/\/agora.xtec.cat\/iessantaeugenia\/wp-json\/wp\/v2\/posts\/5925\/revisions\/5950"}],"wp:featuredmedia":[{"embeddable":true,"href":"https:\/\/agora.xtec.cat\/iessantaeugenia\/wp-json\/wp\/v2\/media\/5951"}],"wp:attachment":[{"href":"https:\/\/agora.xtec.cat\/iessantaeugenia\/wp-json\/wp\/v2\/media?parent=5925"}],"wp:term":[{"taxonomy":"category","embeddable":true,"href":"https:\/\/agora.xtec.cat\/iessantaeugenia\/wp-json\/wp\/v2\/categories?post=5925"},{"taxonomy":"post_tag","embeddable":true,"href":"https:\/\/agora.xtec.cat\/iessantaeugenia\/wp-json\/wp\/v2\/tags?post=5925"}],"curies":[{"name":"wp","href":"https:\/\/api.w.org\/{rel}","templated":true}]}}