{"id":5712,"date":"2022-06-23T06:00:00","date_gmt":"2022-06-23T04:00:00","guid":{"rendered":"https:\/\/agora.xtec.cat\/iessantaeugenia\/?p=5712"},"modified":"2022-07-05T07:57:51","modified_gmt":"2022-07-05T05:57:51","slug":"sss","status":"publish","type":"post","link":"https:\/\/agora.xtec.cat\/iessantaeugenia\/general\/sss\/","title":{"rendered":"El departament d&#8217;Edificaci\u00f3 i Obra Civil tanca el curs visitant els aspectes constructius i arquitect\u00f2nics de la Sagrada Fam\u00edlia"},"content":{"rendered":"<p>Els i les <strong>estudiants<\/strong> i <strong>professorat<\/strong> del <strong>departament d&#8217;Edificaci\u00f3 i Obra Civil<\/strong> ha tancat el curs 2021-22 visitant el temple de la <a href=\"https:\/\/sagradafamilia.org\/\" target=\"_blank\" rel=\"noopener\"><strong>Sagrada Fam\u00edlia de Barcelona.<\/strong><\/a><\/p>\n<p>Els <strong>participants<\/strong> s&#8217;han dividit en dos grups per a la <strong>visita guiada<\/strong>, focalitzada en els aspectes <strong>constructius<\/strong> i <strong>arquitect\u00f2nics<\/strong>.<\/p>\n<p>Amb m\u00e9s de <strong>140 anys des de la col\u00b7locaci\u00f3<\/strong> de la primera pedra, la <strong>Bas\u00edlica<\/strong> segueix en construcci\u00f3 i s&#8217;ha convertit en una refer\u00e8ncia de la <strong>l\u00ednia del cel<\/strong> de la capital catalana.<\/p>\n<p>Les <strong>explicacions t\u00e8cniques<\/strong> i el <strong>conjunt<\/strong> <strong>monumental<\/strong> ha causat una excel\u00b7lent impressi\u00f3 entre l&#8217;alumnat.<\/p>\n<p>Aquest curs, el departament ha ofert el cicle formatiu de grau mitj\u00e0 d&#8217;<strong>Obres d\u2019Interior,<\/strong> <strong>Decoraci\u00f3<\/strong> i <strong>Rehabilitaci\u00f3<\/strong>; i el de grau superior de <strong>Projectes d&#8217;Edificaci\u00f3<\/strong>.<\/p>\n<div><span style=\"color: #ffffff;\">vcv<\/span><\/div>\n<div><a href=\"https:\/\/agora.xtec.cat\/iessantaeugenia\/wp-content\/uploads\/usu1801\/2022\/06\/bona-2.png\"><img loading=\"lazy\" decoding=\"async\" class=\"alignnone wp-image-5726\" src=\"https:\/\/agora.xtec.cat\/iessantaeugenia\/wp-content\/uploads\/usu1801\/2022\/06\/bona-2-300x169.png\" alt=\"\" width=\"661\" height=\"372\" srcset=\"https:\/\/agora.xtec.cat\/iessantaeugenia\/wp-content\/uploads\/usu1801\/2022\/06\/bona-2-300x169.png 300w, https:\/\/agora.xtec.cat\/iessantaeugenia\/wp-content\/uploads\/usu1801\/2022\/06\/bona-2-1024x576.png 1024w, https:\/\/agora.xtec.cat\/iessantaeugenia\/wp-content\/uploads\/usu1801\/2022\/06\/bona-2-768x432.png 768w, https:\/\/agora.xtec.cat\/iessantaeugenia\/wp-content\/uploads\/usu1801\/2022\/06\/bona-2-1536x864.png 1536w, https:\/\/agora.xtec.cat\/iessantaeugenia\/wp-content\/uploads\/usu1801\/2022\/06\/bona-2-2048x1152.png 2048w\" sizes=\"auto, (max-width: 661px) 100vw, 661px\" \/><\/a><\/div>\n","protected":false},"excerpt":{"rendered":"<p>Els i les estudiants i professorat del departament d&#8217;Edificaci\u00f3 i Obra Civil ha tancat el curs 2021-22 visitant el temple de la <a href=\"https:\/\/sagradafamilia.org\/\" target=\"_blank\" rel=\"noopener\">Sagrada Fam\u00edlia de Barcelona.<\/a><br \/>\nEls participants s&#8217;han dividit en dos grups per a la visita guiada, focalitzada en els aspectes constructius&hellip;  <a href=\"https:\/\/agora.xtec.cat\/iessantaeugenia\/general\/sss\/\" title=\"Read El departament d&#8217;Edificaci\u00f3 i Obra Civil tanca el curs visitant els aspectes constructius i arquitect\u00f2nics de la Sagrada Fam\u00edlia\">Llegeix m\u00e9s\u00bb<\/a><\/p>\n","protected":false},"author":7,"featured_media":5726,"comment_status":"closed","ping_status":"closed","sticky":false,"template":"","format":"standard","meta":{"_bbp_topic_count":0,"_bbp_reply_count":0,"_bbp_total_topic_count":0,"_bbp_total_reply_count":0,"_bbp_voice_count":0,"_bbp_anonymous_reply_count":0,"_bbp_topic_count_hidden":0,"_bbp_reply_count_hidden":0,"_bbp_forum_subforum_count":0,"footnotes":""},"categories":[30,1,29],"tags":[429,480,481],"class_list":["post-5712","post","type-post","status-publish","format-standard","has-post-thumbnail","hentry","category-cicles-formatius","category-general","category-portada","tag-arquitectura","tag-sagrada-familia","tag-visita-guiada"],"post_mailing_queue_ids":[],"_links":{"self":[{"href":"https:\/\/agora.xtec.cat\/iessantaeugenia\/wp-json\/wp\/v2\/posts\/5712","targetHints":{"allow":["GET"]}}],"collection":[{"href":"https:\/\/agora.xtec.cat\/iessantaeugenia\/wp-json\/wp\/v2\/posts"}],"about":[{"href":"https:\/\/agora.xtec.cat\/iessantaeugenia\/wp-json\/wp\/v2\/types\/post"}],"author":[{"embeddable":true,"href":"https:\/\/agora.xtec.cat\/iessantaeugenia\/wp-json\/wp\/v2\/users\/7"}],"replies":[{"embeddable":true,"href":"https:\/\/agora.xtec.cat\/iessantaeugenia\/wp-json\/wp\/v2\/comments?post=5712"}],"version-history":[{"count":4,"href":"https:\/\/agora.xtec.cat\/iessantaeugenia\/wp-json\/wp\/v2\/posts\/5712\/revisions"}],"predecessor-version":[{"id":5954,"href":"https:\/\/agora.xtec.cat\/iessantaeugenia\/wp-json\/wp\/v2\/posts\/5712\/revisions\/5954"}],"wp:featuredmedia":[{"embeddable":true,"href":"https:\/\/agora.xtec.cat\/iessantaeugenia\/wp-json\/wp\/v2\/media\/5726"}],"wp:attachment":[{"href":"https:\/\/agora.xtec.cat\/iessantaeugenia\/wp-json\/wp\/v2\/media?parent=5712"}],"wp:term":[{"taxonomy":"category","embeddable":true,"href":"https:\/\/agora.xtec.cat\/iessantaeugenia\/wp-json\/wp\/v2\/categories?post=5712"},{"taxonomy":"post_tag","embeddable":true,"href":"https:\/\/agora.xtec.cat\/iessantaeugenia\/wp-json\/wp\/v2\/tags?post=5712"}],"curies":[{"name":"wp","href":"https:\/\/api.w.org\/{rel}","templated":true}]}}