{"id":5317,"date":"2022-06-01T15:00:57","date_gmt":"2022-06-01T13:00:57","guid":{"rendered":"https:\/\/agora.xtec.cat\/iessantaeugenia\/?p=5317"},"modified":"2022-06-01T13:11:20","modified_gmt":"2022-06-01T11:11:20","slug":"https-inundart-org-activitat-laura-bergillos","status":"publish","type":"post","link":"https:\/\/agora.xtec.cat\/iessantaeugenia\/general\/https-inundart-org-activitat-laura-bergillos\/","title":{"rendered":"El festival Inund&#8217;art inclou a la Casa de Cultura de Girona una obra de l&#8217;artista Laura Bergillos cocreada amb alumnes de segon d&#8217;ESO"},"content":{"rendered":"<p>La <strong>dissetena edici\u00f3 del <a href=\"https:\/\/casadecultura.org\/cicles\/693\/festival-inund'art-2022\" target=\"_blank\" rel=\"noopener\">festival Inund&#8217;art<\/a><\/strong>, que es desenvolupa en diferents espais de <strong>Girona<\/strong>, arriba aquest cap de setmana amb un programa d&#8217;<strong>instal\u00b7lacions<\/strong>, <strong><em>performances<\/em> <\/strong>i <strong>recorreguts<\/strong> <strong>sensitius<\/strong>.<\/p>\n<p>La <strong>Casa de Cultura<\/strong> acull les exposicions d&#8217;<strong>arts visuals<\/strong> en dos per\u00edodes: <strong>del 3 al 23 de juny<\/strong> tindran lloc a la primera i segona planta les mostres de les <strong>escoles d&#8217;art<\/strong> i <strong>instituts de batxillerat art\u00edstic<\/strong> que exposen els seus treballs; I\u00a0<strong>del 5 al 30 de juliol,<\/strong> la planta baixa ser\u00e0 el lloc d&#8217;exposici\u00f3 de la selecci\u00f3 d&#8217;arts visuals d&#8217;enguany.<\/p>\n<p>La primera planta \u00e9s el lloc d&#8217;exposici\u00f3 d&#8217;<strong><em>Idior\u00edtmia: par\u00e0metres d&#8217;una<\/em><em> dist\u00e0ncia<\/em><\/strong>, que l&#8217;artista <strong>Laura Bergillos<\/strong> ha cocreat amb els alumnes de <strong>segon d&#8217;ESO D<\/strong>\u00a0dins l&#8217;assignatura d&#8217;<strong>Educaci\u00f3 visual\u00a0i\u00a0pl\u00e0stica<\/strong>\u00a0(EVP) durant la resid\u00e8ncia a l&#8217;Institut.<\/p>\n<p>En concret, l&#8217;<strong>obra exposada<\/strong> ha treballat l&#8217;<strong>espai vital<\/strong> i l&#8217;<strong>espai normatiu<\/strong> i el resultat ha estat una <strong>videoinstal\u00b7laci\u00f3<\/strong>.<\/p>\n<p>La inauguraci\u00f3 d&#8217;<strong>Inund&#8217;art\u00a0<\/strong>est\u00e0 programada pel pr\u00f2xim<strong> divendres, 3 de juny<\/strong>, a les set de la tarda.<\/p>\n<p><a href=\"https:\/\/agora.xtec.cat\/iessantaeugenia\/wp-content\/uploads\/usu1801\/2022\/06\/05_2022_FESTIVAL_INUNDART_1080X1080.png\"><img loading=\"lazy\" decoding=\"async\" class=\"alignnone wp-image-5341\" src=\"https:\/\/agora.xtec.cat\/iessantaeugenia\/wp-content\/uploads\/usu1801\/2022\/06\/05_2022_FESTIVAL_INUNDART_1080X1080-300x300.png\" alt=\"\" width=\"355\" height=\"355\" srcset=\"https:\/\/agora.xtec.cat\/iessantaeugenia\/wp-content\/uploads\/usu1801\/2022\/06\/05_2022_FESTIVAL_INUNDART_1080X1080-300x300.png 300w, https:\/\/agora.xtec.cat\/iessantaeugenia\/wp-content\/uploads\/usu1801\/2022\/06\/05_2022_FESTIVAL_INUNDART_1080X1080-1024x1024.png 1024w, https:\/\/agora.xtec.cat\/iessantaeugenia\/wp-content\/uploads\/usu1801\/2022\/06\/05_2022_FESTIVAL_INUNDART_1080X1080-150x150.png 150w, https:\/\/agora.xtec.cat\/iessantaeugenia\/wp-content\/uploads\/usu1801\/2022\/06\/05_2022_FESTIVAL_INUNDART_1080X1080-768x768.png 768w, https:\/\/agora.xtec.cat\/iessantaeugenia\/wp-content\/uploads\/usu1801\/2022\/06\/05_2022_FESTIVAL_INUNDART_1080X1080.png 1080w\" sizes=\"auto, (max-width: 355px) 100vw, 355px\" \/><\/a><\/p>\n<p><a href=\"https:\/\/agora.xtec.cat\/iessantaeugenia\/wp-content\/uploads\/usu1801\/2022\/06\/05_2022_GRAFIC_FESTIVAL_INUNDART_1080X1080.png\"><img loading=\"lazy\" decoding=\"async\" class=\"alignnone wp-image-5342\" src=\"https:\/\/agora.xtec.cat\/iessantaeugenia\/wp-content\/uploads\/usu1801\/2022\/06\/05_2022_GRAFIC_FESTIVAL_INUNDART_1080X1080-300x300.png\" alt=\"\" width=\"351\" height=\"351\" srcset=\"https:\/\/agora.xtec.cat\/iessantaeugenia\/wp-content\/uploads\/usu1801\/2022\/06\/05_2022_GRAFIC_FESTIVAL_INUNDART_1080X1080-300x300.png 300w, https:\/\/agora.xtec.cat\/iessantaeugenia\/wp-content\/uploads\/usu1801\/2022\/06\/05_2022_GRAFIC_FESTIVAL_INUNDART_1080X1080-1024x1024.png 1024w, https:\/\/agora.xtec.cat\/iessantaeugenia\/wp-content\/uploads\/usu1801\/2022\/06\/05_2022_GRAFIC_FESTIVAL_INUNDART_1080X1080-150x150.png 150w, https:\/\/agora.xtec.cat\/iessantaeugenia\/wp-content\/uploads\/usu1801\/2022\/06\/05_2022_GRAFIC_FESTIVAL_INUNDART_1080X1080-768x768.png 768w, https:\/\/agora.xtec.cat\/iessantaeugenia\/wp-content\/uploads\/usu1801\/2022\/06\/05_2022_GRAFIC_FESTIVAL_INUNDART_1080X1080.png 1080w\" sizes=\"auto, (max-width: 351px) 100vw, 351px\" \/><\/a><\/p>\n","protected":false},"excerpt":{"rendered":"<p>La dissetena edici\u00f3 del <a href=\"https:\/\/casadecultura.org\/cicles\/693\/festival-inund'art-2022\" target=\"_blank\" rel=\"noopener\">festival Inund&#8217;art<\/a>, que es desenvolupa en diferents espais de Girona, arriba aquest cap de setmana amb un programa d&#8217;instal\u00b7lacions, performances i recorreguts sensitius.<br \/>\nLa Casa de Cultura acull les exposicions d&#8217;arts visuals en dos per\u00edodes: del 3 al 23&hellip;  <a href=\"https:\/\/agora.xtec.cat\/iessantaeugenia\/general\/https-inundart-org-activitat-laura-bergillos\/\" title=\"Read El festival Inund&#8217;art inclou a la Casa de Cultura de Girona una obra de l&#8217;artista Laura Bergillos cocreada amb alumnes de segon d&#8217;ESO\">Llegeix m\u00e9s\u00bb<\/a><\/p>\n","protected":false},"author":7,"featured_media":5343,"comment_status":"closed","ping_status":"closed","sticky":false,"template":"","format":"standard","meta":{"_bbp_topic_count":0,"_bbp_reply_count":0,"_bbp_total_topic_count":0,"_bbp_total_reply_count":0,"_bbp_voice_count":0,"_bbp_anonymous_reply_count":0,"_bbp_topic_count_hidden":0,"_bbp_reply_count_hidden":0,"_bbp_forum_subforum_count":0,"footnotes":""},"categories":[113,120,1,29],"tags":[445,444,446],"class_list":["post-5317","post","type-post","status-publish","format-standard","has-post-thumbnail","hentry","category-2eso","category-eso","category-general","category-portada","tag-casa-de-cultura","tag-festival-inundart","tag-laura-bergillos"],"post_mailing_queue_ids":[],"_links":{"self":[{"href":"https:\/\/agora.xtec.cat\/iessantaeugenia\/wp-json\/wp\/v2\/posts\/5317","targetHints":{"allow":["GET"]}}],"collection":[{"href":"https:\/\/agora.xtec.cat\/iessantaeugenia\/wp-json\/wp\/v2\/posts"}],"about":[{"href":"https:\/\/agora.xtec.cat\/iessantaeugenia\/wp-json\/wp\/v2\/types\/post"}],"author":[{"embeddable":true,"href":"https:\/\/agora.xtec.cat\/iessantaeugenia\/wp-json\/wp\/v2\/users\/7"}],"replies":[{"embeddable":true,"href":"https:\/\/agora.xtec.cat\/iessantaeugenia\/wp-json\/wp\/v2\/comments?post=5317"}],"version-history":[{"count":3,"href":"https:\/\/agora.xtec.cat\/iessantaeugenia\/wp-json\/wp\/v2\/posts\/5317\/revisions"}],"predecessor-version":[{"id":5365,"href":"https:\/\/agora.xtec.cat\/iessantaeugenia\/wp-json\/wp\/v2\/posts\/5317\/revisions\/5365"}],"wp:featuredmedia":[{"embeddable":true,"href":"https:\/\/agora.xtec.cat\/iessantaeugenia\/wp-json\/wp\/v2\/media\/5343"}],"wp:attachment":[{"href":"https:\/\/agora.xtec.cat\/iessantaeugenia\/wp-json\/wp\/v2\/media?parent=5317"}],"wp:term":[{"taxonomy":"category","embeddable":true,"href":"https:\/\/agora.xtec.cat\/iessantaeugenia\/wp-json\/wp\/v2\/categories?post=5317"},{"taxonomy":"post_tag","embeddable":true,"href":"https:\/\/agora.xtec.cat\/iessantaeugenia\/wp-json\/wp\/v2\/tags?post=5317"}],"curies":[{"name":"wp","href":"https:\/\/api.w.org\/{rel}","templated":true}]}}