{"id":5085,"date":"2022-05-18T14:00:58","date_gmt":"2022-05-18T12:00:58","guid":{"rendered":"https:\/\/agora.xtec.cat\/iessantaeugenia\/?p=5085"},"modified":"2022-05-19T13:12:09","modified_gmt":"2022-05-19T11:12:09","slug":"la-sollicitud-de-preinscripcio","status":"publish","type":"post","link":"https:\/\/agora.xtec.cat\/iessantaeugenia\/general\/la-sollicitud-de-preinscripcio\/","title":{"rendered":"El termini per a presentar la sol\u00b7licitud de preinscripci\u00f3 per a estudiar un cicle de grau mitj\u00e0 el curs que ve acaba el 23 de maig"},"content":{"rendered":"<p>El termini per a presentar la <strong>sol\u00b7licitud per la preinscripci\u00f3 per estudiar un cicle formatiu de grau mitj\u00e0<\/strong> a l&#8217;Institut Santa Eug\u00e8nia el curs 2022-23 finalitza el <strong>dimarts 23 de maig<\/strong>.<\/p>\n<p>Ho han de fer els i les alumnes interessats <strong>exceptuant\u00a0el que tenen continu\u00eftat d&#8217;escolaritzaci\u00f3<\/strong>, que ho van fer del <strong>20 al 26 d&#8217;abril<\/strong>.<\/p>\n<p>L\u2019Institut ha habilitat <strong>una p\u00e0gina informativa.<\/strong><\/p>\n<p><strong>CICLES FORMATIUS DE GRAU MITJ\u00c0 \u21d2\u00a0<a href=\"https:\/\/cutt.ly\/LF4ZgUl\" target=\"_blank\" rel=\"noopener\">CLICAR<\/a><\/strong><\/p>\n<p><a href=\"https:\/\/agora.xtec.cat\/iessantaeugenia\/wp-content\/uploads\/usu1801\/2022\/04\/07_2021_ANUNCIS_ADMINISTRATUS_1080_1080.png\"><img loading=\"lazy\" decoding=\"async\" class=\"alignnone wp-image-4351\" src=\"https:\/\/agora.xtec.cat\/iessantaeugenia\/wp-content\/uploads\/usu1801\/2022\/04\/07_2021_ANUNCIS_ADMINISTRATUS_1080_1080-300x300.png\" alt=\"\" width=\"327\" height=\"327\" srcset=\"https:\/\/agora.xtec.cat\/iessantaeugenia\/wp-content\/uploads\/usu1801\/2022\/04\/07_2021_ANUNCIS_ADMINISTRATUS_1080_1080-300x300.png 300w, https:\/\/agora.xtec.cat\/iessantaeugenia\/wp-content\/uploads\/usu1801\/2022\/04\/07_2021_ANUNCIS_ADMINISTRATUS_1080_1080-1024x1024.png 1024w, https:\/\/agora.xtec.cat\/iessantaeugenia\/wp-content\/uploads\/usu1801\/2022\/04\/07_2021_ANUNCIS_ADMINISTRATUS_1080_1080-150x150.png 150w, https:\/\/agora.xtec.cat\/iessantaeugenia\/wp-content\/uploads\/usu1801\/2022\/04\/07_2021_ANUNCIS_ADMINISTRATUS_1080_1080-768x768.png 768w, https:\/\/agora.xtec.cat\/iessantaeugenia\/wp-content\/uploads\/usu1801\/2022\/04\/07_2021_ANUNCIS_ADMINISTRATUS_1080_1080.png 1080w\" sizes=\"auto, (max-width: 327px) 100vw, 327px\" \/><\/a><\/p>\n","protected":false},"excerpt":{"rendered":"<p>El termini per a presentar la sol\u00b7licitud per la preinscripci\u00f3 per estudiar un cicle formatiu de grau mitj\u00e0 a l&#8217;Institut Santa Eug\u00e8nia el curs 2022-23 finalitza el dimarts 23 de maig.<br \/>\nHo han de fer els i les alumnes interessats exceptuant\u00a0el que tenen continu\u00eftat d&#8217;escolaritzaci\u00f3, que&hellip;  <a href=\"https:\/\/agora.xtec.cat\/iessantaeugenia\/general\/la-sollicitud-de-preinscripcio\/\" title=\"Read El termini per a presentar la sol\u00b7licitud de preinscripci\u00f3 per a estudiar un cicle de grau mitj\u00e0 el curs que ve acaba el 23 de maig\">Llegeix m\u00e9s\u00bb<\/a><\/p>\n","protected":false},"author":7,"featured_media":4352,"comment_status":"closed","ping_status":"closed","sticky":false,"template":"","format":"standard","meta":{"_bbp_topic_count":0,"_bbp_reply_count":0,"_bbp_total_topic_count":0,"_bbp_total_reply_count":0,"_bbp_voice_count":0,"_bbp_anonymous_reply_count":0,"_bbp_topic_count_hidden":0,"_bbp_reply_count_hidden":0,"_bbp_forum_subforum_count":0,"footnotes":""},"categories":[30,1,29],"tags":[264,368,422],"class_list":["post-5085","post","type-post","status-publish","format-standard","has-post-thumbnail","hentry","category-cicles-formatius","category-general","category-portada","tag-curs-2022-23","tag-preinscripcio","tag-sollicitud"],"post_mailing_queue_ids":[],"_links":{"self":[{"href":"https:\/\/agora.xtec.cat\/iessantaeugenia\/wp-json\/wp\/v2\/posts\/5085","targetHints":{"allow":["GET"]}}],"collection":[{"href":"https:\/\/agora.xtec.cat\/iessantaeugenia\/wp-json\/wp\/v2\/posts"}],"about":[{"href":"https:\/\/agora.xtec.cat\/iessantaeugenia\/wp-json\/wp\/v2\/types\/post"}],"author":[{"embeddable":true,"href":"https:\/\/agora.xtec.cat\/iessantaeugenia\/wp-json\/wp\/v2\/users\/7"}],"replies":[{"embeddable":true,"href":"https:\/\/agora.xtec.cat\/iessantaeugenia\/wp-json\/wp\/v2\/comments?post=5085"}],"version-history":[{"count":3,"href":"https:\/\/agora.xtec.cat\/iessantaeugenia\/wp-json\/wp\/v2\/posts\/5085\/revisions"}],"predecessor-version":[{"id":5135,"href":"https:\/\/agora.xtec.cat\/iessantaeugenia\/wp-json\/wp\/v2\/posts\/5085\/revisions\/5135"}],"wp:featuredmedia":[{"embeddable":true,"href":"https:\/\/agora.xtec.cat\/iessantaeugenia\/wp-json\/wp\/v2\/media\/4352"}],"wp:attachment":[{"href":"https:\/\/agora.xtec.cat\/iessantaeugenia\/wp-json\/wp\/v2\/media?parent=5085"}],"wp:term":[{"taxonomy":"category","embeddable":true,"href":"https:\/\/agora.xtec.cat\/iessantaeugenia\/wp-json\/wp\/v2\/categories?post=5085"},{"taxonomy":"post_tag","embeddable":true,"href":"https:\/\/agora.xtec.cat\/iessantaeugenia\/wp-json\/wp\/v2\/tags?post=5085"}],"curies":[{"name":"wp","href":"https:\/\/api.w.org\/{rel}","templated":true}]}}