{"id":3354,"date":"2022-03-14T06:00:48","date_gmt":"2022-03-14T05:00:48","guid":{"rendered":"https:\/\/agora.xtec.cat\/iessantaeugenia\/?p=3354"},"modified":"2022-03-23T06:28:08","modified_gmt":"2022-03-23T05:28:08","slug":"grup-rubi-dona-un-conjunt-deines-professionals-de-collocacio-de-ceramica-a-edificacio-i-obra-civil","status":"publish","type":"post","link":"https:\/\/agora.xtec.cat\/iessantaeugenia\/general\/grup-rubi-dona-un-conjunt-deines-professionals-de-collocacio-de-ceramica-a-edificacio-i-obra-civil\/","title":{"rendered":"Grup Rubi d\u00f3na un conjunt d&#8217;eines professionals de col\u00b7locaci\u00f3 de cer\u00e0mica per les pr\u00e0ctiques d&#8217;Edificaci\u00f3 i Obra Civil"},"content":{"rendered":"<p><strong>Grup RUB<\/strong>I, conegut per comercialitzar la marca\u00a0<a href=\"https:\/\/www.rubi.com\/ca\" target=\"_blank\" rel=\"noopener\">RUBI\u00a0<\/a>\u00a0a 120 pa\u00efsos, ha donat un conjunt d&#8217;eines professionals de col\u00b7locaci\u00f3 de cer\u00e0mica al\u00a0departament d&#8217;<strong>Edificaci\u00f3 i Obra Civil\u00a0de l&#8217;Institut<\/strong>.<\/p>\n<p>La dotaci\u00f3 va adre\u00e7ada a\u00a0<strong>perfeccionar\u00a0la\u00a0doc\u00e8ncia\u00a0dels\u00a0m\u00f2duls\u00a0<\/strong>del cicle formatiu de grau mitj\u00e0\u00a0Obres d&#8217;interior, decoraci\u00f3 i rehabilitaci\u00f3.<\/p>\n<p><a href=\"https:\/\/agora.xtec.cat\/iessantaeugenia\/wp-content\/uploads\/usu1801\/2022\/03\/03_2022_GRUP_RUBI_DONACIO_MATERIAL_2501_X_1407-1.png\"><img loading=\"lazy\" decoding=\"async\" class=\"alignnone wp-image-3367\" src=\"https:\/\/agora.xtec.cat\/iessantaeugenia\/wp-content\/uploads\/usu1801\/2022\/03\/03_2022_GRUP_RUBI_DONACIO_MATERIAL_2501_X_1407-1-300x169.png\" alt=\"\" width=\"369\" height=\"208\" \/><\/a><\/p>\n<p>\u00c9s la segona donaci\u00f3 de l&#8217;empresa dels <strong>germans Boadas<\/strong> a benefici del centre.<\/p>\n<p>Edificaci\u00f3 i Obra Civil vol <strong>agrair<\/strong> el suport de\u00a0Grup RUBI\u00a0pel continuat suport\u00a0a la\u00a0<strong>formaci\u00f3 professional\u00a0<\/strong>i, en concret, a l&#8217;<strong>Institut Santa Eug\u00e8nia<\/strong>, per l&#8217;aportaci\u00f3 de les eines.<\/p>\n<p><a href=\"https:\/\/agora.xtec.cat\/iessantaeugenia\/wp-content\/uploads\/usu1801\/2022\/03\/03_2022_LOGO_RUBI03_2022_1080_X_1080.png\"><img loading=\"lazy\" decoding=\"async\" class=\"alignnone wp-image-3361\" src=\"https:\/\/agora.xtec.cat\/iessantaeugenia\/wp-content\/uploads\/usu1801\/2022\/03\/03_2022_LOGO_RUBI03_2022_1080_X_1080-300x300.png\" alt=\"\" width=\"130\" height=\"130\" srcset=\"https:\/\/agora.xtec.cat\/iessantaeugenia\/wp-content\/uploads\/usu1801\/2022\/03\/03_2022_LOGO_RUBI03_2022_1080_X_1080-300x300.png 300w, https:\/\/agora.xtec.cat\/iessantaeugenia\/wp-content\/uploads\/usu1801\/2022\/03\/03_2022_LOGO_RUBI03_2022_1080_X_1080-1024x1024.png 1024w, https:\/\/agora.xtec.cat\/iessantaeugenia\/wp-content\/uploads\/usu1801\/2022\/03\/03_2022_LOGO_RUBI03_2022_1080_X_1080-150x150.png 150w, https:\/\/agora.xtec.cat\/iessantaeugenia\/wp-content\/uploads\/usu1801\/2022\/03\/03_2022_LOGO_RUBI03_2022_1080_X_1080-768x768.png 768w, https:\/\/agora.xtec.cat\/iessantaeugenia\/wp-content\/uploads\/usu1801\/2022\/03\/03_2022_LOGO_RUBI03_2022_1080_X_1080.png 1080w\" sizes=\"auto, (max-width: 130px) 100vw, 130px\" \/><\/a><\/p>\n","protected":false},"excerpt":{"rendered":"<p>Grup RUBI, conegut per comercialitzar la marca\u00a0<a href=\"https:\/\/www.rubi.com\/ca\" target=\"_blank\" rel=\"noopener\">RUBI\u00a0<\/a>\u00a0a 120 pa\u00efsos, ha donat un conjunt d&#8217;eines professionals de col\u00b7locaci\u00f3 de cer\u00e0mica al\u00a0departament d&#8217;Edificaci\u00f3 i Obra Civil\u00a0de l&#8217;Institut.<br \/>\nLa dotaci\u00f3 va adre\u00e7ada a\u00a0perfeccionar\u00a0la\u00a0doc\u00e8ncia\u00a0dels\u00a0m\u00f2duls\u00a0del cicle formatiu de grau mitj\u00e0\u00a0Obres d&#8217;interior, decoraci\u00f3 i rehabilitaci\u00f3.<br \/>\n<a href=\"https:\/\/agora.xtec.cat\/iessantaeugenia\/wp-content\/uploads\/usu1801\/2022\/03\/03_2022_GRUP_RUBI_DONACIO_MATERIAL_2501_X_1407-1.png\"><\/a><br \/>\n\u00c9s la segona donaci\u00f3&hellip;  <a href=\"https:\/\/agora.xtec.cat\/iessantaeugenia\/general\/grup-rubi-dona-un-conjunt-deines-professionals-de-collocacio-de-ceramica-a-edificacio-i-obra-civil\/\" title=\"Read Grup Rubi d\u00f3na un conjunt d&#8217;eines professionals de col\u00b7locaci\u00f3 de cer\u00e0mica per les pr\u00e0ctiques d&#8217;Edificaci\u00f3 i Obra Civil\">Llegeix m\u00e9s\u00bb<\/a><\/p>\n","protected":false},"author":7,"featured_media":3489,"comment_status":"closed","ping_status":"closed","sticky":false,"template":"","format":"standard","meta":{"_bbp_topic_count":0,"_bbp_reply_count":0,"_bbp_total_topic_count":0,"_bbp_total_reply_count":0,"_bbp_voice_count":0,"_bbp_anonymous_reply_count":0,"_bbp_topic_count_hidden":0,"_bbp_reply_count_hidden":0,"_bbp_forum_subforum_count":0,"footnotes":""},"categories":[30,1,29],"tags":[267,278,139],"class_list":["post-3354","post","type-post","status-publish","format-standard","has-post-thumbnail","hentry","category-cicles-formatius","category-general","category-portada","tag-donacio","tag-eines-professionals","tag-empresa"],"post_mailing_queue_ids":[],"_links":{"self":[{"href":"https:\/\/agora.xtec.cat\/iessantaeugenia\/wp-json\/wp\/v2\/posts\/3354","targetHints":{"allow":["GET"]}}],"collection":[{"href":"https:\/\/agora.xtec.cat\/iessantaeugenia\/wp-json\/wp\/v2\/posts"}],"about":[{"href":"https:\/\/agora.xtec.cat\/iessantaeugenia\/wp-json\/wp\/v2\/types\/post"}],"author":[{"embeddable":true,"href":"https:\/\/agora.xtec.cat\/iessantaeugenia\/wp-json\/wp\/v2\/users\/7"}],"replies":[{"embeddable":true,"href":"https:\/\/agora.xtec.cat\/iessantaeugenia\/wp-json\/wp\/v2\/comments?post=3354"}],"version-history":[{"count":3,"href":"https:\/\/agora.xtec.cat\/iessantaeugenia\/wp-json\/wp\/v2\/posts\/3354\/revisions"}],"predecessor-version":[{"id":3707,"href":"https:\/\/agora.xtec.cat\/iessantaeugenia\/wp-json\/wp\/v2\/posts\/3354\/revisions\/3707"}],"wp:featuredmedia":[{"embeddable":true,"href":"https:\/\/agora.xtec.cat\/iessantaeugenia\/wp-json\/wp\/v2\/media\/3489"}],"wp:attachment":[{"href":"https:\/\/agora.xtec.cat\/iessantaeugenia\/wp-json\/wp\/v2\/media?parent=3354"}],"wp:term":[{"taxonomy":"category","embeddable":true,"href":"https:\/\/agora.xtec.cat\/iessantaeugenia\/wp-json\/wp\/v2\/categories?post=3354"},{"taxonomy":"post_tag","embeddable":true,"href":"https:\/\/agora.xtec.cat\/iessantaeugenia\/wp-json\/wp\/v2\/tags?post=3354"}],"curies":[{"name":"wp","href":"https:\/\/api.w.org\/{rel}","templated":true}]}}