{"id":184,"date":"2021-09-16T16:00:08","date_gmt":"2021-09-16T14:00:08","guid":{"rendered":"http:\/\/agora.xtec.cat\/iessantaeugenia\/?p=184"},"modified":"2025-10-08T14:00:15","modified_gmt":"2025-10-08T12:00:15","slug":"noticia-9","status":"publish","type":"post","link":"https:\/\/agora.xtec.cat\/iessantaeugenia\/general\/noticia-9\/","title":{"rendered":"C\u00e0rrecs d&#8217;Educaci\u00f3 a Girona lliuren els premis Impuls a projectes dissenyats per alumnes d&#8217;Electr\u00f2nica i Publicitat"},"content":{"rendered":"<p><span style=\"font-size: medium;\">C\u00e0rrecs del\u00a0<strong>departament d&#8217;Educaci\u00f3<\/strong>\u00a0a la\u00a0<strong>demarcaci\u00f3 de\u00a0Girona<\/strong>\u00a0han entregat els\u00a0<strong>premis\u00a0<a href=\"https:\/\/projectes.xtec.cat\/impulsfp\/que-es\/\" target=\"_blank\" rel=\"noopener\">Impuls FP<\/a><\/strong>\u00a0en la modalitat\u00a0<strong>Innova\u00a0<\/strong>de grau superior\u00a0a projectes d&#8217;<strong>Electricitat i Electr\u00f2nica<\/strong>,\u00a0i de\u00a0<strong>M\u00e0rqueting i Publicitat.<\/strong><\/span><\/p>\n<p><span style=\"font-size: medium;\">Actualment immersos en el\u00a0<strong>mon professional i universitari<\/strong>, els alumnes guardonats estudiaven a la<strong>\u00a0formaci\u00f3 professional<\/strong> de l&#8217;Institut el curs passat.<\/span><\/p>\n<p><span style=\"font-size: medium;\">El guanyador de la modalitat ha estat un<strong>\u00a0punt de rec\u00e0rrega de vehicles el\u00e8ctrics<\/strong>, que funciona a l&#8217;aparcament de l&#8217;Institut.\u00a0<\/span><\/p>\n<p>L&#8217;autor del disseny de la instal\u00b7laci\u00f3 \u00e9s\u00a0<strong>Jonathan Ramos<\/strong>, exalumne del grau superior de\u00a0<strong>Sistemes electrot\u00e8cnics i automatitzats<\/strong>.<\/p>\n<p>En aquest projecte, tamb\u00e9 hi ha participat el departament d&#8217;<strong>Edificaci\u00f3 i Obra Civil<\/strong>.<\/p>\n<p>En la mateixa categoria, una\u00a0<strong>aplicaci\u00f3 per a dispositiu m\u00f2bil amb el prop\u00f2sit de dinamitzar el Cam\u00ed de Ronda de S&#8217;Agar\u00f3<\/strong>\u00a0ha quedat en tercera posici\u00f3.<\/p>\n<p>El disseny del prototip \u00e9s de\u00a0<strong>X\u00e8nia Artacho<\/strong>,\u00a0<strong>Gemma Rovira<\/strong>\u00a0i\u00a0<strong>J\u00falia Ruiz<\/strong>, que estudiaven el\u00a0<strong>3&#215;2 de\u00a0M\u00e0rqueting\u00a0i\u00a0Publicitat<\/strong>.<\/p>\n<p>El nou coordinador territorial de Formaci\u00f3 Professional a Girona,\u00a0<strong>Ivan Ricard<\/strong>, i la inspectora\u00a0<strong>Raquel Robert<\/strong>\u00a0han entregat els guardons.<\/p>\n<p>D&#8217;esquerra a dreta i a la primera l\u00ednia,<strong>\u00a0Irene Freixas<\/strong>, coordinadora dels estudis de M\u00e0rqueting i Publicitat i mentora del projecte de l&#8217;aplicaci\u00f3; i X\u00e8nia Artacho, Gemma Rovira i J\u00falia Ruiz.<\/p>\n<p>A la segona fila, Raquel Robert;\u00a0<strong>Tolo Torres<\/strong>, cap del departament d&#8217;<strong>Electricitat i Electricitat\u00a0<\/strong>i un dels professors implicats en el projecte; i\u00a0<strong>Francesc Mart\u00ed<\/strong>, director de l&#8217;<strong>Institut Santa Eug\u00e8nia<\/strong>.<\/p>\n<p>&nbsp;<\/p>\n<p>+ info <a href=\"http:\/\/web.isantaeugenia.cat\/index.php?apartat=68%C2%ACicia=698&amp;categoria=0\" target=\"_blank\" rel=\"noopener\"><strong><span style=\"font-size: medium;\">El punt de rec\u00e0rrega de vehicles el\u00e8ctrics, premi Impuls FP de Girona de grau superior<\/span><\/strong><\/a><\/p>\n<p><a href=\"https:\/\/agora.xtec.cat\/iessantaeugenia\/wp-content\/uploads\/usu1801\/2014\/09\/PREMIS_IMPULS_2501X1407-min-e1632672135287.png\"><img loading=\"lazy\" decoding=\"async\" class=\"alignnone size-large wp-image-1362\" src=\"https:\/\/agora.xtec.cat\/iessantaeugenia\/wp-content\/uploads\/usu1801\/2014\/09\/PREMIS_IMPULS_2501X1407-min-e1632672135287-1024x496.png\" alt=\"\" width=\"1024\" height=\"496\" srcset=\"https:\/\/agora.xtec.cat\/iessantaeugenia\/wp-content\/uploads\/usu1801\/2014\/09\/PREMIS_IMPULS_2501X1407-min-e1632672135287-1024x496.png 1024w, https:\/\/agora.xtec.cat\/iessantaeugenia\/wp-content\/uploads\/usu1801\/2014\/09\/PREMIS_IMPULS_2501X1407-min-e1632672135287-300x145.png 300w, https:\/\/agora.xtec.cat\/iessantaeugenia\/wp-content\/uploads\/usu1801\/2014\/09\/PREMIS_IMPULS_2501X1407-min-e1632672135287-768x372.png 768w, https:\/\/agora.xtec.cat\/iessantaeugenia\/wp-content\/uploads\/usu1801\/2014\/09\/PREMIS_IMPULS_2501X1407-min-e1632672135287-1536x744.png 1536w, https:\/\/agora.xtec.cat\/iessantaeugenia\/wp-content\/uploads\/usu1801\/2014\/09\/PREMIS_IMPULS_2501X1407-min-e1632672135287-2048x992.png 2048w\" sizes=\"auto, (max-width: 1024px) 100vw, 1024px\" \/><\/a><\/p>\n","protected":false},"excerpt":{"rendered":"<p>C\u00e0rrecs del\u00a0departament d&#8217;Educaci\u00f3\u00a0a la\u00a0demarcaci\u00f3 de\u00a0Girona\u00a0han entregat els\u00a0premis\u00a0<a href=\"https:\/\/projectes.xtec.cat\/impulsfp\/que-es\/\" target=\"_blank\" rel=\"noopener\">Impuls FP<\/a>\u00a0en la modalitat\u00a0Innova\u00a0de grau superior\u00a0a projectes d&#8217;Electricitat i Electr\u00f2nica,\u00a0i de\u00a0M\u00e0rqueting i Publicitat.<br \/>\nActualment immersos en el\u00a0mon professional i universitari, els alumnes guardonats estudiaven a la\u00a0formaci\u00f3 professional de l&#8217;Institut el curs passat.<br \/>\nEl guanyador de la modalitat ha&hellip;  <a href=\"https:\/\/agora.xtec.cat\/iessantaeugenia\/general\/noticia-9\/\" title=\"Read C\u00e0rrecs d&#8217;Educaci\u00f3 a Girona lliuren els premis Impuls a projectes dissenyats per alumnes d&#8217;Electr\u00f2nica i Publicitat\">Llegeix m\u00e9s\u00bb<\/a><\/p>\n","protected":false},"author":7,"featured_media":1362,"comment_status":"open","ping_status":"closed","sticky":false,"template":"","format":"standard","meta":{"_bbp_topic_count":0,"_bbp_reply_count":0,"_bbp_total_topic_count":0,"_bbp_total_reply_count":0,"_bbp_voice_count":0,"_bbp_anonymous_reply_count":0,"_bbp_topic_count_hidden":0,"_bbp_reply_count_hidden":0,"_bbp_forum_subforum_count":0,"footnotes":""},"categories":[30,1,29],"tags":[122,123],"class_list":["post-184","post","type-post","status-publish","format-standard","has-post-thumbnail","hentry","category-cicles-formatius","category-general","category-portada","tag-cicles-formatius","tag-publicitat"],"post_mailing_queue_ids":[],"_links":{"self":[{"href":"https:\/\/agora.xtec.cat\/iessantaeugenia\/wp-json\/wp\/v2\/posts\/184","targetHints":{"allow":["GET"]}}],"collection":[{"href":"https:\/\/agora.xtec.cat\/iessantaeugenia\/wp-json\/wp\/v2\/posts"}],"about":[{"href":"https:\/\/agora.xtec.cat\/iessantaeugenia\/wp-json\/wp\/v2\/types\/post"}],"author":[{"embeddable":true,"href":"https:\/\/agora.xtec.cat\/iessantaeugenia\/wp-json\/wp\/v2\/users\/7"}],"replies":[{"embeddable":true,"href":"https:\/\/agora.xtec.cat\/iessantaeugenia\/wp-json\/wp\/v2\/comments?post=184"}],"version-history":[{"count":5,"href":"https:\/\/agora.xtec.cat\/iessantaeugenia\/wp-json\/wp\/v2\/posts\/184\/revisions"}],"predecessor-version":[{"id":13251,"href":"https:\/\/agora.xtec.cat\/iessantaeugenia\/wp-json\/wp\/v2\/posts\/184\/revisions\/13251"}],"wp:featuredmedia":[{"embeddable":true,"href":"https:\/\/agora.xtec.cat\/iessantaeugenia\/wp-json\/wp\/v2\/media\/1362"}],"wp:attachment":[{"href":"https:\/\/agora.xtec.cat\/iessantaeugenia\/wp-json\/wp\/v2\/media?parent=184"}],"wp:term":[{"taxonomy":"category","embeddable":true,"href":"https:\/\/agora.xtec.cat\/iessantaeugenia\/wp-json\/wp\/v2\/categories?post=184"},{"taxonomy":"post_tag","embeddable":true,"href":"https:\/\/agora.xtec.cat\/iessantaeugenia\/wp-json\/wp\/v2\/tags?post=184"}],"curies":[{"name":"wp","href":"https:\/\/api.w.org\/{rel}","templated":true}]}}