{"id":161,"date":"2021-09-17T16:00:03","date_gmt":"2021-09-17T14:00:03","guid":{"rendered":"http:\/\/agora.xtec.cat\/iessantaeugenia\/?p=161"},"modified":"2021-09-26T19:02:02","modified_gmt":"2021-09-26T17:02:02","slug":"noticia-7","status":"publish","type":"post","link":"https:\/\/agora.xtec.cat\/iessantaeugenia\/general\/noticia-7\/","title":{"rendered":"L&#8217;Institut entra en un projecte europeu per a professionalitzar docents mentors que acompanyin els professors novells"},"content":{"rendered":"<p><span style=\"font-size: medium;\">L&#8217;<strong>Institut Santa Eug\u00e8nia\u00a0<\/strong>ha entrat en un projecte de la\u00a0<strong>Comissi\u00f3 Europea<\/strong>\u00a0que t\u00e9 l&#8217;objectiu de\u00a0<strong>professionalitzar docents mentors<\/strong>\u00a0perqu\u00e8 acompanyi al\u00a0<strong>professorat novell\u00a0<\/strong>i els ajudi a millorar les seves compet\u00e8ncies docents. <\/span><\/p>\n<p><span style=\"font-size: medium; font-family: inherit;\">En aquest projecte pilot, que rep el nom de\u00a0<\/span><strong style=\"font-size: medium; font-family: inherit;\">NEST\u00a0<\/strong><span style=\"font-size: medium; font-family: inherit;\">(Novice Teacher Support and Training),\u00a0participen\u00a0<\/span><strong style=\"font-size: medium; font-family: inherit;\">dues professores mentores<\/strong><span style=\"font-size: medium; font-family: inherit;\">\u00a0i\u00a0<\/span><strong style=\"font-size: medium; font-family: inherit;\">sis professors novells<\/strong><span style=\"font-size: medium; font-family: inherit;\"> de l&#8217;Institut.<\/span><\/p>\n<p><span style=\"font-size: medium; font-family: inherit;\">La formaci\u00f3 tindr\u00e0 lloc durant el\u00a0<\/span><strong style=\"font-size: medium; font-family: inherit;\">curs 2021-2022\u00a0<\/strong><span style=\"font-size: medium; font-family: inherit;\">i l\u2019acompanyament al\u00a0<\/span><strong style=\"font-size: medium; font-family: inherit;\">professorat novell<\/strong><span style=\"font-size: medium; font-family: inherit;\">\u00a0s\u2019estendr\u00e0 fins el\u00a0<\/span><strong style=\"font-size: medium; font-family: inherit;\">2023<\/strong><span style=\"font-size: medium; font-family: inherit;\">.<\/span><\/p>\n<p><span style=\"font-size: medium; font-family: inherit;\">Aquest \u00e9s un projecte d\u2019<\/span><strong style=\"font-size: medium; font-family: inherit;\">innovaci\u00f3 de pol\u00edtiques\u00a0europees Erasmus+<\/strong><span style=\"font-size: medium; font-family: inherit;\">, avalat pel\u00a0<\/span><strong style=\"font-size: medium; font-family: inherit;\">Departament d\u2019Educaci\u00f3 la Generalitat de Catalunya<\/strong><span style=\"font-size: medium; font-family: inherit;\">\u00a0i en paral\u00b7lel amb els pa\u00efsos mentors \u00c0ustria, B\u00e8lgica, Bulg\u00e0ria i Romania.\u00a0\u00a0<\/span><\/p>\n<div>\n<p>+info\u00a0<span style=\"font-size: medium;\"><strong>Novice Teacher Support and Training<\/strong><\/span>\u00a0<a href=\"https:\/\/projectes.xtec.cat\/centresformadors\/nest-novice-teacher-support-and-training\/\" target=\"_blank\" rel=\"noopener\"><strong><span style=\"font-size: medium;\">NEST<\/span><\/strong><\/a><\/p>\n<\/div>\n","protected":false},"excerpt":{"rendered":"<p>L&#8217;Institut Santa Eug\u00e8nia\u00a0ha entrat en un projecte de la\u00a0Comissi\u00f3 Europea\u00a0que t\u00e9 l&#8217;objectiu de\u00a0professionalitzar docents mentors\u00a0perqu\u00e8 acompanyi al\u00a0professorat novell\u00a0i els ajudi a millorar les seves compet\u00e8ncies docents.<br \/>\nEn aquest projecte pilot, que rep el nom de\u00a0NEST\u00a0(Novice Teacher Support and Training),\u00a0participen\u00a0dues professores mentores\u00a0i\u00a0sis professors novells de l&#8217;Institut.<br \/>\nLa&hellip;  <a href=\"https:\/\/agora.xtec.cat\/iessantaeugenia\/general\/noticia-7\/\" title=\"Read L&#8217;Institut entra en un projecte europeu per a professionalitzar docents mentors que acompanyin els professors novells\">Llegeix m\u00e9s\u00bb<\/a><\/p>\n","protected":false},"author":7,"featured_media":1359,"comment_status":"open","ping_status":"closed","sticky":false,"template":"","format":"standard","meta":{"_bbp_topic_count":0,"_bbp_reply_count":0,"_bbp_total_topic_count":0,"_bbp_total_reply_count":0,"_bbp_voice_count":0,"_bbp_anonymous_reply_count":0,"_bbp_topic_count_hidden":0,"_bbp_reply_count_hidden":0,"_bbp_forum_subforum_count":0,"footnotes":""},"categories":[120,1,29],"tags":[121],"class_list":["post-161","post","type-post","status-publish","format-standard","has-post-thumbnail","hentry","category-eso","category-general","category-portada","tag-docencia"],"post_mailing_queue_ids":[],"_links":{"self":[{"href":"https:\/\/agora.xtec.cat\/iessantaeugenia\/wp-json\/wp\/v2\/posts\/161","targetHints":{"allow":["GET"]}}],"collection":[{"href":"https:\/\/agora.xtec.cat\/iessantaeugenia\/wp-json\/wp\/v2\/posts"}],"about":[{"href":"https:\/\/agora.xtec.cat\/iessantaeugenia\/wp-json\/wp\/v2\/types\/post"}],"author":[{"embeddable":true,"href":"https:\/\/agora.xtec.cat\/iessantaeugenia\/wp-json\/wp\/v2\/users\/7"}],"replies":[{"embeddable":true,"href":"https:\/\/agora.xtec.cat\/iessantaeugenia\/wp-json\/wp\/v2\/comments?post=161"}],"version-history":[{"count":3,"href":"https:\/\/agora.xtec.cat\/iessantaeugenia\/wp-json\/wp\/v2\/posts\/161\/revisions"}],"predecessor-version":[{"id":1392,"href":"https:\/\/agora.xtec.cat\/iessantaeugenia\/wp-json\/wp\/v2\/posts\/161\/revisions\/1392"}],"wp:featuredmedia":[{"embeddable":true,"href":"https:\/\/agora.xtec.cat\/iessantaeugenia\/wp-json\/wp\/v2\/media\/1359"}],"wp:attachment":[{"href":"https:\/\/agora.xtec.cat\/iessantaeugenia\/wp-json\/wp\/v2\/media?parent=161"}],"wp:term":[{"taxonomy":"category","embeddable":true,"href":"https:\/\/agora.xtec.cat\/iessantaeugenia\/wp-json\/wp\/v2\/categories?post=161"},{"taxonomy":"post_tag","embeddable":true,"href":"https:\/\/agora.xtec.cat\/iessantaeugenia\/wp-json\/wp\/v2\/tags?post=161"}],"curies":[{"name":"wp","href":"https:\/\/api.w.org\/{rel}","templated":true}]}}