{"id":14317,"date":"2026-06-03T13:15:20","date_gmt":"2026-06-03T11:15:20","guid":{"rendered":"https:\/\/agora.xtec.cat\/iessantaeugenia\/?p=14317"},"modified":"2026-06-03T13:38:07","modified_gmt":"2026-06-03T11:38:07","slug":"emocio-i-records-en-la-graduacio-de-2n-de-batxillerat","status":"publish","type":"post","link":"https:\/\/agora.xtec.cat\/iessantaeugenia\/general\/emocio-i-records-en-la-graduacio-de-2n-de-batxillerat\/","title":{"rendered":"Emoci\u00f3 i records en la graduaci\u00f3 de 2n de Batxillerat\u00a0"},"content":{"rendered":"<p dir=\"ltr\">El passat divendres 22 de maig, l\u2019alumnat de 2n de Batxillerat va celebrar la seva graduaci\u00f3 en un acte que va tenir lloc al gimn\u00e0s de l\u2019Institut Santa Eug\u00e8nia. La cerim\u00f2nia va reunir alumnat, fam\u00edlies i professorat per commemorar la finalitzaci\u00f3 d\u2019una etapa acad\u00e8mica marcada per l\u2019esfor\u00e7, la const\u00e0ncia i el creixement personal.<\/p>\n<p dir=\"ltr\">L\u2019acte va servir per recon\u00e8ixer la dedicaci\u00f3 dels estudiants al llarg dels darrers cursos i per compartir un moment especial abans d\u2019emprendre nous reptes formatius i professionals. Durant la celebraci\u00f3, es van viure instants d\u2019emoci\u00f3, records compartits i mostres d\u2019agra\u00efment cap a les persones que han acompanyat l\u2019alumnat en aquest cam\u00ed.<\/p>\n<p dir=\"ltr\">Per a molts d\u2019aquests alumnes, les properes setmanes estaran marcades per les PAU i la preparaci\u00f3 de l\u2019acc\u00e9s als estudis universitaris. D\u2019altres optaran per continuar la seva formaci\u00f3 en cicles formatius de grau superior o emprendre nous itineraris acad\u00e8mics i professionals. En tots els casos, aquesta graduaci\u00f3 representa un punt de partida cap a nous reptes, il\u00b7lusions i oportunitats de futur.<\/p>\n<p dir=\"ltr\"><a href=\"https:\/\/agora.xtec.cat\/iessantaeugenia\/wp-content\/uploads\/usu1801\/2026\/06\/graduacio-batxillerat-horitzontal-01.jpg\"><img loading=\"lazy\" decoding=\"async\" class=\"alignnone wp-image-14319\" src=\"https:\/\/agora.xtec.cat\/iessantaeugenia\/wp-content\/uploads\/usu1801\/2026\/06\/graduacio-batxillerat-horitzontal-01-1024x512.jpg\" alt=\"\" width=\"800\" height=\"400\" srcset=\"https:\/\/agora.xtec.cat\/iessantaeugenia\/wp-content\/uploads\/usu1801\/2026\/06\/graduacio-batxillerat-horitzontal-01-1024x512.jpg 1024w, https:\/\/agora.xtec.cat\/iessantaeugenia\/wp-content\/uploads\/usu1801\/2026\/06\/graduacio-batxillerat-horitzontal-01-300x150.jpg 300w, https:\/\/agora.xtec.cat\/iessantaeugenia\/wp-content\/uploads\/usu1801\/2026\/06\/graduacio-batxillerat-horitzontal-01-768x384.jpg 768w, https:\/\/agora.xtec.cat\/iessantaeugenia\/wp-content\/uploads\/usu1801\/2026\/06\/graduacio-batxillerat-horitzontal-01-1536x768.jpg 1536w, https:\/\/agora.xtec.cat\/iessantaeugenia\/wp-content\/uploads\/usu1801\/2026\/06\/graduacio-batxillerat-horitzontal-01-2048x1024.jpg 2048w\" sizes=\"auto, (max-width: 800px) 100vw, 800px\" \/><\/a><\/p>\n<p dir=\"ltr\"><a href=\"https:\/\/agora.xtec.cat\/iessantaeugenia\/wp-content\/uploads\/usu1801\/2026\/06\/graduacio-batxillerat-horitzontal-02.jpg\"><img loading=\"lazy\" decoding=\"async\" class=\"alignnone wp-image-14318\" src=\"https:\/\/agora.xtec.cat\/iessantaeugenia\/wp-content\/uploads\/usu1801\/2026\/06\/graduacio-batxillerat-horitzontal-02-1024x512.jpg\" alt=\"\" width=\"800\" height=\"400\" srcset=\"https:\/\/agora.xtec.cat\/iessantaeugenia\/wp-content\/uploads\/usu1801\/2026\/06\/graduacio-batxillerat-horitzontal-02-1024x512.jpg 1024w, https:\/\/agora.xtec.cat\/iessantaeugenia\/wp-content\/uploads\/usu1801\/2026\/06\/graduacio-batxillerat-horitzontal-02-300x150.jpg 300w, https:\/\/agora.xtec.cat\/iessantaeugenia\/wp-content\/uploads\/usu1801\/2026\/06\/graduacio-batxillerat-horitzontal-02-768x384.jpg 768w, https:\/\/agora.xtec.cat\/iessantaeugenia\/wp-content\/uploads\/usu1801\/2026\/06\/graduacio-batxillerat-horitzontal-02-1536x768.jpg 1536w, https:\/\/agora.xtec.cat\/iessantaeugenia\/wp-content\/uploads\/usu1801\/2026\/06\/graduacio-batxillerat-horitzontal-02-2048x1024.jpg 2048w\" sizes=\"auto, (max-width: 800px) 100vw, 800px\" \/><\/a><\/p>\n<p dir=\"ltr\">\n","protected":false},"excerpt":{"rendered":"<p>El passat divendres 22 de maig, l\u2019alumnat de 2n de Batxillerat va celebrar la seva graduaci\u00f3 en un acte que va tenir lloc al gimn\u00e0s de l\u2019Institut Santa Eug\u00e8nia. La cerim\u00f2nia va reunir alumnat, fam\u00edlies i professorat per commemorar la finalitzaci\u00f3 d\u2019una etapa acad\u00e8mica marcada&hellip;  <a href=\"https:\/\/agora.xtec.cat\/iessantaeugenia\/general\/emocio-i-records-en-la-graduacio-de-2n-de-batxillerat\/\" title=\"Read Emoci\u00f3 i records en la graduaci\u00f3 de 2n de Batxillerat\u00a0\">Llegeix m\u00e9s\u00bb<\/a><\/p>\n","protected":false},"author":1,"featured_media":14319,"comment_status":"closed","ping_status":"open","sticky":false,"template":"","format":"standard","meta":{"_bbp_topic_count":0,"_bbp_reply_count":0,"_bbp_total_topic_count":0,"_bbp_total_reply_count":0,"_bbp_voice_count":0,"_bbp_anonymous_reply_count":0,"_bbp_topic_count_hidden":0,"_bbp_reply_count_hidden":0,"_bbp_forum_subforum_count":0,"footnotes":""},"categories":[8,116,117,1,29],"tags":[],"class_list":["post-14317","post","type-post","status-publish","format-standard","has-post-thumbnail","hentry","category-batxillerat","category-batx-tecnologic","category-batx-humanitats-i-ciencies","category-general","category-portada"],"post_mailing_queue_ids":[],"_links":{"self":[{"href":"https:\/\/agora.xtec.cat\/iessantaeugenia\/wp-json\/wp\/v2\/posts\/14317","targetHints":{"allow":["GET"]}}],"collection":[{"href":"https:\/\/agora.xtec.cat\/iessantaeugenia\/wp-json\/wp\/v2\/posts"}],"about":[{"href":"https:\/\/agora.xtec.cat\/iessantaeugenia\/wp-json\/wp\/v2\/types\/post"}],"author":[{"embeddable":true,"href":"https:\/\/agora.xtec.cat\/iessantaeugenia\/wp-json\/wp\/v2\/users\/1"}],"replies":[{"embeddable":true,"href":"https:\/\/agora.xtec.cat\/iessantaeugenia\/wp-json\/wp\/v2\/comments?post=14317"}],"version-history":[{"count":1,"href":"https:\/\/agora.xtec.cat\/iessantaeugenia\/wp-json\/wp\/v2\/posts\/14317\/revisions"}],"predecessor-version":[{"id":14320,"href":"https:\/\/agora.xtec.cat\/iessantaeugenia\/wp-json\/wp\/v2\/posts\/14317\/revisions\/14320"}],"wp:featuredmedia":[{"embeddable":true,"href":"https:\/\/agora.xtec.cat\/iessantaeugenia\/wp-json\/wp\/v2\/media\/14319"}],"wp:attachment":[{"href":"https:\/\/agora.xtec.cat\/iessantaeugenia\/wp-json\/wp\/v2\/media?parent=14317"}],"wp:term":[{"taxonomy":"category","embeddable":true,"href":"https:\/\/agora.xtec.cat\/iessantaeugenia\/wp-json\/wp\/v2\/categories?post=14317"},{"taxonomy":"post_tag","embeddable":true,"href":"https:\/\/agora.xtec.cat\/iessantaeugenia\/wp-json\/wp\/v2\/tags?post=14317"}],"curies":[{"name":"wp","href":"https:\/\/api.w.org\/{rel}","templated":true}]}}