{"id":14102,"date":"2026-04-29T12:07:49","date_gmt":"2026-04-29T10:07:49","guid":{"rendered":"https:\/\/agora.xtec.cat\/iessantaeugenia\/?p=14102"},"modified":"2026-04-29T12:07:49","modified_gmt":"2026-04-29T10:07:49","slug":"sortida-a-girona-del-treball-de-sintesi-de-2n-deso","status":"publish","type":"post","link":"https:\/\/agora.xtec.cat\/iessantaeugenia\/general\/sortida-a-girona-del-treball-de-sintesi-de-2n-deso\/","title":{"rendered":"Sortida a Girona del Treball de S\u00edntesi de 2n d&#8217;ESO"},"content":{"rendered":"<p><span style=\"font-weight: 400;\">Els alumnes de 2n d\u2019ESO de l\u2019INS Santa Eug\u00e8nia han dut a terme una enriquidora sortida a la ciutat de Girona en el marc del treball de s\u00edntesi. Aquesta experi\u00e8ncia els ha perm\u00e8s descobrir i aprofundir en la hist\u00f2ria i el patrimoni d\u2019alguns dels espais m\u00e9s emblem\u00e0tics de la ciutat.<\/span> <span style=\"font-weight: 400;\">Al llarg de la jornada, l&#8217;alumnat ha assumit un paper actiu i protagonista, convertint-se en guies per als seus companys i companyes. Pr\u00e8viament, han investigat diferents punts d&#8217;inter\u00e8s i n\u2019han preparat explicacions, que han compartit in situ amb la resta del grup. D&#8217;aquesta manera, han pogut posar en pr\u00e0ctica habilitats comunicatives, treball cooperatiu i capacitat d&#8217;an\u00e0lisi hist\u00f2rica.<\/span> <span style=\"font-weight: 400;\">Entre els espais visitats destaquen el Barri Vell, la Catedral, i les muralles, indrets que han perm\u00e8s entendre millor l&#8217;evoluci\u00f3 de la ciutat al llarg dels segles i la seva riquesa cultural.<\/span><\/p>\n<p><span style=\"font-weight: 400;\">Aquesta sortida ha estat una oportunitat \u00fanica per aprendre fora de l&#8217;aula, fomentant un aprenentatge significatiu i vivencial. Des de l\u2019INS Sants Eug\u00e8nia volem felicitar l&#8217;alumnat de 2n d\u2019ESO per la seva implicaci\u00f3, responsabilitat i entusiasme al llarg de tota l&#8217;activitat.<\/span> <span style=\"font-weight: 400;\">Sens dubte, una experi\u00e8ncia que ha combinat coneixement, conviv\u00e8ncia i descoberta del nostre entorn m\u00e9s proper.<\/span><\/p>\n<p><a href=\"https:\/\/agora.xtec.cat\/iessantaeugenia\/wp-content\/uploads\/usu1801\/2026\/04\/sintesi-2n-eso-04.jpg\"><img loading=\"lazy\" decoding=\"async\" class=\"alignnone wp-image-14103\" src=\"https:\/\/agora.xtec.cat\/iessantaeugenia\/wp-content\/uploads\/usu1801\/2026\/04\/sintesi-2n-eso-04-1024x1024.jpg\" alt=\"\" width=\"400\" height=\"400\" srcset=\"https:\/\/agora.xtec.cat\/iessantaeugenia\/wp-content\/uploads\/usu1801\/2026\/04\/sintesi-2n-eso-04-1024x1024.jpg 1024w, https:\/\/agora.xtec.cat\/iessantaeugenia\/wp-content\/uploads\/usu1801\/2026\/04\/sintesi-2n-eso-04-300x300.jpg 300w, https:\/\/agora.xtec.cat\/iessantaeugenia\/wp-content\/uploads\/usu1801\/2026\/04\/sintesi-2n-eso-04-150x150.jpg 150w, https:\/\/agora.xtec.cat\/iessantaeugenia\/wp-content\/uploads\/usu1801\/2026\/04\/sintesi-2n-eso-04-768x768.jpg 768w, https:\/\/agora.xtec.cat\/iessantaeugenia\/wp-content\/uploads\/usu1801\/2026\/04\/sintesi-2n-eso-04.jpg 1080w\" sizes=\"auto, (max-width: 400px) 100vw, 400px\" \/>\u00a0\u00a0<\/a> <a href=\"https:\/\/agora.xtec.cat\/iessantaeugenia\/wp-content\/uploads\/usu1801\/2026\/04\/sintesi-2n-eso-05.jpg\"><img loading=\"lazy\" decoding=\"async\" class=\"alignnone wp-image-14105\" src=\"https:\/\/agora.xtec.cat\/iessantaeugenia\/wp-content\/uploads\/usu1801\/2026\/04\/sintesi-2n-eso-05-1024x1024.jpg\" alt=\"\" width=\"400\" height=\"400\" srcset=\"https:\/\/agora.xtec.cat\/iessantaeugenia\/wp-content\/uploads\/usu1801\/2026\/04\/sintesi-2n-eso-05-1024x1024.jpg 1024w, https:\/\/agora.xtec.cat\/iessantaeugenia\/wp-content\/uploads\/usu1801\/2026\/04\/sintesi-2n-eso-05-300x300.jpg 300w, https:\/\/agora.xtec.cat\/iessantaeugenia\/wp-content\/uploads\/usu1801\/2026\/04\/sintesi-2n-eso-05-150x150.jpg 150w, https:\/\/agora.xtec.cat\/iessantaeugenia\/wp-content\/uploads\/usu1801\/2026\/04\/sintesi-2n-eso-05-768x768.jpg 768w, https:\/\/agora.xtec.cat\/iessantaeugenia\/wp-content\/uploads\/usu1801\/2026\/04\/sintesi-2n-eso-05.jpg 1080w\" sizes=\"auto, (max-width: 400px) 100vw, 400px\" \/><\/a><\/p>\n","protected":false},"excerpt":{"rendered":"<p>Els alumnes de 2n d\u2019ESO de l\u2019INS Santa Eug\u00e8nia han dut a terme una enriquidora sortida a la ciutat de Girona en el marc del treball de s\u00edntesi. Aquesta experi\u00e8ncia els ha perm\u00e8s descobrir i aprofundir en la hist\u00f2ria i el patrimoni d\u2019alguns dels espais&hellip;  <a href=\"https:\/\/agora.xtec.cat\/iessantaeugenia\/general\/sortida-a-girona-del-treball-de-sintesi-de-2n-deso\/\" title=\"Read Sortida a Girona del Treball de S\u00edntesi de 2n d&#8217;ESO\">Llegeix m\u00e9s\u00bb<\/a><\/p>\n","protected":false},"author":1,"featured_media":14104,"comment_status":"closed","ping_status":"open","sticky":false,"template":"","format":"standard","meta":{"_bbp_topic_count":0,"_bbp_reply_count":0,"_bbp_total_topic_count":0,"_bbp_total_reply_count":0,"_bbp_voice_count":0,"_bbp_anonymous_reply_count":0,"_bbp_topic_count_hidden":0,"_bbp_reply_count_hidden":0,"_bbp_forum_subforum_count":0,"footnotes":""},"categories":[113,120,1,29],"tags":[],"class_list":["post-14102","post","type-post","status-publish","format-standard","has-post-thumbnail","hentry","category-2eso","category-eso","category-general","category-portada"],"post_mailing_queue_ids":[],"_links":{"self":[{"href":"https:\/\/agora.xtec.cat\/iessantaeugenia\/wp-json\/wp\/v2\/posts\/14102","targetHints":{"allow":["GET"]}}],"collection":[{"href":"https:\/\/agora.xtec.cat\/iessantaeugenia\/wp-json\/wp\/v2\/posts"}],"about":[{"href":"https:\/\/agora.xtec.cat\/iessantaeugenia\/wp-json\/wp\/v2\/types\/post"}],"author":[{"embeddable":true,"href":"https:\/\/agora.xtec.cat\/iessantaeugenia\/wp-json\/wp\/v2\/users\/1"}],"replies":[{"embeddable":true,"href":"https:\/\/agora.xtec.cat\/iessantaeugenia\/wp-json\/wp\/v2\/comments?post=14102"}],"version-history":[{"count":1,"href":"https:\/\/agora.xtec.cat\/iessantaeugenia\/wp-json\/wp\/v2\/posts\/14102\/revisions"}],"predecessor-version":[{"id":14106,"href":"https:\/\/agora.xtec.cat\/iessantaeugenia\/wp-json\/wp\/v2\/posts\/14102\/revisions\/14106"}],"wp:featuredmedia":[{"embeddable":true,"href":"https:\/\/agora.xtec.cat\/iessantaeugenia\/wp-json\/wp\/v2\/media\/14104"}],"wp:attachment":[{"href":"https:\/\/agora.xtec.cat\/iessantaeugenia\/wp-json\/wp\/v2\/media?parent=14102"}],"wp:term":[{"taxonomy":"category","embeddable":true,"href":"https:\/\/agora.xtec.cat\/iessantaeugenia\/wp-json\/wp\/v2\/categories?post=14102"},{"taxonomy":"post_tag","embeddable":true,"href":"https:\/\/agora.xtec.cat\/iessantaeugenia\/wp-json\/wp\/v2\/tags?post=14102"}],"curies":[{"name":"wp","href":"https:\/\/api.w.org\/{rel}","templated":true}]}}