{"id":14094,"date":"2026-04-27T13:14:01","date_gmt":"2026-04-27T11:14:01","guid":{"rendered":"https:\/\/agora.xtec.cat\/iessantaeugenia\/?p=14094"},"modified":"2026-04-27T13:42:10","modified_gmt":"2026-04-27T11:42:10","slug":"lalumnat-de-segon-de-gestio-de-vendes-visita-vins-i-licors-grau","status":"publish","type":"post","link":"https:\/\/agora.xtec.cat\/iessantaeugenia\/general\/lalumnat-de-segon-de-gestio-de-vendes-visita-vins-i-licors-grau\/","title":{"rendered":"L\u2019alumnat de segon de Gesti\u00f3 de Vendes visita Vins i Licors Grau"},"content":{"rendered":"<p><span style=\"font-weight: 400;\">Visitar Vins i Licors Grau ha estat una experi\u00e8ncia molt enriquidora per a l\u2019alumnat de segon de Gesti\u00f3 de Vendes i Espais Comercials, que ha pogut con\u00e8ixer de prop el funcionament d\u2019una gran empresa de distribuci\u00f3 de vins i licors.<\/span><\/p>\n<p><span style=\"font-weight: 400;\">Durant la visita, l\u2019alumnat va descobrir que el negoci va molt m\u00e9s enll\u00e0 de la venda, amb una organitzaci\u00f3 molt estructurada i clarament orientada al client.<\/span><\/p>\n<p><span style=\"font-weight: 400;\">Es va posar una atenci\u00f3 especial al magatzem, una pe\u00e7a clau de l\u2019empresa, on van poder entendre com es gestionen milers de refer\u00e8ncies i la import\u00e0ncia d\u2019una bona log\u00edstica per garantir un servei eficient. <\/span><span style=\"font-weight: 400;\">Tamb\u00e9 van observar l\u2019espai de venda, on es cuida tant la presentaci\u00f3 del producte com l\u2019experi\u00e8ncia del client.<\/span><\/p>\n<p><span style=\"font-weight: 400;\">En definitiva, ha estat una visita pr\u00e0ctica i propera que ha ajudat l\u2019alumnat a entendre millor la import\u00e0ncia de la log\u00edstica, l\u2019organitzaci\u00f3 i l\u2019atenci\u00f3 al client en el m\u00f3n professional.<\/span><\/p>\n<p><a href=\"https:\/\/agora.xtec.cat\/iessantaeugenia\/wp-content\/uploads\/usu1801\/2026\/04\/vins-licors-grau-2gec-01.jpg\"><img loading=\"lazy\" decoding=\"async\" class=\"alignnone wp-image-14095\" src=\"https:\/\/agora.xtec.cat\/iessantaeugenia\/wp-content\/uploads\/usu1801\/2026\/04\/vins-licors-grau-2gec-01-1024x1024.jpg\" alt=\"\" width=\"400\" height=\"400\" srcset=\"https:\/\/agora.xtec.cat\/iessantaeugenia\/wp-content\/uploads\/usu1801\/2026\/04\/vins-licors-grau-2gec-01-1024x1024.jpg 1024w, https:\/\/agora.xtec.cat\/iessantaeugenia\/wp-content\/uploads\/usu1801\/2026\/04\/vins-licors-grau-2gec-01-300x300.jpg 300w, https:\/\/agora.xtec.cat\/iessantaeugenia\/wp-content\/uploads\/usu1801\/2026\/04\/vins-licors-grau-2gec-01-150x150.jpg 150w, https:\/\/agora.xtec.cat\/iessantaeugenia\/wp-content\/uploads\/usu1801\/2026\/04\/vins-licors-grau-2gec-01-768x768.jpg 768w, https:\/\/agora.xtec.cat\/iessantaeugenia\/wp-content\/uploads\/usu1801\/2026\/04\/vins-licors-grau-2gec-01.jpg 1080w\" sizes=\"auto, (max-width: 400px) 100vw, 400px\" \/>\u00a0\u00a0<\/a> <a href=\"https:\/\/agora.xtec.cat\/iessantaeugenia\/wp-content\/uploads\/usu1801\/2026\/04\/vins-licors-grau-2gec-02.jpg\"><img loading=\"lazy\" decoding=\"async\" class=\"alignnone wp-image-14096\" src=\"https:\/\/agora.xtec.cat\/iessantaeugenia\/wp-content\/uploads\/usu1801\/2026\/04\/vins-licors-grau-2gec-02-1024x1024.jpg\" alt=\"\" width=\"400\" height=\"400\" srcset=\"https:\/\/agora.xtec.cat\/iessantaeugenia\/wp-content\/uploads\/usu1801\/2026\/04\/vins-licors-grau-2gec-02-1024x1024.jpg 1024w, https:\/\/agora.xtec.cat\/iessantaeugenia\/wp-content\/uploads\/usu1801\/2026\/04\/vins-licors-grau-2gec-02-300x300.jpg 300w, https:\/\/agora.xtec.cat\/iessantaeugenia\/wp-content\/uploads\/usu1801\/2026\/04\/vins-licors-grau-2gec-02-150x150.jpg 150w, https:\/\/agora.xtec.cat\/iessantaeugenia\/wp-content\/uploads\/usu1801\/2026\/04\/vins-licors-grau-2gec-02-768x768.jpg 768w, https:\/\/agora.xtec.cat\/iessantaeugenia\/wp-content\/uploads\/usu1801\/2026\/04\/vins-licors-grau-2gec-02.jpg 1080w\" sizes=\"auto, (max-width: 400px) 100vw, 400px\" \/><\/a><\/p>\n","protected":false},"excerpt":{"rendered":"<p>Visitar Vins i Licors Grau ha estat una experi\u00e8ncia molt enriquidora per a l\u2019alumnat de segon de Gesti\u00f3 de Vendes i Espais Comercials, que ha pogut con\u00e8ixer de prop el funcionament d\u2019una gran empresa de distribuci\u00f3 de vins i licors.<br \/>\nDurant la visita, l\u2019alumnat va descobrir&hellip;  <a href=\"https:\/\/agora.xtec.cat\/iessantaeugenia\/general\/lalumnat-de-segon-de-gestio-de-vendes-visita-vins-i-licors-grau\/\" title=\"Read L\u2019alumnat de segon de Gesti\u00f3 de Vendes visita Vins i Licors Grau\">Llegeix m\u00e9s\u00bb<\/a><\/p>\n","protected":false},"author":1,"featured_media":14095,"comment_status":"closed","ping_status":"open","sticky":false,"template":"","format":"standard","meta":{"_bbp_topic_count":0,"_bbp_reply_count":0,"_bbp_total_topic_count":0,"_bbp_total_reply_count":0,"_bbp_voice_count":0,"_bbp_anonymous_reply_count":0,"_bbp_topic_count_hidden":0,"_bbp_reply_count_hidden":0,"_bbp_forum_subforum_count":0,"footnotes":""},"categories":[30,1,29],"tags":[],"class_list":["post-14094","post","type-post","status-publish","format-standard","has-post-thumbnail","hentry","category-cicles-formatius","category-general","category-portada"],"post_mailing_queue_ids":[],"_links":{"self":[{"href":"https:\/\/agora.xtec.cat\/iessantaeugenia\/wp-json\/wp\/v2\/posts\/14094","targetHints":{"allow":["GET"]}}],"collection":[{"href":"https:\/\/agora.xtec.cat\/iessantaeugenia\/wp-json\/wp\/v2\/posts"}],"about":[{"href":"https:\/\/agora.xtec.cat\/iessantaeugenia\/wp-json\/wp\/v2\/types\/post"}],"author":[{"embeddable":true,"href":"https:\/\/agora.xtec.cat\/iessantaeugenia\/wp-json\/wp\/v2\/users\/1"}],"replies":[{"embeddable":true,"href":"https:\/\/agora.xtec.cat\/iessantaeugenia\/wp-json\/wp\/v2\/comments?post=14094"}],"version-history":[{"count":2,"href":"https:\/\/agora.xtec.cat\/iessantaeugenia\/wp-json\/wp\/v2\/posts\/14094\/revisions"}],"predecessor-version":[{"id":14098,"href":"https:\/\/agora.xtec.cat\/iessantaeugenia\/wp-json\/wp\/v2\/posts\/14094\/revisions\/14098"}],"wp:featuredmedia":[{"embeddable":true,"href":"https:\/\/agora.xtec.cat\/iessantaeugenia\/wp-json\/wp\/v2\/media\/14095"}],"wp:attachment":[{"href":"https:\/\/agora.xtec.cat\/iessantaeugenia\/wp-json\/wp\/v2\/media?parent=14094"}],"wp:term":[{"taxonomy":"category","embeddable":true,"href":"https:\/\/agora.xtec.cat\/iessantaeugenia\/wp-json\/wp\/v2\/categories?post=14094"},{"taxonomy":"post_tag","embeddable":true,"href":"https:\/\/agora.xtec.cat\/iessantaeugenia\/wp-json\/wp\/v2\/tags?post=14094"}],"curies":[{"name":"wp","href":"https:\/\/api.w.org\/{rel}","templated":true}]}}