{"id":14089,"date":"2026-04-24T12:57:57","date_gmt":"2026-04-24T10:57:57","guid":{"rendered":"https:\/\/agora.xtec.cat\/iessantaeugenia\/?p=14089"},"modified":"2026-04-24T12:57:57","modified_gmt":"2026-04-24T10:57:57","slug":"de-laula-al-museu-lultim-repte-abans-de-les-pau","status":"publish","type":"post","link":"https:\/\/agora.xtec.cat\/iessantaeugenia\/general\/de-laula-al-museu-lultim-repte-abans-de-les-pau\/","title":{"rendered":"De l\u2019aula al museu: l\u2019\u00faltim repte abans de les PAU"},"content":{"rendered":"<p><span style=\"font-weight: 400;\">El divendres passat, l\u2019alumnat de 2n de Batxillerat del nostre institut, un cop finalitzat el temari, va posar a prova els seus coneixements d\u2019Hist\u00f2ria de les PAU al Museu d\u2019Hist\u00f2ria de Catalunya (MHC), amb molt bons resultats.<\/span><\/p>\n<p><span style=\"font-weight: 400;\">El MHC \u00e9s un espai de refer\u00e8ncia que explica la hist\u00f2ria de Catalunya des dels seus or\u00edgens fins a l\u2019actualitat i ofereix recursos pedag\u00f2gics espec\u00edfics per a l\u2019alumnat. Durant la visita, els estudiants van treballar amb aquests materials per repassar continguts clau i refor\u00e7ar la seva preparaci\u00f3 per a les proves.<\/span><\/p>\n<p><span style=\"font-weight: 400;\">L\u2019activitat va permetre consolidar coneixements en un entorn diferent i m\u00e9s vivencial, i l\u2019alumnat va demostrar una bona preparaci\u00f3 de cara a les PAU.<\/span><\/p>\n<p><a href=\"https:\/\/agora.xtec.cat\/iessantaeugenia\/wp-content\/uploads\/usu1801\/2026\/04\/visita-MHT-batxillerat-03.jpg\"><img loading=\"lazy\" decoding=\"async\" class=\"alignnone wp-image-14090\" src=\"https:\/\/agora.xtec.cat\/iessantaeugenia\/wp-content\/uploads\/usu1801\/2026\/04\/visita-MHT-batxillerat-03-1024x1024.jpg\" alt=\"\" width=\"400\" height=\"400\" srcset=\"https:\/\/agora.xtec.cat\/iessantaeugenia\/wp-content\/uploads\/usu1801\/2026\/04\/visita-MHT-batxillerat-03-1024x1024.jpg 1024w, https:\/\/agora.xtec.cat\/iessantaeugenia\/wp-content\/uploads\/usu1801\/2026\/04\/visita-MHT-batxillerat-03-300x300.jpg 300w, https:\/\/agora.xtec.cat\/iessantaeugenia\/wp-content\/uploads\/usu1801\/2026\/04\/visita-MHT-batxillerat-03-150x150.jpg 150w, https:\/\/agora.xtec.cat\/iessantaeugenia\/wp-content\/uploads\/usu1801\/2026\/04\/visita-MHT-batxillerat-03-768x768.jpg 768w, https:\/\/agora.xtec.cat\/iessantaeugenia\/wp-content\/uploads\/usu1801\/2026\/04\/visita-MHT-batxillerat-03.jpg 1080w\" sizes=\"auto, (max-width: 400px) 100vw, 400px\" \/>\u00a0\u00a0<\/a> <a href=\"https:\/\/agora.xtec.cat\/iessantaeugenia\/wp-content\/uploads\/usu1801\/2026\/04\/visita-MHT-batxillerat-04.jpg\"><img loading=\"lazy\" decoding=\"async\" class=\"alignnone wp-image-14091\" src=\"https:\/\/agora.xtec.cat\/iessantaeugenia\/wp-content\/uploads\/usu1801\/2026\/04\/visita-MHT-batxillerat-04-1024x1024.jpg\" alt=\"\" width=\"400\" height=\"400\" srcset=\"https:\/\/agora.xtec.cat\/iessantaeugenia\/wp-content\/uploads\/usu1801\/2026\/04\/visita-MHT-batxillerat-04-1024x1024.jpg 1024w, https:\/\/agora.xtec.cat\/iessantaeugenia\/wp-content\/uploads\/usu1801\/2026\/04\/visita-MHT-batxillerat-04-300x300.jpg 300w, https:\/\/agora.xtec.cat\/iessantaeugenia\/wp-content\/uploads\/usu1801\/2026\/04\/visita-MHT-batxillerat-04-150x150.jpg 150w, https:\/\/agora.xtec.cat\/iessantaeugenia\/wp-content\/uploads\/usu1801\/2026\/04\/visita-MHT-batxillerat-04-768x768.jpg 768w, https:\/\/agora.xtec.cat\/iessantaeugenia\/wp-content\/uploads\/usu1801\/2026\/04\/visita-MHT-batxillerat-04.jpg 1080w\" sizes=\"auto, (max-width: 400px) 100vw, 400px\" \/><\/a><\/p>\n","protected":false},"excerpt":{"rendered":"<p>El divendres passat, l\u2019alumnat de 2n de Batxillerat del nostre institut, un cop finalitzat el temari, va posar a prova els seus coneixements d\u2019Hist\u00f2ria de les PAU al Museu d\u2019Hist\u00f2ria de Catalunya (MHC), amb molt bons resultats.<br \/>\nEl MHC \u00e9s un espai de refer\u00e8ncia que explica&hellip;  <a href=\"https:\/\/agora.xtec.cat\/iessantaeugenia\/general\/de-laula-al-museu-lultim-repte-abans-de-les-pau\/\" title=\"Read De l\u2019aula al museu: l\u2019\u00faltim repte abans de les PAU\">Llegeix m\u00e9s\u00bb<\/a><\/p>\n","protected":false},"author":1,"featured_media":14091,"comment_status":"closed","ping_status":"open","sticky":false,"template":"","format":"standard","meta":{"_bbp_topic_count":0,"_bbp_reply_count":0,"_bbp_total_topic_count":0,"_bbp_total_reply_count":0,"_bbp_voice_count":0,"_bbp_anonymous_reply_count":0,"_bbp_topic_count_hidden":0,"_bbp_reply_count_hidden":0,"_bbp_forum_subforum_count":0,"footnotes":""},"categories":[8,117,1,29],"tags":[],"class_list":["post-14089","post","type-post","status-publish","format-standard","has-post-thumbnail","hentry","category-batxillerat","category-batx-humanitats-i-ciencies","category-general","category-portada"],"post_mailing_queue_ids":[],"_links":{"self":[{"href":"https:\/\/agora.xtec.cat\/iessantaeugenia\/wp-json\/wp\/v2\/posts\/14089","targetHints":{"allow":["GET"]}}],"collection":[{"href":"https:\/\/agora.xtec.cat\/iessantaeugenia\/wp-json\/wp\/v2\/posts"}],"about":[{"href":"https:\/\/agora.xtec.cat\/iessantaeugenia\/wp-json\/wp\/v2\/types\/post"}],"author":[{"embeddable":true,"href":"https:\/\/agora.xtec.cat\/iessantaeugenia\/wp-json\/wp\/v2\/users\/1"}],"replies":[{"embeddable":true,"href":"https:\/\/agora.xtec.cat\/iessantaeugenia\/wp-json\/wp\/v2\/comments?post=14089"}],"version-history":[{"count":1,"href":"https:\/\/agora.xtec.cat\/iessantaeugenia\/wp-json\/wp\/v2\/posts\/14089\/revisions"}],"predecessor-version":[{"id":14092,"href":"https:\/\/agora.xtec.cat\/iessantaeugenia\/wp-json\/wp\/v2\/posts\/14089\/revisions\/14092"}],"wp:featuredmedia":[{"embeddable":true,"href":"https:\/\/agora.xtec.cat\/iessantaeugenia\/wp-json\/wp\/v2\/media\/14091"}],"wp:attachment":[{"href":"https:\/\/agora.xtec.cat\/iessantaeugenia\/wp-json\/wp\/v2\/media?parent=14089"}],"wp:term":[{"taxonomy":"category","embeddable":true,"href":"https:\/\/agora.xtec.cat\/iessantaeugenia\/wp-json\/wp\/v2\/categories?post=14089"},{"taxonomy":"post_tag","embeddable":true,"href":"https:\/\/agora.xtec.cat\/iessantaeugenia\/wp-json\/wp\/v2\/tags?post=14089"}],"curies":[{"name":"wp","href":"https:\/\/api.w.org\/{rel}","templated":true}]}}