{"id":14083,"date":"2026-04-23T14:04:01","date_gmt":"2026-04-23T12:04:01","guid":{"rendered":"https:\/\/agora.xtec.cat\/iessantaeugenia\/?p=14083"},"modified":"2026-04-23T14:06:07","modified_gmt":"2026-04-23T12:06:07","slug":"formacio-i-futur-professional-es-donen-la-ma-a-lexpojove-2026","status":"publish","type":"post","link":"https:\/\/agora.xtec.cat\/iessantaeugenia\/general\/formacio-i-futur-professional-es-donen-la-ma-a-lexpojove-2026\/","title":{"rendered":"Formaci\u00f3 i futur professional es donen la m\u00e0 a l\u2019Expojove 2026"},"content":{"rendered":"<p><span style=\"font-weight: 400;\">L\u2019Institut Santa Eug\u00e8nia ha participat activament en l\u2019Expojove 2026, una cita destacada a la ciutat de Girona per a l\u2019orientaci\u00f3 acad\u00e8mica i professional dels joves. Durant la jornada, el centre ha presentat els seus cicles formatius, posant en valor el talent, la creativitat i el comprom\u00eds de l\u2019alumnat i del professorat.<\/span><\/p>\n<p><span style=\"font-weight: 400;\">En aquesta edici\u00f3, hi han estat representades diverses fam\u00edlies professionals del centre: Arts gr\u00e0fiques, Comer\u00e7 i m\u00e0rqueting, Edificaci\u00f3 i obra civil, Electricitat i electr\u00f2nica, Instal\u00b7laci\u00f3 i manteniment \/ Energia i aigua, Fabricaci\u00f3 mec\u00e0nica, aix\u00ed com l\u2019\u00e0mbit de Formaci\u00f3 i orientaci\u00f3 laboral. Aquesta diversitat ha perm\u00e8s mostrar una \u00e0mplia oferta formativa adaptada a diferents interessos i perfils professionals.<\/span><\/p>\n<p><span style=\"font-weight: 400;\">Al llarg de l\u2019esdeveniment, les persones assistents han tingut l\u2019oportunitat de con\u00e8ixer de primera m\u00e0 els projectes i les activitats que es desenvolupen al centre, aix\u00ed com les diferents oportunitats formatives que ofereix. A m\u00e9s, han pogut interactuar amb el professorat dels diversos cicles, resolent dubtes i aprofundint en les caracter\u00edstiques de cada itinerari formatiu.<\/span><\/p>\n<p><span style=\"font-weight: 400;\">La participaci\u00f3 a l\u2019Expojove ha estat una experi\u00e8ncia molt enriquidora, que contribueix a refor\u00e7ar la connexi\u00f3 entre la formaci\u00f3 acad\u00e8mica i el futur professional de l\u2019alumnat, tot apropant l\u2019oferta educativa a la realitat del territori.<\/span><\/p>\n<p><span style=\"font-weight: 400;\">Des del centre es valora molt positivament aquesta iniciativa i es vol agrair a totes les persones que han visitat l\u2019estand i han compartit aquest espai d\u2019intercanvi i descoberta.<\/span><\/p>\n<p><span style=\"font-weight: 400;\">l\u2019Institut Santa Eug\u00e8nia recorda que celebrar\u00e0 la jornada de portes obertes el proper 27 d\u2019abril a les 19 h, una nova oportunitat per con\u00e8ixer el centre i la seva oferta educativa amb m\u00e9s detall.<\/span><\/p>\n<p><a href=\"https:\/\/agora.xtec.cat\/iessantaeugenia\/wp-content\/uploads\/usu1801\/2026\/04\/expo-jove-2026-04.jpg\"><img loading=\"lazy\" decoding=\"async\" class=\"alignnone wp-image-14084\" src=\"https:\/\/agora.xtec.cat\/iessantaeugenia\/wp-content\/uploads\/usu1801\/2026\/04\/expo-jove-2026-04-1024x1024.jpg\" alt=\"\" width=\"400\" height=\"400\" srcset=\"https:\/\/agora.xtec.cat\/iessantaeugenia\/wp-content\/uploads\/usu1801\/2026\/04\/expo-jove-2026-04-1024x1024.jpg 1024w, https:\/\/agora.xtec.cat\/iessantaeugenia\/wp-content\/uploads\/usu1801\/2026\/04\/expo-jove-2026-04-300x300.jpg 300w, https:\/\/agora.xtec.cat\/iessantaeugenia\/wp-content\/uploads\/usu1801\/2026\/04\/expo-jove-2026-04-150x150.jpg 150w, https:\/\/agora.xtec.cat\/iessantaeugenia\/wp-content\/uploads\/usu1801\/2026\/04\/expo-jove-2026-04-768x768.jpg 768w, https:\/\/agora.xtec.cat\/iessantaeugenia\/wp-content\/uploads\/usu1801\/2026\/04\/expo-jove-2026-04.jpg 1080w\" sizes=\"auto, (max-width: 400px) 100vw, 400px\" \/>\u00a0\u00a0<\/a> <a href=\"https:\/\/agora.xtec.cat\/iessantaeugenia\/wp-content\/uploads\/usu1801\/2026\/04\/expo-jove-2026-05.jpg\"><img loading=\"lazy\" decoding=\"async\" class=\"alignnone wp-image-14085\" src=\"https:\/\/agora.xtec.cat\/iessantaeugenia\/wp-content\/uploads\/usu1801\/2026\/04\/expo-jove-2026-05-1024x1024.jpg\" alt=\"\" width=\"400\" height=\"400\" srcset=\"https:\/\/agora.xtec.cat\/iessantaeugenia\/wp-content\/uploads\/usu1801\/2026\/04\/expo-jove-2026-05-1024x1024.jpg 1024w, https:\/\/agora.xtec.cat\/iessantaeugenia\/wp-content\/uploads\/usu1801\/2026\/04\/expo-jove-2026-05-300x300.jpg 300w, https:\/\/agora.xtec.cat\/iessantaeugenia\/wp-content\/uploads\/usu1801\/2026\/04\/expo-jove-2026-05-150x150.jpg 150w, https:\/\/agora.xtec.cat\/iessantaeugenia\/wp-content\/uploads\/usu1801\/2026\/04\/expo-jove-2026-05-768x768.jpg 768w, https:\/\/agora.xtec.cat\/iessantaeugenia\/wp-content\/uploads\/usu1801\/2026\/04\/expo-jove-2026-05.jpg 1080w\" sizes=\"auto, (max-width: 400px) 100vw, 400px\" \/><\/a><\/p>\n","protected":false},"excerpt":{"rendered":"<p>L\u2019Institut Santa Eug\u00e8nia ha participat activament en l\u2019Expojove 2026, una cita destacada a la ciutat de Girona per a l\u2019orientaci\u00f3 acad\u00e8mica i professional dels joves. Durant la jornada, el centre ha presentat els seus cicles formatius, posant en valor el talent, la creativitat i el&hellip;  <a href=\"https:\/\/agora.xtec.cat\/iessantaeugenia\/general\/formacio-i-futur-professional-es-donen-la-ma-a-lexpojove-2026\/\" title=\"Read Formaci\u00f3 i futur professional es donen la m\u00e0 a l\u2019Expojove 2026\">Llegeix m\u00e9s\u00bb<\/a><\/p>\n","protected":false},"author":1,"featured_media":14087,"comment_status":"closed","ping_status":"open","sticky":false,"template":"","format":"standard","meta":{"_bbp_topic_count":0,"_bbp_reply_count":0,"_bbp_total_topic_count":0,"_bbp_total_reply_count":0,"_bbp_voice_count":0,"_bbp_anonymous_reply_count":0,"_bbp_topic_count_hidden":0,"_bbp_reply_count_hidden":0,"_bbp_forum_subforum_count":0,"footnotes":""},"categories":[30,1,29],"tags":[],"class_list":["post-14083","post","type-post","status-publish","format-standard","has-post-thumbnail","hentry","category-cicles-formatius","category-general","category-portada"],"post_mailing_queue_ids":[],"_links":{"self":[{"href":"https:\/\/agora.xtec.cat\/iessantaeugenia\/wp-json\/wp\/v2\/posts\/14083","targetHints":{"allow":["GET"]}}],"collection":[{"href":"https:\/\/agora.xtec.cat\/iessantaeugenia\/wp-json\/wp\/v2\/posts"}],"about":[{"href":"https:\/\/agora.xtec.cat\/iessantaeugenia\/wp-json\/wp\/v2\/types\/post"}],"author":[{"embeddable":true,"href":"https:\/\/agora.xtec.cat\/iessantaeugenia\/wp-json\/wp\/v2\/users\/1"}],"replies":[{"embeddable":true,"href":"https:\/\/agora.xtec.cat\/iessantaeugenia\/wp-json\/wp\/v2\/comments?post=14083"}],"version-history":[{"count":1,"href":"https:\/\/agora.xtec.cat\/iessantaeugenia\/wp-json\/wp\/v2\/posts\/14083\/revisions"}],"predecessor-version":[{"id":14088,"href":"https:\/\/agora.xtec.cat\/iessantaeugenia\/wp-json\/wp\/v2\/posts\/14083\/revisions\/14088"}],"wp:featuredmedia":[{"embeddable":true,"href":"https:\/\/agora.xtec.cat\/iessantaeugenia\/wp-json\/wp\/v2\/media\/14087"}],"wp:attachment":[{"href":"https:\/\/agora.xtec.cat\/iessantaeugenia\/wp-json\/wp\/v2\/media?parent=14083"}],"wp:term":[{"taxonomy":"category","embeddable":true,"href":"https:\/\/agora.xtec.cat\/iessantaeugenia\/wp-json\/wp\/v2\/categories?post=14083"},{"taxonomy":"post_tag","embeddable":true,"href":"https:\/\/agora.xtec.cat\/iessantaeugenia\/wp-json\/wp\/v2\/tags?post=14083"}],"curies":[{"name":"wp","href":"https:\/\/api.w.org\/{rel}","templated":true}]}}