{"id":14076,"date":"2026-04-22T10:43:59","date_gmt":"2026-04-22T08:43:59","guid":{"rendered":"https:\/\/agora.xtec.cat\/iessantaeugenia\/?p=14076"},"modified":"2026-04-22T10:43:59","modified_gmt":"2026-04-22T08:43:59","slug":"intercanvi-pedagogic-entre-el-pfi-de-construccio-i-el-pfi-de-jardineria","status":"publish","type":"post","link":"https:\/\/agora.xtec.cat\/iessantaeugenia\/general\/intercanvi-pedagogic-entre-el-pfi-de-construccio-i-el-pfi-de-jardineria\/","title":{"rendered":"Intercanvi pedag\u00f2gic entre el PFI de Construcci\u00f3 i el PFI de Jardineria"},"content":{"rendered":"<p><span style=\"font-weight: 400;\">El passat dimarts 24 de mar\u00e7, l\u2019alumnat del PFI de construcci\u00f3 de Girona i el de jardineria de Llagostera<\/span> <span style=\"font-weight: 400;\">va gaudir d&#8217;una jornada d&#8217;intercanvi d&#8217;aprenentatges pr\u00e0ctics.\u00a0<\/span><\/p>\n<p><span style=\"font-weight: 400;\">En una sessi\u00f3 din\u00e0mica, els futurs jardiners van ensenyar el <\/span><b>funcionament de la desbrossadora<\/b><span style=\"font-weight: 400;\"> i les claus del <\/span><b>proc\u00e9s de plantar en una jardinera<\/b><span style=\"font-weight: 400;\">, i aix\u00f2 va permetre que els companys de construcci\u00f3 practiquessin sobre el terreny.<\/span><\/p>\n<p><span style=\"font-weight: 400;\">A canvi, el grup de construcci\u00f3 va compartir el seu domini de la paleta explicant i fent practicar la t\u00e8cnica del <\/span><b>remolinat \u201ca bona vista\u201d<\/b><span style=\"font-weight: 400;\"> a l\u2019alumnat de jardineria.<\/span><\/p>\n<p><span style=\"font-weight: 400;\">L&#8217;experi\u00e8ncia va ser un \u00e8xit: una jornada de conviv\u00e8ncia on tothom va aprendre habilitats noves, demostrant que el treball col\u00b7laboratiu \u00e9s una de les eines m\u00e9s enriquidores per a la seva formaci\u00f3!<\/span><\/p>\n<p><a href=\"https:\/\/agora.xtec.cat\/iessantaeugenia\/wp-content\/uploads\/usu1801\/2026\/04\/PFI-Construccio_06.jpg\"><img loading=\"lazy\" decoding=\"async\" class=\"alignnone wp-image-14078\" src=\"https:\/\/agora.xtec.cat\/iessantaeugenia\/wp-content\/uploads\/usu1801\/2026\/04\/PFI-Construccio_06-1024x1024.jpg\" alt=\"\" width=\"400\" height=\"400\" srcset=\"https:\/\/agora.xtec.cat\/iessantaeugenia\/wp-content\/uploads\/usu1801\/2026\/04\/PFI-Construccio_06-1024x1024.jpg 1024w, https:\/\/agora.xtec.cat\/iessantaeugenia\/wp-content\/uploads\/usu1801\/2026\/04\/PFI-Construccio_06-300x300.jpg 300w, https:\/\/agora.xtec.cat\/iessantaeugenia\/wp-content\/uploads\/usu1801\/2026\/04\/PFI-Construccio_06-150x150.jpg 150w, https:\/\/agora.xtec.cat\/iessantaeugenia\/wp-content\/uploads\/usu1801\/2026\/04\/PFI-Construccio_06-768x768.jpg 768w, https:\/\/agora.xtec.cat\/iessantaeugenia\/wp-content\/uploads\/usu1801\/2026\/04\/PFI-Construccio_06.jpg 1080w\" sizes=\"auto, (max-width: 400px) 100vw, 400px\" \/><\/a><\/p>\n<p><a href=\"https:\/\/agora.xtec.cat\/iessantaeugenia\/wp-content\/uploads\/usu1801\/2026\/04\/PFI-Construccio_04.jpg\"><img loading=\"lazy\" decoding=\"async\" class=\"alignnone wp-image-14079\" src=\"https:\/\/agora.xtec.cat\/iessantaeugenia\/wp-content\/uploads\/usu1801\/2026\/04\/PFI-Construccio_04-1024x512.jpg\" alt=\"\" width=\"800\" height=\"400\" srcset=\"https:\/\/agora.xtec.cat\/iessantaeugenia\/wp-content\/uploads\/usu1801\/2026\/04\/PFI-Construccio_04-1024x512.jpg 1024w, https:\/\/agora.xtec.cat\/iessantaeugenia\/wp-content\/uploads\/usu1801\/2026\/04\/PFI-Construccio_04-300x150.jpg 300w, https:\/\/agora.xtec.cat\/iessantaeugenia\/wp-content\/uploads\/usu1801\/2026\/04\/PFI-Construccio_04-768x384.jpg 768w, https:\/\/agora.xtec.cat\/iessantaeugenia\/wp-content\/uploads\/usu1801\/2026\/04\/PFI-Construccio_04-1536x768.jpg 1536w, https:\/\/agora.xtec.cat\/iessantaeugenia\/wp-content\/uploads\/usu1801\/2026\/04\/PFI-Construccio_04-2048x1024.jpg 2048w\" sizes=\"auto, (max-width: 800px) 100vw, 800px\" \/><\/a><\/p>\n","protected":false},"excerpt":{"rendered":"<p>El passat dimarts 24 de mar\u00e7, l\u2019alumnat del PFI de construcci\u00f3 de Girona i el de jardineria de Llagostera va gaudir d&#8217;una jornada d&#8217;intercanvi d&#8217;aprenentatges pr\u00e0ctics.\u00a0<br \/>\nEn una sessi\u00f3 din\u00e0mica, els futurs jardiners van ensenyar el funcionament de la desbrossadora i les claus del proc\u00e9s de&hellip;  <a href=\"https:\/\/agora.xtec.cat\/iessantaeugenia\/general\/intercanvi-pedagogic-entre-el-pfi-de-construccio-i-el-pfi-de-jardineria\/\" title=\"Read Intercanvi pedag\u00f2gic entre el PFI de Construcci\u00f3 i el PFI de Jardineria\">Llegeix m\u00e9s\u00bb<\/a><\/p>\n","protected":false},"author":1,"featured_media":14077,"comment_status":"closed","ping_status":"open","sticky":false,"template":"","format":"standard","meta":{"_bbp_topic_count":0,"_bbp_reply_count":0,"_bbp_total_topic_count":0,"_bbp_total_reply_count":0,"_bbp_voice_count":0,"_bbp_anonymous_reply_count":0,"_bbp_topic_count_hidden":0,"_bbp_reply_count_hidden":0,"_bbp_forum_subforum_count":0,"footnotes":""},"categories":[30,1,29],"tags":[],"class_list":["post-14076","post","type-post","status-publish","format-standard","has-post-thumbnail","hentry","category-cicles-formatius","category-general","category-portada"],"post_mailing_queue_ids":[],"_links":{"self":[{"href":"https:\/\/agora.xtec.cat\/iessantaeugenia\/wp-json\/wp\/v2\/posts\/14076","targetHints":{"allow":["GET"]}}],"collection":[{"href":"https:\/\/agora.xtec.cat\/iessantaeugenia\/wp-json\/wp\/v2\/posts"}],"about":[{"href":"https:\/\/agora.xtec.cat\/iessantaeugenia\/wp-json\/wp\/v2\/types\/post"}],"author":[{"embeddable":true,"href":"https:\/\/agora.xtec.cat\/iessantaeugenia\/wp-json\/wp\/v2\/users\/1"}],"replies":[{"embeddable":true,"href":"https:\/\/agora.xtec.cat\/iessantaeugenia\/wp-json\/wp\/v2\/comments?post=14076"}],"version-history":[{"count":2,"href":"https:\/\/agora.xtec.cat\/iessantaeugenia\/wp-json\/wp\/v2\/posts\/14076\/revisions"}],"predecessor-version":[{"id":14081,"href":"https:\/\/agora.xtec.cat\/iessantaeugenia\/wp-json\/wp\/v2\/posts\/14076\/revisions\/14081"}],"wp:featuredmedia":[{"embeddable":true,"href":"https:\/\/agora.xtec.cat\/iessantaeugenia\/wp-json\/wp\/v2\/media\/14077"}],"wp:attachment":[{"href":"https:\/\/agora.xtec.cat\/iessantaeugenia\/wp-json\/wp\/v2\/media?parent=14076"}],"wp:term":[{"taxonomy":"category","embeddable":true,"href":"https:\/\/agora.xtec.cat\/iessantaeugenia\/wp-json\/wp\/v2\/categories?post=14076"},{"taxonomy":"post_tag","embeddable":true,"href":"https:\/\/agora.xtec.cat\/iessantaeugenia\/wp-json\/wp\/v2\/tags?post=14076"}],"curies":[{"name":"wp","href":"https:\/\/api.w.org\/{rel}","templated":true}]}}