{"id":14072,"date":"2026-04-21T13:21:57","date_gmt":"2026-04-21T11:21:57","guid":{"rendered":"https:\/\/agora.xtec.cat\/iessantaeugenia\/?p=14072"},"modified":"2026-04-21T13:35:06","modified_gmt":"2026-04-21T11:35:06","slug":"xerrada-i-taller-defensem-els-drets-humans","status":"publish","type":"post","link":"https:\/\/agora.xtec.cat\/iessantaeugenia\/general\/xerrada-i-taller-defensem-els-drets-humans\/","title":{"rendered":"Xerrada i taller: defensem els drets humans"},"content":{"rendered":"<p><span style=\"font-weight: 400;\">L&#8217;alumnat de 1r de batxillerat del nostre institut Santa Eug\u00e8nia ha assistit aquest divendres 17 d&#8217;abril a una xerrada taller sobre el projecte de ciutats defensores dels drets humans. Conjuntament amb la regidora d&#8217;igualtat i just\u00edcia social, Amy Sabaly Balder, Ignasi Rodr\u00edguez, enginyer qu\u00edmic relacionat amb temes ambientals i de cooperaci\u00f3, la Nat\u00e0lia Gonz\u00e1lez, activista neuropsicol\u00f2gica colombiana i l&#8217;activista mexic\u00e0 Ruben Moreno, s&#8217;ha fet una xerrada de conscienciaci\u00f3 sobre com aplicar just\u00edcia social.<\/span><\/p>\n<p><span style=\"font-weight: 400;\">A trav\u00e9s de les seves viv\u00e8ncies, hem conegut diferents realitats i els reptes actuals en la defensa dels drets humans.<\/span><\/p>\n<p><span style=\"font-weight: 400;\">Tamb\u00e9 hem visitat l\u2019exposici\u00f3 \u201cFent-se pau\u201d, que ens ha ajudat a reflexionar sobre la construcci\u00f3 de la pau i el paper que hi podem tenir com a joves.<\/span><\/p>\n<p><span style=\"font-weight: 400;\">El taller ha incl\u00f2s activitats participatives on hem pogut opinar, debatre i pensar com implicar-nos en la construcci\u00f3 d\u2019un m\u00f3n m\u00e9s just.<\/span><\/p>\n<p><a href=\"https:\/\/agora.xtec.cat\/iessantaeugenia\/wp-content\/uploads\/usu1801\/2026\/04\/1r-bat-01.jpg\"><img loading=\"lazy\" decoding=\"async\" class=\"alignnone wp-image-14073\" src=\"https:\/\/agora.xtec.cat\/iessantaeugenia\/wp-content\/uploads\/usu1801\/2026\/04\/1r-bat-01-1024x1024.jpg\" alt=\"\" width=\"400\" height=\"400\" srcset=\"https:\/\/agora.xtec.cat\/iessantaeugenia\/wp-content\/uploads\/usu1801\/2026\/04\/1r-bat-01-1024x1024.jpg 1024w, https:\/\/agora.xtec.cat\/iessantaeugenia\/wp-content\/uploads\/usu1801\/2026\/04\/1r-bat-01-300x300.jpg 300w, https:\/\/agora.xtec.cat\/iessantaeugenia\/wp-content\/uploads\/usu1801\/2026\/04\/1r-bat-01-150x150.jpg 150w, https:\/\/agora.xtec.cat\/iessantaeugenia\/wp-content\/uploads\/usu1801\/2026\/04\/1r-bat-01-768x768.jpg 768w, https:\/\/agora.xtec.cat\/iessantaeugenia\/wp-content\/uploads\/usu1801\/2026\/04\/1r-bat-01.jpg 1080w\" sizes=\"auto, (max-width: 400px) 100vw, 400px\" \/>\u00a0 <\/a><a href=\"https:\/\/agora.xtec.cat\/iessantaeugenia\/wp-content\/uploads\/usu1801\/2026\/04\/1r-bat-04.jpg\"><img loading=\"lazy\" decoding=\"async\" class=\"alignnone wp-image-14074\" src=\"https:\/\/agora.xtec.cat\/iessantaeugenia\/wp-content\/uploads\/usu1801\/2026\/04\/1r-bat-04-1024x1024.jpg\" alt=\"\" width=\"400\" height=\"400\" srcset=\"https:\/\/agora.xtec.cat\/iessantaeugenia\/wp-content\/uploads\/usu1801\/2026\/04\/1r-bat-04-1024x1024.jpg 1024w, https:\/\/agora.xtec.cat\/iessantaeugenia\/wp-content\/uploads\/usu1801\/2026\/04\/1r-bat-04-300x300.jpg 300w, https:\/\/agora.xtec.cat\/iessantaeugenia\/wp-content\/uploads\/usu1801\/2026\/04\/1r-bat-04-150x150.jpg 150w, https:\/\/agora.xtec.cat\/iessantaeugenia\/wp-content\/uploads\/usu1801\/2026\/04\/1r-bat-04-768x768.jpg 768w, https:\/\/agora.xtec.cat\/iessantaeugenia\/wp-content\/uploads\/usu1801\/2026\/04\/1r-bat-04.jpg 1080w\" sizes=\"auto, (max-width: 400px) 100vw, 400px\" \/><\/a><\/p>\n","protected":false},"excerpt":{"rendered":"<p>L&#8217;alumnat de 1r de batxillerat del nostre institut Santa Eug\u00e8nia ha assistit aquest divendres 17 d&#8217;abril a una xerrada taller sobre el projecte de ciutats defensores dels drets humans. Conjuntament amb la regidora d&#8217;igualtat i just\u00edcia social, Amy Sabaly Balder, Ignasi Rodr\u00edguez, enginyer qu\u00edmic relacionat&hellip;  <a href=\"https:\/\/agora.xtec.cat\/iessantaeugenia\/general\/xerrada-i-taller-defensem-els-drets-humans\/\" title=\"Read Xerrada i taller: defensem els drets humans\">Llegeix m\u00e9s\u00bb<\/a><\/p>\n","protected":false},"author":1,"featured_media":14074,"comment_status":"closed","ping_status":"open","sticky":false,"template":"","format":"standard","meta":{"_bbp_topic_count":0,"_bbp_reply_count":0,"_bbp_total_topic_count":0,"_bbp_total_reply_count":0,"_bbp_voice_count":0,"_bbp_anonymous_reply_count":0,"_bbp_topic_count_hidden":0,"_bbp_reply_count_hidden":0,"_bbp_forum_subforum_count":0,"footnotes":""},"categories":[8,117,1,29],"tags":[],"class_list":["post-14072","post","type-post","status-publish","format-standard","has-post-thumbnail","hentry","category-batxillerat","category-batx-humanitats-i-ciencies","category-general","category-portada"],"post_mailing_queue_ids":[],"_links":{"self":[{"href":"https:\/\/agora.xtec.cat\/iessantaeugenia\/wp-json\/wp\/v2\/posts\/14072","targetHints":{"allow":["GET"]}}],"collection":[{"href":"https:\/\/agora.xtec.cat\/iessantaeugenia\/wp-json\/wp\/v2\/posts"}],"about":[{"href":"https:\/\/agora.xtec.cat\/iessantaeugenia\/wp-json\/wp\/v2\/types\/post"}],"author":[{"embeddable":true,"href":"https:\/\/agora.xtec.cat\/iessantaeugenia\/wp-json\/wp\/v2\/users\/1"}],"replies":[{"embeddable":true,"href":"https:\/\/agora.xtec.cat\/iessantaeugenia\/wp-json\/wp\/v2\/comments?post=14072"}],"version-history":[{"count":1,"href":"https:\/\/agora.xtec.cat\/iessantaeugenia\/wp-json\/wp\/v2\/posts\/14072\/revisions"}],"predecessor-version":[{"id":14075,"href":"https:\/\/agora.xtec.cat\/iessantaeugenia\/wp-json\/wp\/v2\/posts\/14072\/revisions\/14075"}],"wp:featuredmedia":[{"embeddable":true,"href":"https:\/\/agora.xtec.cat\/iessantaeugenia\/wp-json\/wp\/v2\/media\/14074"}],"wp:attachment":[{"href":"https:\/\/agora.xtec.cat\/iessantaeugenia\/wp-json\/wp\/v2\/media?parent=14072"}],"wp:term":[{"taxonomy":"category","embeddable":true,"href":"https:\/\/agora.xtec.cat\/iessantaeugenia\/wp-json\/wp\/v2\/categories?post=14072"},{"taxonomy":"post_tag","embeddable":true,"href":"https:\/\/agora.xtec.cat\/iessantaeugenia\/wp-json\/wp\/v2\/tags?post=14072"}],"curies":[{"name":"wp","href":"https:\/\/api.w.org\/{rel}","templated":true}]}}