{"id":14057,"date":"2026-04-17T12:48:58","date_gmt":"2026-04-17T10:48:58","guid":{"rendered":"https:\/\/agora.xtec.cat\/iessantaeugenia\/?p=14057"},"modified":"2026-04-17T12:48:58","modified_gmt":"2026-04-17T10:48:58","slug":"linstitut-santa-eugenia-i-lagencia-tributaria-suneixen-per-fomentar-leducacio-tributaria-a-lalumnat","status":"publish","type":"post","link":"https:\/\/agora.xtec.cat\/iessantaeugenia\/general\/linstitut-santa-eugenia-i-lagencia-tributaria-suneixen-per-fomentar-leducacio-tributaria-a-lalumnat\/","title":{"rendered":"L&#8217;Institut Santa Eug\u00e8nia i l&#8217;Ag\u00e8ncia Tribut\u00e0ria s&#8217;uneixen per fomentar l&#8217;educaci\u00f3 tribut\u00e0ria a l&#8217;alumnat"},"content":{"rendered":"<p><span style=\"font-weight: 400;\">Aquesta setmana, el nostre centre ha acollit unes jornades formatives a c\u00e0rrec de l\u2019Ag\u00e8ncia Tribut\u00e0ria, adre\u00e7ades espec\u00edficament a l\u2019alumnat dels Cicles de Grau Superior de M\u00e0rqueting i Publicitat i de Gesti\u00f3 de Venda i Espais Comercials. Aquesta xerrada tamb\u00e9 s\u2019ha fet durant aquest curs a altres cicles formatius i a batxillerat.<\/span><\/p>\n<p><span style=\"font-weight: 400;\">Les sessions, condu\u00efdes per formadors de l\u2019administraci\u00f3, s\u2019emmarquen dins del Programa d\u2019Educaci\u00f3 C\u00edvica-Tribut\u00e0ria que l&#8217;Ag\u00e8ncia duu a terme a centres educatius. L&#8217;objectiu principal ha estat apropar la realitat del sistema fiscal als futurs professionals del sector comercial, posant el focus en la responsabilitat ciutadana i l&#8217;\u00e8tica en els negocis.<\/span><\/p>\n<p><span style=\"font-weight: 400;\">Durant les xerrades, s\u2019ha analitzat com el compliment de les obligacions tribut\u00e0ries fa possible el manteniment dels serveis p\u00fablics i de l\u2019estat del benestar. Els formadors han compartit dades sobre el cost de serveis essencials com la sanitat o la mateixa educaci\u00f3 p\u00fablica, generant un debat sobre la import\u00e0ncia de la contribuci\u00f3 col\u00b7lectiva.<\/span><\/p>\n<p><span style=\"font-weight: 400;\">A m\u00e9s, s&#8217;han tractat aspectes molt vinculats a la futura activitat laboral de l&#8217;alumnat, com ara la transpar\u00e8ncia en les transaccions comercials, el funcionament de l\u2019IVA i les conseq\u00fc\u00e8ncies que el frau fiscal t\u00e9 sobre el conjunt de la societat.<\/span><\/p>\n<p><span style=\"font-weight: 400;\">Aquesta activitat ha perm\u00e8s als estudiants resoldre dubtes directament amb els experts i prendre consci\u00e8ncia de la import\u00e0ncia d&#8217;actuar amb honestedat i rigor en la seva futura etapa com a gestors, publicistes o emprenedors.<\/span><\/p>\n<p><a href=\"https:\/\/agora.xtec.cat\/iessantaeugenia\/wp-content\/uploads\/usu1801\/2026\/04\/xerrada-agencia-tributaria-06.jpg\"><img loading=\"lazy\" decoding=\"async\" class=\"alignnone wp-image-14058\" src=\"https:\/\/agora.xtec.cat\/iessantaeugenia\/wp-content\/uploads\/usu1801\/2026\/04\/xerrada-agencia-tributaria-06-1024x1024.jpg\" alt=\"\" width=\"400\" height=\"400\" srcset=\"https:\/\/agora.xtec.cat\/iessantaeugenia\/wp-content\/uploads\/usu1801\/2026\/04\/xerrada-agencia-tributaria-06-1024x1024.jpg 1024w, https:\/\/agora.xtec.cat\/iessantaeugenia\/wp-content\/uploads\/usu1801\/2026\/04\/xerrada-agencia-tributaria-06-300x300.jpg 300w, https:\/\/agora.xtec.cat\/iessantaeugenia\/wp-content\/uploads\/usu1801\/2026\/04\/xerrada-agencia-tributaria-06-150x150.jpg 150w, https:\/\/agora.xtec.cat\/iessantaeugenia\/wp-content\/uploads\/usu1801\/2026\/04\/xerrada-agencia-tributaria-06-768x768.jpg 768w, https:\/\/agora.xtec.cat\/iessantaeugenia\/wp-content\/uploads\/usu1801\/2026\/04\/xerrada-agencia-tributaria-06.jpg 1080w\" sizes=\"auto, (max-width: 400px) 100vw, 400px\" \/>\u00a0\u00a0<\/a> <a href=\"https:\/\/agora.xtec.cat\/iessantaeugenia\/wp-content\/uploads\/usu1801\/2026\/04\/xerrada-agencia-tributaria-03.jpg\"><img loading=\"lazy\" decoding=\"async\" class=\"alignnone wp-image-14060\" src=\"https:\/\/agora.xtec.cat\/iessantaeugenia\/wp-content\/uploads\/usu1801\/2026\/04\/xerrada-agencia-tributaria-03-1024x1024.jpg\" alt=\"\" width=\"400\" height=\"400\" srcset=\"https:\/\/agora.xtec.cat\/iessantaeugenia\/wp-content\/uploads\/usu1801\/2026\/04\/xerrada-agencia-tributaria-03-1024x1024.jpg 1024w, https:\/\/agora.xtec.cat\/iessantaeugenia\/wp-content\/uploads\/usu1801\/2026\/04\/xerrada-agencia-tributaria-03-300x300.jpg 300w, https:\/\/agora.xtec.cat\/iessantaeugenia\/wp-content\/uploads\/usu1801\/2026\/04\/xerrada-agencia-tributaria-03-150x150.jpg 150w, https:\/\/agora.xtec.cat\/iessantaeugenia\/wp-content\/uploads\/usu1801\/2026\/04\/xerrada-agencia-tributaria-03-768x768.jpg 768w, https:\/\/agora.xtec.cat\/iessantaeugenia\/wp-content\/uploads\/usu1801\/2026\/04\/xerrada-agencia-tributaria-03.jpg 1080w\" sizes=\"auto, (max-width: 400px) 100vw, 400px\" \/><\/a><\/p>\n","protected":false},"excerpt":{"rendered":"<p>Aquesta setmana, el nostre centre ha acollit unes jornades formatives a c\u00e0rrec de l\u2019Ag\u00e8ncia Tribut\u00e0ria, adre\u00e7ades espec\u00edficament a l\u2019alumnat dels Cicles de Grau Superior de M\u00e0rqueting i Publicitat i de Gesti\u00f3 de Venda i Espais Comercials. Aquesta xerrada tamb\u00e9 s\u2019ha fet durant aquest curs a&hellip;  <a href=\"https:\/\/agora.xtec.cat\/iessantaeugenia\/general\/linstitut-santa-eugenia-i-lagencia-tributaria-suneixen-per-fomentar-leducacio-tributaria-a-lalumnat\/\" title=\"Read L&#8217;Institut Santa Eug\u00e8nia i l&#8217;Ag\u00e8ncia Tribut\u00e0ria s&#8217;uneixen per fomentar l&#8217;educaci\u00f3 tribut\u00e0ria a l&#8217;alumnat\">Llegeix m\u00e9s\u00bb<\/a><\/p>\n","protected":false},"author":1,"featured_media":14059,"comment_status":"closed","ping_status":"open","sticky":false,"template":"","format":"standard","meta":{"_bbp_topic_count":0,"_bbp_reply_count":0,"_bbp_total_topic_count":0,"_bbp_total_reply_count":0,"_bbp_voice_count":0,"_bbp_anonymous_reply_count":0,"_bbp_topic_count_hidden":0,"_bbp_reply_count_hidden":0,"_bbp_forum_subforum_count":0,"footnotes":""},"categories":[30,1,29],"tags":[],"class_list":["post-14057","post","type-post","status-publish","format-standard","has-post-thumbnail","hentry","category-cicles-formatius","category-general","category-portada"],"post_mailing_queue_ids":[],"_links":{"self":[{"href":"https:\/\/agora.xtec.cat\/iessantaeugenia\/wp-json\/wp\/v2\/posts\/14057","targetHints":{"allow":["GET"]}}],"collection":[{"href":"https:\/\/agora.xtec.cat\/iessantaeugenia\/wp-json\/wp\/v2\/posts"}],"about":[{"href":"https:\/\/agora.xtec.cat\/iessantaeugenia\/wp-json\/wp\/v2\/types\/post"}],"author":[{"embeddable":true,"href":"https:\/\/agora.xtec.cat\/iessantaeugenia\/wp-json\/wp\/v2\/users\/1"}],"replies":[{"embeddable":true,"href":"https:\/\/agora.xtec.cat\/iessantaeugenia\/wp-json\/wp\/v2\/comments?post=14057"}],"version-history":[{"count":1,"href":"https:\/\/agora.xtec.cat\/iessantaeugenia\/wp-json\/wp\/v2\/posts\/14057\/revisions"}],"predecessor-version":[{"id":14061,"href":"https:\/\/agora.xtec.cat\/iessantaeugenia\/wp-json\/wp\/v2\/posts\/14057\/revisions\/14061"}],"wp:featuredmedia":[{"embeddable":true,"href":"https:\/\/agora.xtec.cat\/iessantaeugenia\/wp-json\/wp\/v2\/media\/14059"}],"wp:attachment":[{"href":"https:\/\/agora.xtec.cat\/iessantaeugenia\/wp-json\/wp\/v2\/media?parent=14057"}],"wp:term":[{"taxonomy":"category","embeddable":true,"href":"https:\/\/agora.xtec.cat\/iessantaeugenia\/wp-json\/wp\/v2\/categories?post=14057"},{"taxonomy":"post_tag","embeddable":true,"href":"https:\/\/agora.xtec.cat\/iessantaeugenia\/wp-json\/wp\/v2\/tags?post=14057"}],"curies":[{"name":"wp","href":"https:\/\/api.w.org\/{rel}","templated":true}]}}