{"id":14031,"date":"2026-04-14T08:13:25","date_gmt":"2026-04-14T06:13:25","guid":{"rendered":"https:\/\/agora.xtec.cat\/iessantaeugenia\/?p=14031"},"modified":"2026-04-14T08:13:25","modified_gmt":"2026-04-14T06:13:25","slug":"el-proces-creatiu-amb-pemi-rovirosa-arriba-a-linstitut","status":"publish","type":"post","link":"https:\/\/agora.xtec.cat\/iessantaeugenia\/general\/el-proces-creatiu-amb-pemi-rovirosa-arriba-a-linstitut\/","title":{"rendered":"El proc\u00e9s creatiu amb Pemi Rovirosa arriba a l\u2019institut"},"content":{"rendered":"<p><span style=\"font-weight: 400;\">El passat 8 d\u2019abril, l\u2019alumnat de 2n d\u2019ESO B i el de Creaci\u00f3 Liter\u00e0ria de 1r de Batxillerat va tenir l\u2019oportunitat d\u2019endinsar-se en el proc\u00e9s de creaci\u00f3 art\u00edstica de Pemi Rovirosa, conegut guitarrista del grup Lax\u2019n\u2019Busto.<\/span><\/p>\n<p><span style=\"font-weight: 400;\">Durant la sessi\u00f3, vam compartir un espai \u00fanic que ens va portar directament al cor del proc\u00e9s art\u00edstic. Rovirosa va parlar de la import\u00e0ncia de transmetre emocions i de crear can\u00e7ons que connectin de veritat amb el p\u00fablic. Ens va fer reflexionar sobre aquella m\u00e0gia especial que es produeix quan una can\u00e7\u00f3 deixa de ser de qui l\u2019ha escrita per passar a ser de tothom.<\/span><\/p>\n<p><span style=\"font-weight: 400;\">Tamb\u00e9 va destacar la necessitat de defensar all\u00f2 que es crea, de creure-hi fins al final i de no deixar que ning\u00fa marqui el cam\u00ed propi. L\u2019alumnat va poder entendre que no hi ha una \u00fanica manera de comen\u00e7ar una can\u00e7\u00f3: qualsevol punt \u00e9s v\u00e0lid si hi ha autenticitat. Tot i aix\u00f2, tamb\u00e9 es va posar en valor l\u2019ofici que hi ha al darrere: el ritme, l\u2019estructura i les moltes hores de treball necess\u00e0ries per transformar paraules en emocions.<\/span><\/p>\n<p><span style=\"font-weight: 400;\">Un altre dels aspectes que es van reivindicar va ser la import\u00e0ncia de la lectura i dels referents culturals com a font d\u2019inspiraci\u00f3 per escriure millor i cr\u00e9ixer creativament.<\/span><\/p>\n<p><span style=\"font-weight: 400;\">La jornada va acabar de la millor manera possible: amb m\u00fasica en directe. Rovirosa va compartir escenari amb la Laia Planagum\u00e0, amb qui va interpretar dues can\u00e7ons, posant el punt final a una experi\u00e8ncia emotiva i inspiradora.<\/span><\/p>\n<p><span style=\"font-weight: 400;\">Una activitat que, sens dubte, ha deixat empremta en tot l\u2019alumnat assistent.<\/span><\/p>\n<p><a href=\"https:\/\/agora.xtec.cat\/iessantaeugenia\/wp-content\/uploads\/usu1801\/2026\/04\/lax-n-busto-01.jpg\"><img loading=\"lazy\" decoding=\"async\" class=\"alignnone wp-image-14032\" src=\"https:\/\/agora.xtec.cat\/iessantaeugenia\/wp-content\/uploads\/usu1801\/2026\/04\/lax-n-busto-01-1024x1024.jpg\" alt=\"\" width=\"400\" height=\"400\" srcset=\"https:\/\/agora.xtec.cat\/iessantaeugenia\/wp-content\/uploads\/usu1801\/2026\/04\/lax-n-busto-01-1024x1024.jpg 1024w, https:\/\/agora.xtec.cat\/iessantaeugenia\/wp-content\/uploads\/usu1801\/2026\/04\/lax-n-busto-01-300x300.jpg 300w, https:\/\/agora.xtec.cat\/iessantaeugenia\/wp-content\/uploads\/usu1801\/2026\/04\/lax-n-busto-01-150x150.jpg 150w, https:\/\/agora.xtec.cat\/iessantaeugenia\/wp-content\/uploads\/usu1801\/2026\/04\/lax-n-busto-01-768x768.jpg 768w, https:\/\/agora.xtec.cat\/iessantaeugenia\/wp-content\/uploads\/usu1801\/2026\/04\/lax-n-busto-01.jpg 1080w\" sizes=\"auto, (max-width: 400px) 100vw, 400px\" \/>\u00a0\u00a0<\/a> <a href=\"https:\/\/agora.xtec.cat\/iessantaeugenia\/wp-content\/uploads\/usu1801\/2026\/04\/lax-n-busto-03.jpg\"><img loading=\"lazy\" decoding=\"async\" class=\"alignnone wp-image-14034\" src=\"https:\/\/agora.xtec.cat\/iessantaeugenia\/wp-content\/uploads\/usu1801\/2026\/04\/lax-n-busto-03-1024x1024.jpg\" alt=\"\" width=\"400\" height=\"400\" srcset=\"https:\/\/agora.xtec.cat\/iessantaeugenia\/wp-content\/uploads\/usu1801\/2026\/04\/lax-n-busto-03-1024x1024.jpg 1024w, https:\/\/agora.xtec.cat\/iessantaeugenia\/wp-content\/uploads\/usu1801\/2026\/04\/lax-n-busto-03-300x300.jpg 300w, https:\/\/agora.xtec.cat\/iessantaeugenia\/wp-content\/uploads\/usu1801\/2026\/04\/lax-n-busto-03-150x150.jpg 150w, https:\/\/agora.xtec.cat\/iessantaeugenia\/wp-content\/uploads\/usu1801\/2026\/04\/lax-n-busto-03-768x768.jpg 768w, https:\/\/agora.xtec.cat\/iessantaeugenia\/wp-content\/uploads\/usu1801\/2026\/04\/lax-n-busto-03.jpg 1080w\" sizes=\"auto, (max-width: 400px) 100vw, 400px\" \/><\/a><\/p>\n","protected":false},"excerpt":{"rendered":"<p>El passat 8 d\u2019abril, l\u2019alumnat de 2n d\u2019ESO B i el de Creaci\u00f3 Liter\u00e0ria de 1r de Batxillerat va tenir l\u2019oportunitat d\u2019endinsar-se en el proc\u00e9s de creaci\u00f3 art\u00edstica de Pemi Rovirosa, conegut guitarrista del grup Lax\u2019n\u2019Busto.<br \/>\nDurant la sessi\u00f3, vam compartir un espai \u00fanic que ens&hellip;  <a href=\"https:\/\/agora.xtec.cat\/iessantaeugenia\/general\/el-proces-creatiu-amb-pemi-rovirosa-arriba-a-linstitut\/\" title=\"Read El proc\u00e9s creatiu amb Pemi Rovirosa arriba a l\u2019institut\">Llegeix m\u00e9s\u00bb<\/a><\/p>\n","protected":false},"author":1,"featured_media":14032,"comment_status":"closed","ping_status":"open","sticky":false,"template":"","format":"standard","meta":{"_bbp_topic_count":0,"_bbp_reply_count":0,"_bbp_total_topic_count":0,"_bbp_total_reply_count":0,"_bbp_voice_count":0,"_bbp_anonymous_reply_count":0,"_bbp_topic_count_hidden":0,"_bbp_reply_count_hidden":0,"_bbp_forum_subforum_count":0,"footnotes":""},"categories":[113,120,1,29],"tags":[],"class_list":["post-14031","post","type-post","status-publish","format-standard","has-post-thumbnail","hentry","category-2eso","category-eso","category-general","category-portada"],"post_mailing_queue_ids":[],"_links":{"self":[{"href":"https:\/\/agora.xtec.cat\/iessantaeugenia\/wp-json\/wp\/v2\/posts\/14031","targetHints":{"allow":["GET"]}}],"collection":[{"href":"https:\/\/agora.xtec.cat\/iessantaeugenia\/wp-json\/wp\/v2\/posts"}],"about":[{"href":"https:\/\/agora.xtec.cat\/iessantaeugenia\/wp-json\/wp\/v2\/types\/post"}],"author":[{"embeddable":true,"href":"https:\/\/agora.xtec.cat\/iessantaeugenia\/wp-json\/wp\/v2\/users\/1"}],"replies":[{"embeddable":true,"href":"https:\/\/agora.xtec.cat\/iessantaeugenia\/wp-json\/wp\/v2\/comments?post=14031"}],"version-history":[{"count":1,"href":"https:\/\/agora.xtec.cat\/iessantaeugenia\/wp-json\/wp\/v2\/posts\/14031\/revisions"}],"predecessor-version":[{"id":14035,"href":"https:\/\/agora.xtec.cat\/iessantaeugenia\/wp-json\/wp\/v2\/posts\/14031\/revisions\/14035"}],"wp:featuredmedia":[{"embeddable":true,"href":"https:\/\/agora.xtec.cat\/iessantaeugenia\/wp-json\/wp\/v2\/media\/14032"}],"wp:attachment":[{"href":"https:\/\/agora.xtec.cat\/iessantaeugenia\/wp-json\/wp\/v2\/media?parent=14031"}],"wp:term":[{"taxonomy":"category","embeddable":true,"href":"https:\/\/agora.xtec.cat\/iessantaeugenia\/wp-json\/wp\/v2\/categories?post=14031"},{"taxonomy":"post_tag","embeddable":true,"href":"https:\/\/agora.xtec.cat\/iessantaeugenia\/wp-json\/wp\/v2\/tags?post=14031"}],"curies":[{"name":"wp","href":"https:\/\/api.w.org\/{rel}","templated":true}]}}