{"id":14002,"date":"2026-04-20T11:32:02","date_gmt":"2026-04-20T09:32:02","guid":{"rendered":"https:\/\/agora.xtec.cat\/iessantaeugenia\/?p=14002"},"modified":"2026-04-20T11:32:02","modified_gmt":"2026-04-20T09:32:02","slug":"vine-a-coneixer-lfp-de-linstitut-santa-eugenia-a-les-portes-obertes-2026","status":"publish","type":"post","link":"https:\/\/agora.xtec.cat\/iessantaeugenia\/general\/vine-a-coneixer-lfp-de-linstitut-santa-eugenia-a-les-portes-obertes-2026\/","title":{"rendered":"Vine a con\u00e8ixer l\u2019FP de l\u2019Institut Santa Eug\u00e8nia a les Portes Obertes 2026"},"content":{"rendered":"<p><span style=\"font-weight: 400;\">El pr\u00f2xim 27 d\u2019abril a les 19:00 h, l\u2019Institut Santa Eug\u00e8nia celebrar\u00e0 la seva jornada de portes obertes de cicles formatius adre\u00e7ada a futurs alumnes i a les seves fam\u00edlies. Una oportunitat per descobrir l\u2019oferta formativa de Cicles Formatius per al curs 2026-2027 i con\u00e8ixer de prop el nostre projecte educatiu.<\/span><\/p>\n<p><span style=\"font-weight: 400;\">La trobada s\u2019iniciar\u00e0 amb una sessi\u00f3 informativa conjunta, on l\u2019equip directiu presentar\u00e0 les l\u00ednies pedag\u00f2giques del centre, els valors que ens defineixen i els diferents itineraris acad\u00e8mics disponibles. Tamb\u00e9 s\u2019explicaran els serveis que oferim i les opcions de continu\u00eftat acad\u00e8mica i professional.<\/span><\/p>\n<p><span style=\"font-weight: 400;\">Tot seguit, s\u2019organitzaran espais espec\u00edfics per a cada etapa i fam\u00edlia professional, on es detallaran els continguts dels estudis, la metodologia pr\u00e0ctica, els projectes que es desenvolupen durant el curs i les possibilitats de pr\u00e0ctiques en empreses. Les persones assistents podran plantejar preguntes i conversar directament amb el professorat.<\/span><\/p>\n<p><span style=\"font-weight: 400;\">Des de l\u2019Institut Santa Eug\u00e8nia continuem treballant per oferir una formaci\u00f3 actualitzada, propera i orientada a preparar l\u2019alumnat per als reptes del futur.<\/span><\/p>\n<p><span style=\"font-weight: 400;\">No cal fer inscripci\u00f3 pr\u00e8via. Nom\u00e9s cal assistir al centre, situat al c\/ Enric Marqu\u00e8s Vilalta, 3 de Girona, en la data i hora indicades.<\/span><\/p>\n<p><span style=\"font-weight: 400;\">Us hi esperem!<\/span><\/p>\n<p><a href=\"https:\/\/agora.xtec.cat\/iessantaeugenia\/wp-content\/uploads\/usu1801\/2026\/04\/Portes-obertes-Santa-eugenia-2026.jpg\"><img loading=\"lazy\" decoding=\"async\" class=\"alignnone wp-image-14062\" src=\"https:\/\/agora.xtec.cat\/iessantaeugenia\/wp-content\/uploads\/usu1801\/2026\/04\/Portes-obertes-Santa-eugenia-2026-1024x1024.jpg\" alt=\"\" width=\"400\" height=\"400\" srcset=\"https:\/\/agora.xtec.cat\/iessantaeugenia\/wp-content\/uploads\/usu1801\/2026\/04\/Portes-obertes-Santa-eugenia-2026-1024x1024.jpg 1024w, https:\/\/agora.xtec.cat\/iessantaeugenia\/wp-content\/uploads\/usu1801\/2026\/04\/Portes-obertes-Santa-eugenia-2026-300x300.jpg 300w, https:\/\/agora.xtec.cat\/iessantaeugenia\/wp-content\/uploads\/usu1801\/2026\/04\/Portes-obertes-Santa-eugenia-2026-150x150.jpg 150w, https:\/\/agora.xtec.cat\/iessantaeugenia\/wp-content\/uploads\/usu1801\/2026\/04\/Portes-obertes-Santa-eugenia-2026-768x768.jpg 768w, https:\/\/agora.xtec.cat\/iessantaeugenia\/wp-content\/uploads\/usu1801\/2026\/04\/Portes-obertes-Santa-eugenia-2026.jpg 1080w\" sizes=\"auto, (max-width: 400px) 100vw, 400px\" \/><\/a><\/p>\n","protected":false},"excerpt":{"rendered":"<p>El pr\u00f2xim 27 d\u2019abril a les 19:00 h, l\u2019Institut Santa Eug\u00e8nia celebrar\u00e0 la seva jornada de portes obertes de cicles formatius adre\u00e7ada a futurs alumnes i a les seves fam\u00edlies. Una oportunitat per descobrir l\u2019oferta formativa de Cicles Formatius per al curs 2026-2027 i con\u00e8ixer&hellip;  <a href=\"https:\/\/agora.xtec.cat\/iessantaeugenia\/general\/vine-a-coneixer-lfp-de-linstitut-santa-eugenia-a-les-portes-obertes-2026\/\" title=\"Read Vine a con\u00e8ixer l\u2019FP de l\u2019Institut Santa Eug\u00e8nia a les Portes Obertes 2026\">Llegeix m\u00e9s\u00bb<\/a><\/p>\n","protected":false},"author":1,"featured_media":14062,"comment_status":"closed","ping_status":"open","sticky":false,"template":"","format":"standard","meta":{"_bbp_topic_count":0,"_bbp_reply_count":0,"_bbp_total_topic_count":0,"_bbp_total_reply_count":0,"_bbp_voice_count":0,"_bbp_anonymous_reply_count":0,"_bbp_topic_count_hidden":0,"_bbp_reply_count_hidden":0,"_bbp_forum_subforum_count":0,"footnotes":""},"categories":[30,1,29],"tags":[],"class_list":["post-14002","post","type-post","status-publish","format-standard","has-post-thumbnail","hentry","category-cicles-formatius","category-general","category-portada"],"post_mailing_queue_ids":[],"_links":{"self":[{"href":"https:\/\/agora.xtec.cat\/iessantaeugenia\/wp-json\/wp\/v2\/posts\/14002","targetHints":{"allow":["GET"]}}],"collection":[{"href":"https:\/\/agora.xtec.cat\/iessantaeugenia\/wp-json\/wp\/v2\/posts"}],"about":[{"href":"https:\/\/agora.xtec.cat\/iessantaeugenia\/wp-json\/wp\/v2\/types\/post"}],"author":[{"embeddable":true,"href":"https:\/\/agora.xtec.cat\/iessantaeugenia\/wp-json\/wp\/v2\/users\/1"}],"replies":[{"embeddable":true,"href":"https:\/\/agora.xtec.cat\/iessantaeugenia\/wp-json\/wp\/v2\/comments?post=14002"}],"version-history":[{"count":4,"href":"https:\/\/agora.xtec.cat\/iessantaeugenia\/wp-json\/wp\/v2\/posts\/14002\/revisions"}],"predecessor-version":[{"id":14067,"href":"https:\/\/agora.xtec.cat\/iessantaeugenia\/wp-json\/wp\/v2\/posts\/14002\/revisions\/14067"}],"wp:featuredmedia":[{"embeddable":true,"href":"https:\/\/agora.xtec.cat\/iessantaeugenia\/wp-json\/wp\/v2\/media\/14062"}],"wp:attachment":[{"href":"https:\/\/agora.xtec.cat\/iessantaeugenia\/wp-json\/wp\/v2\/media?parent=14002"}],"wp:term":[{"taxonomy":"category","embeddable":true,"href":"https:\/\/agora.xtec.cat\/iessantaeugenia\/wp-json\/wp\/v2\/categories?post=14002"},{"taxonomy":"post_tag","embeddable":true,"href":"https:\/\/agora.xtec.cat\/iessantaeugenia\/wp-json\/wp\/v2\/tags?post=14002"}],"curies":[{"name":"wp","href":"https:\/\/api.w.org\/{rel}","templated":true}]}}