{"id":13756,"date":"2026-03-05T12:16:57","date_gmt":"2026-03-05T11:16:57","guid":{"rendered":"https:\/\/agora.xtec.cat\/iessantaeugenia\/?p=13756"},"modified":"2026-03-05T12:16:57","modified_gmt":"2026-03-05T11:16:57","slug":"lalumnat-de-3r-va-al-circ","status":"publish","type":"post","link":"https:\/\/agora.xtec.cat\/iessantaeugenia\/general\/lalumnat-de-3r-va-al-circ\/","title":{"rendered":"L&#8217;alumnat de 3r va al Circ!"},"content":{"rendered":"<p><span style=\"font-weight: 400;\">Aquest passat divendres, els alumnes de <strong>3r d&#8217;ESO<\/strong> de l&#8217;Institut Santa Eug\u00e8nia van anar a gaudir d&#8217;un espectacle extraordinari al <strong>Circ Elefant d&#8217;Or<\/strong>, un dels esdeveniments de circ m\u00e9s importants que cada any omple la ciutat de Girona de m\u00e0gia i emoci\u00f3.<\/span><\/p>\n<p><span style=\"font-weight: 400;\">Va ser un espectacle fascinant, pensat per a totes les edats, amb artistes vinguts d&#8217;arreu del m\u00f3n que, amb el seu talent i dedicaci\u00f3, van aconseguir arrencar somriures i grans aplaudiments. Acr\u00f2bates, malabaristes i n\u00fameros sorprenents van deixar tothom bocabadat!<\/span><\/p>\n<p><span style=\"font-weight: 400;\">Una experi\u00e8ncia inoblidable que, ben segur, els nostres alumnes i professors recordaran durant molt de temps.<\/span><\/p>\n<p><a href=\"https:\/\/agora.xtec.cat\/iessantaeugenia\/wp-content\/uploads\/usu1801\/2026\/03\/circ-elefant-or-02.jpg\"><img loading=\"lazy\" decoding=\"async\" class=\"alignnone wp-image-13757\" src=\"https:\/\/agora.xtec.cat\/iessantaeugenia\/wp-content\/uploads\/usu1801\/2026\/03\/circ-elefant-or-02-1024x1024.jpg\" alt=\"\" width=\"400\" height=\"400\" srcset=\"https:\/\/agora.xtec.cat\/iessantaeugenia\/wp-content\/uploads\/usu1801\/2026\/03\/circ-elefant-or-02-1024x1024.jpg 1024w, https:\/\/agora.xtec.cat\/iessantaeugenia\/wp-content\/uploads\/usu1801\/2026\/03\/circ-elefant-or-02-300x300.jpg 300w, https:\/\/agora.xtec.cat\/iessantaeugenia\/wp-content\/uploads\/usu1801\/2026\/03\/circ-elefant-or-02-150x150.jpg 150w, https:\/\/agora.xtec.cat\/iessantaeugenia\/wp-content\/uploads\/usu1801\/2026\/03\/circ-elefant-or-02-768x768.jpg 768w, https:\/\/agora.xtec.cat\/iessantaeugenia\/wp-content\/uploads\/usu1801\/2026\/03\/circ-elefant-or-02.jpg 1080w\" sizes=\"auto, (max-width: 400px) 100vw, 400px\" \/><\/a><\/p>\n","protected":false},"excerpt":{"rendered":"<p>Aquest passat divendres, els alumnes de 3r d&#8217;ESO de l&#8217;Institut Santa Eug\u00e8nia van anar a gaudir d&#8217;un espectacle extraordinari al Circ Elefant d&#8217;Or, un dels esdeveniments de circ m\u00e9s importants que cada any omple la ciutat de Girona de m\u00e0gia i emoci\u00f3.<br \/>\nVa ser un espectacle&hellip;  <a href=\"https:\/\/agora.xtec.cat\/iessantaeugenia\/general\/lalumnat-de-3r-va-al-circ\/\" title=\"Read L&#8217;alumnat de 3r va al Circ!\">Llegeix m\u00e9s\u00bb<\/a><\/p>\n","protected":false},"author":1,"featured_media":13757,"comment_status":"closed","ping_status":"open","sticky":false,"template":"","format":"standard","meta":{"_bbp_topic_count":0,"_bbp_reply_count":0,"_bbp_total_topic_count":0,"_bbp_total_reply_count":0,"_bbp_voice_count":0,"_bbp_anonymous_reply_count":0,"_bbp_topic_count_hidden":0,"_bbp_reply_count_hidden":0,"_bbp_forum_subforum_count":0,"footnotes":""},"categories":[114,120,1,29],"tags":[],"class_list":["post-13756","post","type-post","status-publish","format-standard","has-post-thumbnail","hentry","category-3eso","category-eso","category-general","category-portada"],"post_mailing_queue_ids":[],"_links":{"self":[{"href":"https:\/\/agora.xtec.cat\/iessantaeugenia\/wp-json\/wp\/v2\/posts\/13756","targetHints":{"allow":["GET"]}}],"collection":[{"href":"https:\/\/agora.xtec.cat\/iessantaeugenia\/wp-json\/wp\/v2\/posts"}],"about":[{"href":"https:\/\/agora.xtec.cat\/iessantaeugenia\/wp-json\/wp\/v2\/types\/post"}],"author":[{"embeddable":true,"href":"https:\/\/agora.xtec.cat\/iessantaeugenia\/wp-json\/wp\/v2\/users\/1"}],"replies":[{"embeddable":true,"href":"https:\/\/agora.xtec.cat\/iessantaeugenia\/wp-json\/wp\/v2\/comments?post=13756"}],"version-history":[{"count":1,"href":"https:\/\/agora.xtec.cat\/iessantaeugenia\/wp-json\/wp\/v2\/posts\/13756\/revisions"}],"predecessor-version":[{"id":13758,"href":"https:\/\/agora.xtec.cat\/iessantaeugenia\/wp-json\/wp\/v2\/posts\/13756\/revisions\/13758"}],"wp:featuredmedia":[{"embeddable":true,"href":"https:\/\/agora.xtec.cat\/iessantaeugenia\/wp-json\/wp\/v2\/media\/13757"}],"wp:attachment":[{"href":"https:\/\/agora.xtec.cat\/iessantaeugenia\/wp-json\/wp\/v2\/media?parent=13756"}],"wp:term":[{"taxonomy":"category","embeddable":true,"href":"https:\/\/agora.xtec.cat\/iessantaeugenia\/wp-json\/wp\/v2\/categories?post=13756"},{"taxonomy":"post_tag","embeddable":true,"href":"https:\/\/agora.xtec.cat\/iessantaeugenia\/wp-json\/wp\/v2\/tags?post=13756"}],"curies":[{"name":"wp","href":"https:\/\/api.w.org\/{rel}","templated":true}]}}