{"id":13751,"date":"2026-03-04T10:46:51","date_gmt":"2026-03-04T09:46:51","guid":{"rendered":"https:\/\/agora.xtec.cat\/iessantaeugenia\/?p=13751"},"modified":"2026-03-04T10:58:27","modified_gmt":"2026-03-04T09:58:27","slug":"aproximacio-al-sector-logistic-al-port-de-barcelona","status":"publish","type":"post","link":"https:\/\/agora.xtec.cat\/iessantaeugenia\/general\/aproximacio-al-sector-logistic-al-port-de-barcelona\/","title":{"rendered":"Aproximaci\u00f3 al sector log\u00edstic al Port de Barcelona"},"content":{"rendered":"<p><span style=\"font-weight: 400;\">El passat 24 de febrer, l&#8217;alumnat del <\/span><b>CFGS de Gesti\u00f3 de Vendes i Espais Comercials<\/b><span style=\"font-weight: 400;\"> i del <\/span><b>CFGM d&#8217;Activitats Comercials<\/b><span style=\"font-weight: 400;\"> va realitzar una visita al <\/span><b>Port de Barcelona<\/b><span style=\"font-weight: 400;\">. Amb l\u2019objectiu d\u2019aprofundir en el coneixement del sector del transport i la log\u00edstica, van visitar l\u2019<\/span><b>Escola Europea Intermodal Transport<\/b><span style=\"font-weight: 400;\"> en el marc de les activitats complement\u00e0ries del curs.<\/span><\/p>\n<p><span style=\"font-weight: 400;\">Durant la jornada, els estudiants van assistir a una <\/span><b>xerrada informativa <\/b><span style=\"font-weight: 400;\">centrada en el funcionament del Port de Barcelona i en les activitats que s\u2019hi duen a terme. La sessi\u00f3 va anar a c\u00e0rrec del director de l\u2019escola, el <\/span><b>Sr. Eduard Rodes<\/b><span style=\"font-weight: 400;\">, professional amb m\u00e9s de 20 anys d\u2019experi\u00e8ncia en el sector, que va compartir amb l\u2019alumnat els seus coneixements i la seva visi\u00f3 sobre la <\/span><b>import\u00e0ncia estrat\u00e8gica del port<\/b><span style=\"font-weight: 400;\"> en el comer\u00e7 internacional i en la intermodalitat del transport.<\/span><\/p>\n<p><span style=\"font-weight: 400;\">L\u2019explicaci\u00f3 va permetre entendre millor els processos log\u00edstics, el paper dels diferents perfils professionals que hi intervenen i les oportunitats laborals que ofereix aquest \u00e0mbit.<\/span><\/p>\n<p><a href=\"https:\/\/agora.xtec.cat\/iessantaeugenia\/wp-content\/uploads\/usu1801\/2026\/03\/port-barcelona-02-v2.jpg\">\u00a0 <\/a><a href=\"https:\/\/agora.xtec.cat\/iessantaeugenia\/wp-content\/uploads\/usu1801\/2026\/03\/port-barcelona-02-v2.jpg\"><img loading=\"lazy\" decoding=\"async\" class=\"alignnone wp-image-13754\" src=\"https:\/\/agora.xtec.cat\/iessantaeugenia\/wp-content\/uploads\/usu1801\/2026\/03\/port-barcelona-02-v2-1024x1024.jpg\" alt=\"\" width=\"400\" height=\"400\" srcset=\"https:\/\/agora.xtec.cat\/iessantaeugenia\/wp-content\/uploads\/usu1801\/2026\/03\/port-barcelona-02-v2-1024x1024.jpg 1024w, https:\/\/agora.xtec.cat\/iessantaeugenia\/wp-content\/uploads\/usu1801\/2026\/03\/port-barcelona-02-v2-300x300.jpg 300w, https:\/\/agora.xtec.cat\/iessantaeugenia\/wp-content\/uploads\/usu1801\/2026\/03\/port-barcelona-02-v2-150x150.jpg 150w, https:\/\/agora.xtec.cat\/iessantaeugenia\/wp-content\/uploads\/usu1801\/2026\/03\/port-barcelona-02-v2-768x768.jpg 768w, https:\/\/agora.xtec.cat\/iessantaeugenia\/wp-content\/uploads\/usu1801\/2026\/03\/port-barcelona-02-v2.jpg 1080w\" sizes=\"auto, (max-width: 400px) 100vw, 400px\" \/><\/a><a href=\"https:\/\/agora.xtec.cat\/iessantaeugenia\/wp-content\/uploads\/usu1801\/2026\/03\/port-barcelona-01.jpg\"> \u00a0<img loading=\"lazy\" decoding=\"async\" class=\"alignnone wp-image-13753\" src=\"https:\/\/agora.xtec.cat\/iessantaeugenia\/wp-content\/uploads\/usu1801\/2026\/03\/port-barcelona-01-1024x1024.jpg\" alt=\"\" width=\"400\" height=\"400\" srcset=\"https:\/\/agora.xtec.cat\/iessantaeugenia\/wp-content\/uploads\/usu1801\/2026\/03\/port-barcelona-01-1024x1024.jpg 1024w, https:\/\/agora.xtec.cat\/iessantaeugenia\/wp-content\/uploads\/usu1801\/2026\/03\/port-barcelona-01-300x300.jpg 300w, https:\/\/agora.xtec.cat\/iessantaeugenia\/wp-content\/uploads\/usu1801\/2026\/03\/port-barcelona-01-150x150.jpg 150w, https:\/\/agora.xtec.cat\/iessantaeugenia\/wp-content\/uploads\/usu1801\/2026\/03\/port-barcelona-01-768x768.jpg 768w, https:\/\/agora.xtec.cat\/iessantaeugenia\/wp-content\/uploads\/usu1801\/2026\/03\/port-barcelona-01.jpg 1080w\" sizes=\"auto, (max-width: 400px) 100vw, 400px\" \/><\/a><\/p>\n","protected":false},"excerpt":{"rendered":"<p>El passat 24 de febrer, l&#8217;alumnat del CFGS de Gesti\u00f3 de Vendes i Espais Comercials i del CFGM d&#8217;Activitats Comercials va realitzar una visita al Port de Barcelona. Amb l\u2019objectiu d\u2019aprofundir en el coneixement del sector del transport i la log\u00edstica, van visitar l\u2019Escola Europea&hellip;  <a href=\"https:\/\/agora.xtec.cat\/iessantaeugenia\/general\/aproximacio-al-sector-logistic-al-port-de-barcelona\/\" title=\"Read Aproximaci\u00f3 al sector log\u00edstic al Port de Barcelona\">Llegeix m\u00e9s\u00bb<\/a><\/p>\n","protected":false},"author":1,"featured_media":13752,"comment_status":"closed","ping_status":"open","sticky":false,"template":"","format":"standard","meta":{"_bbp_topic_count":0,"_bbp_reply_count":0,"_bbp_total_topic_count":0,"_bbp_total_reply_count":0,"_bbp_voice_count":0,"_bbp_anonymous_reply_count":0,"_bbp_topic_count_hidden":0,"_bbp_reply_count_hidden":0,"_bbp_forum_subforum_count":0,"footnotes":""},"categories":[30,1,29],"tags":[],"class_list":["post-13751","post","type-post","status-publish","format-standard","has-post-thumbnail","hentry","category-cicles-formatius","category-general","category-portada"],"post_mailing_queue_ids":[],"_links":{"self":[{"href":"https:\/\/agora.xtec.cat\/iessantaeugenia\/wp-json\/wp\/v2\/posts\/13751","targetHints":{"allow":["GET"]}}],"collection":[{"href":"https:\/\/agora.xtec.cat\/iessantaeugenia\/wp-json\/wp\/v2\/posts"}],"about":[{"href":"https:\/\/agora.xtec.cat\/iessantaeugenia\/wp-json\/wp\/v2\/types\/post"}],"author":[{"embeddable":true,"href":"https:\/\/agora.xtec.cat\/iessantaeugenia\/wp-json\/wp\/v2\/users\/1"}],"replies":[{"embeddable":true,"href":"https:\/\/agora.xtec.cat\/iessantaeugenia\/wp-json\/wp\/v2\/comments?post=13751"}],"version-history":[{"count":1,"href":"https:\/\/agora.xtec.cat\/iessantaeugenia\/wp-json\/wp\/v2\/posts\/13751\/revisions"}],"predecessor-version":[{"id":13755,"href":"https:\/\/agora.xtec.cat\/iessantaeugenia\/wp-json\/wp\/v2\/posts\/13751\/revisions\/13755"}],"wp:featuredmedia":[{"embeddable":true,"href":"https:\/\/agora.xtec.cat\/iessantaeugenia\/wp-json\/wp\/v2\/media\/13752"}],"wp:attachment":[{"href":"https:\/\/agora.xtec.cat\/iessantaeugenia\/wp-json\/wp\/v2\/media?parent=13751"}],"wp:term":[{"taxonomy":"category","embeddable":true,"href":"https:\/\/agora.xtec.cat\/iessantaeugenia\/wp-json\/wp\/v2\/categories?post=13751"},{"taxonomy":"post_tag","embeddable":true,"href":"https:\/\/agora.xtec.cat\/iessantaeugenia\/wp-json\/wp\/v2\/tags?post=13751"}],"curies":[{"name":"wp","href":"https:\/\/api.w.org\/{rel}","templated":true}]}}