{"id":13729,"date":"2026-03-02T09:19:44","date_gmt":"2026-03-02T08:19:44","guid":{"rendered":"https:\/\/agora.xtec.cat\/iessantaeugenia\/?p=13729"},"modified":"2026-03-02T09:19:44","modified_gmt":"2026-03-02T08:19:44","slug":"la-noor-lauxiliar-de-conversa-del-santa-eugenia","status":"publish","type":"post","link":"https:\/\/agora.xtec.cat\/iessantaeugenia\/general\/la-noor-lauxiliar-de-conversa-del-santa-eugenia\/","title":{"rendered":"La Noor, l\u2019auxiliar de conversa del Santa Eug\u00e8nia"},"content":{"rendered":"<p data-start=\"146\" data-end=\"402\">Gr\u00e0cies al Programa d\u2019Auxiliars de Conversa, que convoca anualment el Ministeri d\u2019Educaci\u00f3 i Formaci\u00f3 Professional, enguany el Departament d\u2019Idiomes de l\u2019institut compta amb la col\u00b7laboraci\u00f3 de la Noor, una auxiliar de conversa provinent dels Estats Units.<\/p>\n<p data-start=\"404\" data-end=\"638\">Amb ella, l\u2019alumnat d\u2019ESO, batxillerat i alguns cicles formatius t\u00e9 l\u2019oportunitat de practicar i millorar la comunicaci\u00f3 oral en angl\u00e8s a trav\u00e9s de jocs i din\u00e0miques en petit grup, que fomenten la participaci\u00f3 i la confian\u00e7a a l\u2019aula.<\/p>\n<p data-start=\"640\" data-end=\"825\">Des de la seva arribada, el mes d\u2019octubre, la Noor ha estat treballant amb diferents grups per tal d\u2019arribar al m\u00e0xim nombre d\u2019alumnes possible, i ens acompanyar\u00e0 fins a finals de maig.<\/p>\n<p data-start=\"827\" data-end=\"975\">Alumnes i professorat esperem que la seva estada sigui d\u2019all\u00f2 m\u00e9s profitosa, tant per a nosaltres com per a ella. <em data-start=\"941\" data-end=\"975\">Enjoy your stay in Girona, Noor!<\/em><\/p>\n<p data-start=\"827\" data-end=\"975\"><a href=\"https:\/\/agora.xtec.cat\/iessantaeugenia\/wp-content\/uploads\/usu1801\/2026\/03\/auxiliar-conversa-eso.jpg\"><img loading=\"lazy\" decoding=\"async\" class=\"alignnone wp-image-13730\" src=\"https:\/\/agora.xtec.cat\/iessantaeugenia\/wp-content\/uploads\/usu1801\/2026\/03\/auxiliar-conversa-eso-1024x1024.jpg\" alt=\"\" width=\"400\" height=\"400\" srcset=\"https:\/\/agora.xtec.cat\/iessantaeugenia\/wp-content\/uploads\/usu1801\/2026\/03\/auxiliar-conversa-eso-1024x1024.jpg 1024w, https:\/\/agora.xtec.cat\/iessantaeugenia\/wp-content\/uploads\/usu1801\/2026\/03\/auxiliar-conversa-eso-300x300.jpg 300w, https:\/\/agora.xtec.cat\/iessantaeugenia\/wp-content\/uploads\/usu1801\/2026\/03\/auxiliar-conversa-eso-150x150.jpg 150w, https:\/\/agora.xtec.cat\/iessantaeugenia\/wp-content\/uploads\/usu1801\/2026\/03\/auxiliar-conversa-eso-768x768.jpg 768w, https:\/\/agora.xtec.cat\/iessantaeugenia\/wp-content\/uploads\/usu1801\/2026\/03\/auxiliar-conversa-eso.jpg 1080w\" sizes=\"auto, (max-width: 400px) 100vw, 400px\" \/><\/a><\/p>\n","protected":false},"excerpt":{"rendered":"<p>Gr\u00e0cies al Programa d\u2019Auxiliars de Conversa, que convoca anualment el Ministeri d\u2019Educaci\u00f3 i Formaci\u00f3 Professional, enguany el Departament d\u2019Idiomes de l\u2019institut compta amb la col\u00b7laboraci\u00f3 de la Noor, una auxiliar de conversa provinent dels Estats Units.<br \/>\nAmb ella, l\u2019alumnat d\u2019ESO, batxillerat i alguns cicles formatius t\u00e9&hellip;  <a href=\"https:\/\/agora.xtec.cat\/iessantaeugenia\/general\/la-noor-lauxiliar-de-conversa-del-santa-eugenia\/\" title=\"Read La Noor, l\u2019auxiliar de conversa del Santa Eug\u00e8nia\">Llegeix m\u00e9s\u00bb<\/a><\/p>\n","protected":false},"author":1,"featured_media":13730,"comment_status":"closed","ping_status":"open","sticky":false,"template":"","format":"standard","meta":{"_bbp_topic_count":0,"_bbp_reply_count":0,"_bbp_total_topic_count":0,"_bbp_total_reply_count":0,"_bbp_voice_count":0,"_bbp_anonymous_reply_count":0,"_bbp_topic_count_hidden":0,"_bbp_reply_count_hidden":0,"_bbp_forum_subforum_count":0,"footnotes":""},"categories":[8,30,120,1,29],"tags":[],"class_list":["post-13729","post","type-post","status-publish","format-standard","has-post-thumbnail","hentry","category-batxillerat","category-cicles-formatius","category-eso","category-general","category-portada"],"post_mailing_queue_ids":[],"_links":{"self":[{"href":"https:\/\/agora.xtec.cat\/iessantaeugenia\/wp-json\/wp\/v2\/posts\/13729","targetHints":{"allow":["GET"]}}],"collection":[{"href":"https:\/\/agora.xtec.cat\/iessantaeugenia\/wp-json\/wp\/v2\/posts"}],"about":[{"href":"https:\/\/agora.xtec.cat\/iessantaeugenia\/wp-json\/wp\/v2\/types\/post"}],"author":[{"embeddable":true,"href":"https:\/\/agora.xtec.cat\/iessantaeugenia\/wp-json\/wp\/v2\/users\/1"}],"replies":[{"embeddable":true,"href":"https:\/\/agora.xtec.cat\/iessantaeugenia\/wp-json\/wp\/v2\/comments?post=13729"}],"version-history":[{"count":1,"href":"https:\/\/agora.xtec.cat\/iessantaeugenia\/wp-json\/wp\/v2\/posts\/13729\/revisions"}],"predecessor-version":[{"id":13731,"href":"https:\/\/agora.xtec.cat\/iessantaeugenia\/wp-json\/wp\/v2\/posts\/13729\/revisions\/13731"}],"wp:featuredmedia":[{"embeddable":true,"href":"https:\/\/agora.xtec.cat\/iessantaeugenia\/wp-json\/wp\/v2\/media\/13730"}],"wp:attachment":[{"href":"https:\/\/agora.xtec.cat\/iessantaeugenia\/wp-json\/wp\/v2\/media?parent=13729"}],"wp:term":[{"taxonomy":"category","embeddable":true,"href":"https:\/\/agora.xtec.cat\/iessantaeugenia\/wp-json\/wp\/v2\/categories?post=13729"},{"taxonomy":"post_tag","embeddable":true,"href":"https:\/\/agora.xtec.cat\/iessantaeugenia\/wp-json\/wp\/v2\/tags?post=13729"}],"curies":[{"name":"wp","href":"https:\/\/api.w.org\/{rel}","templated":true}]}}