{"id":13716,"date":"2026-02-26T13:14:03","date_gmt":"2026-02-26T12:14:03","guid":{"rendered":"https:\/\/agora.xtec.cat\/iessantaeugenia\/?p=13716"},"modified":"2026-02-26T13:14:03","modified_gmt":"2026-02-26T12:14:03","slug":"recuperant-el-llegat-de-les-dones-cientifiques","status":"publish","type":"post","link":"https:\/\/agora.xtec.cat\/iessantaeugenia\/general\/recuperant-el-llegat-de-les-dones-cientifiques\/","title":{"rendered":"Recuperant el llegat de les dones cient\u00edfiques"},"content":{"rendered":"<p><span style=\"font-weight: 400;\">L\u2019alumnat de 2n d\u2019ESO ha elaborat una exposici\u00f3 amb motiu del Dia Internacional de la Dona i la Nena en la Ci\u00e8ncia per commemorar aquesta data i homenatjar tantes dones cient\u00edfiques que han estat invisibilitzades al llarg de la hist\u00f2ria.<\/span><\/p>\n<p><span style=\"font-weight: 400;\">La mostra es pot trobar repartida pel centre en sis espais tem\u00e0tics: Natura, Tecnologia, Llar, Salut, Matem\u00e0tiques i Univers.<\/span><\/p>\n<p><span style=\"font-weight: 400;\">Us animem a visitar-la i a descobrir-hi un trosset de la nostra hist\u00f2ria\u2026 cient\u00edfica!<\/span><\/p>\n<p><a href=\"https:\/\/agora.xtec.cat\/iessantaeugenia\/wp-content\/uploads\/usu1801\/2026\/02\/dia-dona-ciencia-03.jpg\"><img loading=\"lazy\" decoding=\"async\" class=\"alignnone wp-image-13717\" src=\"https:\/\/agora.xtec.cat\/iessantaeugenia\/wp-content\/uploads\/usu1801\/2026\/02\/dia-dona-ciencia-03-1024x1024.jpg\" alt=\"\" width=\"400\" height=\"400\" srcset=\"https:\/\/agora.xtec.cat\/iessantaeugenia\/wp-content\/uploads\/usu1801\/2026\/02\/dia-dona-ciencia-03-1024x1024.jpg 1024w, https:\/\/agora.xtec.cat\/iessantaeugenia\/wp-content\/uploads\/usu1801\/2026\/02\/dia-dona-ciencia-03-300x300.jpg 300w, https:\/\/agora.xtec.cat\/iessantaeugenia\/wp-content\/uploads\/usu1801\/2026\/02\/dia-dona-ciencia-03-150x150.jpg 150w, https:\/\/agora.xtec.cat\/iessantaeugenia\/wp-content\/uploads\/usu1801\/2026\/02\/dia-dona-ciencia-03-768x768.jpg 768w, https:\/\/agora.xtec.cat\/iessantaeugenia\/wp-content\/uploads\/usu1801\/2026\/02\/dia-dona-ciencia-03.jpg 1080w\" sizes=\"auto, (max-width: 400px) 100vw, 400px\" \/>\u00a0<\/a> <a href=\"https:\/\/agora.xtec.cat\/iessantaeugenia\/wp-content\/uploads\/usu1801\/2026\/02\/dia-dona-ciencia-05.jpg\"><img loading=\"lazy\" decoding=\"async\" class=\"alignnone wp-image-13718\" src=\"https:\/\/agora.xtec.cat\/iessantaeugenia\/wp-content\/uploads\/usu1801\/2026\/02\/dia-dona-ciencia-05-1024x1024.jpg\" alt=\"\" width=\"400\" height=\"400\" srcset=\"https:\/\/agora.xtec.cat\/iessantaeugenia\/wp-content\/uploads\/usu1801\/2026\/02\/dia-dona-ciencia-05-1024x1024.jpg 1024w, https:\/\/agora.xtec.cat\/iessantaeugenia\/wp-content\/uploads\/usu1801\/2026\/02\/dia-dona-ciencia-05-300x300.jpg 300w, https:\/\/agora.xtec.cat\/iessantaeugenia\/wp-content\/uploads\/usu1801\/2026\/02\/dia-dona-ciencia-05-150x150.jpg 150w, https:\/\/agora.xtec.cat\/iessantaeugenia\/wp-content\/uploads\/usu1801\/2026\/02\/dia-dona-ciencia-05-768x768.jpg 768w, https:\/\/agora.xtec.cat\/iessantaeugenia\/wp-content\/uploads\/usu1801\/2026\/02\/dia-dona-ciencia-05.jpg 1080w\" sizes=\"auto, (max-width: 400px) 100vw, 400px\" \/><\/a><\/p>\n<p>&nbsp;<\/p>\n","protected":false},"excerpt":{"rendered":"<p>L\u2019alumnat de 2n d\u2019ESO ha elaborat una exposici\u00f3 amb motiu del Dia Internacional de la Dona i la Nena en la Ci\u00e8ncia per commemorar aquesta data i homenatjar tantes dones cient\u00edfiques que han estat invisibilitzades al llarg de la hist\u00f2ria.<br \/>\nLa mostra es pot trobar repartida&hellip;  <a href=\"https:\/\/agora.xtec.cat\/iessantaeugenia\/general\/recuperant-el-llegat-de-les-dones-cientifiques\/\" title=\"Read Recuperant el llegat de les dones cient\u00edfiques\">Llegeix m\u00e9s\u00bb<\/a><\/p>\n","protected":false},"author":1,"featured_media":13719,"comment_status":"closed","ping_status":"open","sticky":false,"template":"","format":"standard","meta":{"_bbp_topic_count":0,"_bbp_reply_count":0,"_bbp_total_topic_count":0,"_bbp_total_reply_count":0,"_bbp_voice_count":0,"_bbp_anonymous_reply_count":0,"_bbp_topic_count_hidden":0,"_bbp_reply_count_hidden":0,"_bbp_forum_subforum_count":0,"footnotes":""},"categories":[113,120,1,29],"tags":[],"class_list":["post-13716","post","type-post","status-publish","format-standard","has-post-thumbnail","hentry","category-2eso","category-eso","category-general","category-portada"],"post_mailing_queue_ids":[],"_links":{"self":[{"href":"https:\/\/agora.xtec.cat\/iessantaeugenia\/wp-json\/wp\/v2\/posts\/13716","targetHints":{"allow":["GET"]}}],"collection":[{"href":"https:\/\/agora.xtec.cat\/iessantaeugenia\/wp-json\/wp\/v2\/posts"}],"about":[{"href":"https:\/\/agora.xtec.cat\/iessantaeugenia\/wp-json\/wp\/v2\/types\/post"}],"author":[{"embeddable":true,"href":"https:\/\/agora.xtec.cat\/iessantaeugenia\/wp-json\/wp\/v2\/users\/1"}],"replies":[{"embeddable":true,"href":"https:\/\/agora.xtec.cat\/iessantaeugenia\/wp-json\/wp\/v2\/comments?post=13716"}],"version-history":[{"count":1,"href":"https:\/\/agora.xtec.cat\/iessantaeugenia\/wp-json\/wp\/v2\/posts\/13716\/revisions"}],"predecessor-version":[{"id":13720,"href":"https:\/\/agora.xtec.cat\/iessantaeugenia\/wp-json\/wp\/v2\/posts\/13716\/revisions\/13720"}],"wp:featuredmedia":[{"embeddable":true,"href":"https:\/\/agora.xtec.cat\/iessantaeugenia\/wp-json\/wp\/v2\/media\/13719"}],"wp:attachment":[{"href":"https:\/\/agora.xtec.cat\/iessantaeugenia\/wp-json\/wp\/v2\/media?parent=13716"}],"wp:term":[{"taxonomy":"category","embeddable":true,"href":"https:\/\/agora.xtec.cat\/iessantaeugenia\/wp-json\/wp\/v2\/categories?post=13716"},{"taxonomy":"post_tag","embeddable":true,"href":"https:\/\/agora.xtec.cat\/iessantaeugenia\/wp-json\/wp\/v2\/tags?post=13716"}],"curies":[{"name":"wp","href":"https:\/\/api.w.org\/{rel}","templated":true}]}}