{"id":13640,"date":"2026-02-20T10:06:48","date_gmt":"2026-02-20T09:06:48","guid":{"rendered":"https:\/\/agora.xtec.cat\/iessantaeugenia\/?p=13640"},"modified":"2026-02-20T10:06:48","modified_gmt":"2026-02-20T09:06:48","slug":"lenginy-invisible-una-xerrada-que-no-va-deixar-ningu-indiferent","status":"publish","type":"post","link":"https:\/\/agora.xtec.cat\/iessantaeugenia\/general\/lenginy-invisible-una-xerrada-que-no-va-deixar-ningu-indiferent\/","title":{"rendered":"L\u2019enginy (in)visible: una xerrada que no va deixar ning\u00fa indiferent"},"content":{"rendered":"<p><span style=\"font-weight: 400;\">En motiu del Dia Internacional de la Dona i la Nena en la Ci\u00e8ncia aquest dimarts 10 de febrer l\u2019alumnat de 3r d\u2019ESO va tenir l\u2019oportunitat d\u2019assistir a la xerrada <\/span><b>\u201cL\u2019enginy (in)visible\u201d<\/b><span style=\"font-weight: 400;\">, impartida per l&#8217;enginyera qu\u00edmica i professora en ci\u00e8ncia de materials de la UPC a Terrassa, la Dra. N\u00faria Sal\u00e1n Ballesteros, una ponent excepcional que va saber connectar des del primer moment amb els nois i noies.<\/span><\/p>\n<p><span style=\"font-weight: 400;\">Al llarg de la sessi\u00f3, la Dra. Sal\u00e1n va posar en valor el talent, la creativitat i la capacitat d\u2019innovaci\u00f3 de moltes dones que sovint han estat invisibilitzats al llarg de la hist\u00f2ria, especialment en l\u2019\u00e0mbit cient\u00edfic i tecnol\u00f2gic. Amb exemples sorprenents, an\u00e8cdotes inspiradores i un discurs proper i din\u00e0mic, va aconseguir captar l\u2019atenci\u00f3 de tot l\u2019alumnat.<\/span><\/p>\n<p><span style=\"font-weight: 400;\">La reacci\u00f3 dels i les alumnes va ser especialment significativa: molts van expressar la seva sorpresa davant de realitats que desconeixien. Cal destacar, sobretot, l\u2019impacte que la xerrada va tenir en les alumnes, que van mostrar-se especialment interpel\u00b7lades i motivades en veure referents femenins en \u00e0mbits tradicionalment masculinitzats.<\/span><\/p>\n<p><span style=\"font-weight: 400;\">Sens dubte, ha estat una experi\u00e8ncia inspiradora que ha convidat el nostre alumnat a mirar la ci\u00e8ncia i la tecnologia amb una nova perspectiva i a valorar l\u2019enginy que, massa sovint, ha estat invisible.<\/span><\/p>\n<p><a href=\"https:\/\/agora.xtec.cat\/iessantaeugenia\/wp-content\/uploads\/usu1801\/2026\/02\/xerrada-Nuria-Salan_01.jpg\"><img loading=\"lazy\" decoding=\"async\" class=\"alignnone wp-image-13641\" src=\"https:\/\/agora.xtec.cat\/iessantaeugenia\/wp-content\/uploads\/usu1801\/2026\/02\/xerrada-Nuria-Salan_01-1024x1024.jpg\" alt=\"\" width=\"400\" height=\"400\" srcset=\"https:\/\/agora.xtec.cat\/iessantaeugenia\/wp-content\/uploads\/usu1801\/2026\/02\/xerrada-Nuria-Salan_01-1024x1024.jpg 1024w, https:\/\/agora.xtec.cat\/iessantaeugenia\/wp-content\/uploads\/usu1801\/2026\/02\/xerrada-Nuria-Salan_01-300x300.jpg 300w, https:\/\/agora.xtec.cat\/iessantaeugenia\/wp-content\/uploads\/usu1801\/2026\/02\/xerrada-Nuria-Salan_01-150x150.jpg 150w, https:\/\/agora.xtec.cat\/iessantaeugenia\/wp-content\/uploads\/usu1801\/2026\/02\/xerrada-Nuria-Salan_01-768x768.jpg 768w, https:\/\/agora.xtec.cat\/iessantaeugenia\/wp-content\/uploads\/usu1801\/2026\/02\/xerrada-Nuria-Salan_01.jpg 1080w\" sizes=\"auto, (max-width: 400px) 100vw, 400px\" \/>\u00a0\u00a0<\/a> <a href=\"https:\/\/agora.xtec.cat\/iessantaeugenia\/wp-content\/uploads\/usu1801\/2026\/02\/xerrada-Nuria-Salan_02.jpg\"><img loading=\"lazy\" decoding=\"async\" class=\"alignnone wp-image-13642\" src=\"https:\/\/agora.xtec.cat\/iessantaeugenia\/wp-content\/uploads\/usu1801\/2026\/02\/xerrada-Nuria-Salan_02-1024x1024.jpg\" alt=\"\" width=\"400\" height=\"400\" srcset=\"https:\/\/agora.xtec.cat\/iessantaeugenia\/wp-content\/uploads\/usu1801\/2026\/02\/xerrada-Nuria-Salan_02-1024x1024.jpg 1024w, https:\/\/agora.xtec.cat\/iessantaeugenia\/wp-content\/uploads\/usu1801\/2026\/02\/xerrada-Nuria-Salan_02-300x300.jpg 300w, https:\/\/agora.xtec.cat\/iessantaeugenia\/wp-content\/uploads\/usu1801\/2026\/02\/xerrada-Nuria-Salan_02-150x150.jpg 150w, https:\/\/agora.xtec.cat\/iessantaeugenia\/wp-content\/uploads\/usu1801\/2026\/02\/xerrada-Nuria-Salan_02-768x768.jpg 768w, https:\/\/agora.xtec.cat\/iessantaeugenia\/wp-content\/uploads\/usu1801\/2026\/02\/xerrada-Nuria-Salan_02.jpg 1080w\" sizes=\"auto, (max-width: 400px) 100vw, 400px\" \/><\/a><\/p>\n","protected":false},"excerpt":{"rendered":"<p>En motiu del Dia Internacional de la Dona i la Nena en la Ci\u00e8ncia aquest dimarts 10 de febrer l\u2019alumnat de 3r d\u2019ESO va tenir l\u2019oportunitat d\u2019assistir a la xerrada \u201cL\u2019enginy (in)visible\u201d, impartida per l&#8217;enginyera qu\u00edmica i professora en ci\u00e8ncia de materials de la UPC&hellip;  <a href=\"https:\/\/agora.xtec.cat\/iessantaeugenia\/general\/lenginy-invisible-una-xerrada-que-no-va-deixar-ningu-indiferent\/\" title=\"Read L\u2019enginy (in)visible: una xerrada que no va deixar ning\u00fa indiferent\">Llegeix m\u00e9s\u00bb<\/a><\/p>\n","protected":false},"author":1,"featured_media":13641,"comment_status":"closed","ping_status":"open","sticky":false,"template":"","format":"standard","meta":{"_bbp_topic_count":0,"_bbp_reply_count":0,"_bbp_total_topic_count":0,"_bbp_total_reply_count":0,"_bbp_voice_count":0,"_bbp_anonymous_reply_count":0,"_bbp_topic_count_hidden":0,"_bbp_reply_count_hidden":0,"_bbp_forum_subforum_count":0,"footnotes":""},"categories":[114,120,1,29],"tags":[],"class_list":["post-13640","post","type-post","status-publish","format-standard","has-post-thumbnail","hentry","category-3eso","category-eso","category-general","category-portada"],"post_mailing_queue_ids":[],"_links":{"self":[{"href":"https:\/\/agora.xtec.cat\/iessantaeugenia\/wp-json\/wp\/v2\/posts\/13640","targetHints":{"allow":["GET"]}}],"collection":[{"href":"https:\/\/agora.xtec.cat\/iessantaeugenia\/wp-json\/wp\/v2\/posts"}],"about":[{"href":"https:\/\/agora.xtec.cat\/iessantaeugenia\/wp-json\/wp\/v2\/types\/post"}],"author":[{"embeddable":true,"href":"https:\/\/agora.xtec.cat\/iessantaeugenia\/wp-json\/wp\/v2\/users\/1"}],"replies":[{"embeddable":true,"href":"https:\/\/agora.xtec.cat\/iessantaeugenia\/wp-json\/wp\/v2\/comments?post=13640"}],"version-history":[{"count":2,"href":"https:\/\/agora.xtec.cat\/iessantaeugenia\/wp-json\/wp\/v2\/posts\/13640\/revisions"}],"predecessor-version":[{"id":13644,"href":"https:\/\/agora.xtec.cat\/iessantaeugenia\/wp-json\/wp\/v2\/posts\/13640\/revisions\/13644"}],"wp:featuredmedia":[{"embeddable":true,"href":"https:\/\/agora.xtec.cat\/iessantaeugenia\/wp-json\/wp\/v2\/media\/13641"}],"wp:attachment":[{"href":"https:\/\/agora.xtec.cat\/iessantaeugenia\/wp-json\/wp\/v2\/media?parent=13640"}],"wp:term":[{"taxonomy":"category","embeddable":true,"href":"https:\/\/agora.xtec.cat\/iessantaeugenia\/wp-json\/wp\/v2\/categories?post=13640"},{"taxonomy":"post_tag","embeddable":true,"href":"https:\/\/agora.xtec.cat\/iessantaeugenia\/wp-json\/wp\/v2\/tags?post=13640"}],"curies":[{"name":"wp","href":"https:\/\/api.w.org\/{rel}","templated":true}]}}