{"id":13595,"date":"2026-02-10T11:56:26","date_gmt":"2026-02-10T10:56:26","guid":{"rendered":"https:\/\/agora.xtec.cat\/iessantaeugenia\/?p=13595"},"modified":"2026-02-10T12:17:52","modified_gmt":"2026-02-10T11:17:52","slug":"exit-de-la-campanya-agafa-un-llibre-a-la-biblioteca-del-centre","status":"publish","type":"post","link":"https:\/\/agora.xtec.cat\/iessantaeugenia\/general\/exit-de-la-campanya-agafa-un-llibre-a-la-biblioteca-del-centre\/","title":{"rendered":"\u00c8xit de la campanya <i>Agafa un llibre<\/i> a la biblioteca del centre"},"content":{"rendered":"<p><span style=\"font-weight: 400;\">Amb l\u2019arribada del nou any, la biblioteca del centre va posar en marxa una nova iniciativa sota el nom d\u2019<\/span><b>\u201cAgafa un llibre\u201d<\/b><span style=\"font-weight: 400;\">, amb l\u2019objectiu de fomentar la lectura i donar una segona vida als llibres.<\/span><\/p>\n<p><span style=\"font-weight: 400;\">La campanya estava oberta a tota la comunitat educativa: alumnat, professorat i personal del centre, que podien endur-se gratu\u00eftament el llibre que m\u00e9s els interess\u00e9s.<\/span><\/p>\n<p><span style=\"font-weight: 400;\">Durant la setmana del <\/span><b>26 al 30 de gener<\/b><span style=\"font-weight: 400;\">, hi van participar els alumnes de <\/span><b>1r i 2n d\u2019ESO<\/b><span style=\"font-weight: 400;\">, i la resposta va ser molt positiva. En nom\u00e9s una setmana, les taules plenes de llibres van quedar buides, fet que demostra l\u2019\u00e8xit de la iniciativa.<\/span><\/p>\n<p><span style=\"font-weight: 400;\">Els exemplars disponibles eren llibres repetits, antics o amb poc \u00fas, que la biblioteca ha decidit compartir per apostar per la sostenibilitat i fomentar l\u2019h\u00e0bit lector tamb\u00e9 fora del centre.<\/span><\/p>\n<p><a href=\"https:\/\/agora.xtec.cat\/iessantaeugenia\/wp-content\/uploads\/usu1801\/2026\/02\/biblioteca-agafa-llibre-01.jpg\"><img loading=\"lazy\" decoding=\"async\" class=\"alignnone wp-image-13597\" src=\"https:\/\/agora.xtec.cat\/iessantaeugenia\/wp-content\/uploads\/usu1801\/2026\/02\/biblioteca-agafa-llibre-01-1024x1024.jpg\" alt=\"\" width=\"400\" height=\"400\" srcset=\"https:\/\/agora.xtec.cat\/iessantaeugenia\/wp-content\/uploads\/usu1801\/2026\/02\/biblioteca-agafa-llibre-01-1024x1024.jpg 1024w, https:\/\/agora.xtec.cat\/iessantaeugenia\/wp-content\/uploads\/usu1801\/2026\/02\/biblioteca-agafa-llibre-01-300x300.jpg 300w, https:\/\/agora.xtec.cat\/iessantaeugenia\/wp-content\/uploads\/usu1801\/2026\/02\/biblioteca-agafa-llibre-01-150x150.jpg 150w, https:\/\/agora.xtec.cat\/iessantaeugenia\/wp-content\/uploads\/usu1801\/2026\/02\/biblioteca-agafa-llibre-01-768x768.jpg 768w, https:\/\/agora.xtec.cat\/iessantaeugenia\/wp-content\/uploads\/usu1801\/2026\/02\/biblioteca-agafa-llibre-01.jpg 1080w\" sizes=\"auto, (max-width: 400px) 100vw, 400px\" \/>\u00a0<\/a><\/p>\n","protected":false},"excerpt":{"rendered":"<p>Amb l\u2019arribada del nou any, la biblioteca del centre va posar en marxa una nova iniciativa sota el nom d\u2019\u201cAgafa un llibre\u201d, amb l\u2019objectiu de fomentar la lectura i donar una segona vida als llibres.<br \/>\nLa campanya estava oberta a tota la comunitat educativa: alumnat, professorat&hellip;  <a href=\"https:\/\/agora.xtec.cat\/iessantaeugenia\/general\/exit-de-la-campanya-agafa-un-llibre-a-la-biblioteca-del-centre\/\" title=\"Read \u00c8xit de la campanya <i>Agafa un llibre<\/i> a la biblioteca del centre&#8221;>Llegeix m\u00e9s\u00bb<\/a><\/p>\n","protected":false},"author":1,"featured_media":13597,"comment_status":"closed","ping_status":"open","sticky":false,"template":"","format":"standard","meta":{"_bbp_topic_count":0,"_bbp_reply_count":0,"_bbp_total_topic_count":0,"_bbp_total_reply_count":0,"_bbp_voice_count":0,"_bbp_anonymous_reply_count":0,"_bbp_topic_count_hidden":0,"_bbp_reply_count_hidden":0,"_bbp_forum_subforum_count":0,"footnotes":""},"categories":[3,113,120,1,29],"tags":[],"class_list":["post-13595","post","type-post","status-publish","format-standard","has-post-thumbnail","hentry","category-1eso","category-2eso","category-eso","category-general","category-portada"],"post_mailing_queue_ids":[],"_links":{"self":[{"href":"https:\/\/agora.xtec.cat\/iessantaeugenia\/wp-json\/wp\/v2\/posts\/13595","targetHints":{"allow":["GET"]}}],"collection":[{"href":"https:\/\/agora.xtec.cat\/iessantaeugenia\/wp-json\/wp\/v2\/posts"}],"about":[{"href":"https:\/\/agora.xtec.cat\/iessantaeugenia\/wp-json\/wp\/v2\/types\/post"}],"author":[{"embeddable":true,"href":"https:\/\/agora.xtec.cat\/iessantaeugenia\/wp-json\/wp\/v2\/users\/1"}],"replies":[{"embeddable":true,"href":"https:\/\/agora.xtec.cat\/iessantaeugenia\/wp-json\/wp\/v2\/comments?post=13595"}],"version-history":[{"count":4,"href":"https:\/\/agora.xtec.cat\/iessantaeugenia\/wp-json\/wp\/v2\/posts\/13595\/revisions"}],"predecessor-version":[{"id":13604,"href":"https:\/\/agora.xtec.cat\/iessantaeugenia\/wp-json\/wp\/v2\/posts\/13595\/revisions\/13604"}],"wp:featuredmedia":[{"embeddable":true,"href":"https:\/\/agora.xtec.cat\/iessantaeugenia\/wp-json\/wp\/v2\/media\/13597"}],"wp:attachment":[{"href":"https:\/\/agora.xtec.cat\/iessantaeugenia\/wp-json\/wp\/v2\/media?parent=13595"}],"wp:term":[{"taxonomy":"category","embeddable":true,"href":"https:\/\/agora.xtec.cat\/iessantaeugenia\/wp-json\/wp\/v2\/categories?post=13595"},{"taxonomy":"post_tag","embeddable":true,"href":"https:\/\/agora.xtec.cat\/iessantaeugenia\/wp-json\/wp\/v2\/tags?post=13595"}],"curies":[{"name":"wp","href":"https:\/\/api.w.org\/{rel}","templated":true}]}}