{"id":13569,"date":"2026-02-02T15:18:45","date_gmt":"2026-02-02T14:18:45","guid":{"rendered":"https:\/\/agora.xtec.cat\/iessantaeugenia\/?p=13569"},"modified":"2026-02-02T15:22:16","modified_gmt":"2026-02-02T14:22:16","slug":"linstitut-de-calvia-mallorca-visita-girona","status":"publish","type":"post","link":"https:\/\/agora.xtec.cat\/iessantaeugenia\/general\/linstitut-de-calvia-mallorca-visita-girona\/","title":{"rendered":"L\u2019Institut de Calvi\u00e0 (Mallorca) visita Girona"},"content":{"rendered":"<p><span style=\"font-weight: 400;\">Durant la setmana del <\/span><b>26 al 30 de gener<\/b><span style=\"font-weight: 400;\">, l\u2019<\/span><b>Institut Santa Eug\u00e8nia de Girona<\/b><span style=\"font-weight: 400;\"> ha acollit els al\u00b7lots i al\u00b7lotes de <\/span><b>3r d&#8217;ESO de l\u2019Institut de Calvi\u00e0<\/b><span style=\"font-weight: 400;\">, en una estada marcada per la conviv\u00e8ncia, l&#8217;intercanvi cultural i el descobriment del territori.<\/span><\/p>\n<p><span style=\"font-weight: 400;\">Han estat dies intensos i ben aprofitats. El <\/span><b>dilluns<\/b><span style=\"font-weight: 400;\"> van con\u00e8ixer les fam\u00edlies d\u2019acollida, un primer contacte clau per iniciar una setmana plena de complicitats. El <\/span><b>dimarts<\/b><span style=\"font-weight: 400;\"> visitaren <\/span><b>Cadaqu\u00e9s<\/b><span style=\"font-weight: 400;\">, <\/span><b>Portlligat<\/b><span style=\"font-weight: 400;\"> i el <\/span><b>Museu Dal\u00ed de Figueres<\/b><span style=\"font-weight: 400;\">, endinsant-se en el paisatge i l&#8217;univers art\u00edstic de Salvador Dal\u00ed. El <\/span><b>dimecres<\/b><span style=\"font-weight: 400;\"> recorregueren la ciutat de <\/span><b>Girona<\/b><span style=\"font-weight: 400;\">, tot descobrint-ne els edificis i espais m\u00e9s emblem\u00e0tics. El <\/span><b>dijous<\/b><span style=\"font-weight: 400;\"> fou el torn de <\/span><b>Besal\u00fa<\/b><span style=\"font-weight: 400;\">, amb el seu pont jueu, i d\u2019un passeig per l\u2019<\/span><b>Estany de Banyoles<\/b><span style=\"font-weight: 400;\">, que es complet\u00e0 amb la visita al <\/span><b>Museu Arqueol\u00f2gic Comarcal de Banyoles<\/b><span style=\"font-weight: 400;\">. Finalment, el <\/span><b>divendres 30<\/b><span style=\"font-weight: 400;\">, arribaren els comiats: records compartits, fotografies i abra\u00e7ades que van fer d&#8217;aquest final una estampa memorable, entranyable i dif\u00edcil d&#8217;oblidar.<\/span><\/p>\n<p><span style=\"font-weight: 400;\">Una experi\u00e8ncia educativa i humana que ha enfortit vincles entre Mallorca i Girona i que, sens dubte, quedar\u00e0 gravada en la mem\u00f2ria de tot l&#8217;alumnat i del professorat participant.<\/span><\/p>\n<p><a href=\"https:\/\/agora.xtec.cat\/iessantaeugenia\/wp-content\/uploads\/usu1801\/2026\/01\/intercanvi-mallorca-girona-03.jpg\"><img loading=\"lazy\" decoding=\"async\" class=\"alignnone wp-image-13574\" src=\"https:\/\/agora.xtec.cat\/iessantaeugenia\/wp-content\/uploads\/usu1801\/2026\/01\/intercanvi-mallorca-girona-03-1024x1024.jpg\" alt=\"\" width=\"400\" height=\"400\" srcset=\"https:\/\/agora.xtec.cat\/iessantaeugenia\/wp-content\/uploads\/usu1801\/2026\/01\/intercanvi-mallorca-girona-03-1024x1024.jpg 1024w, https:\/\/agora.xtec.cat\/iessantaeugenia\/wp-content\/uploads\/usu1801\/2026\/01\/intercanvi-mallorca-girona-03-300x300.jpg 300w, https:\/\/agora.xtec.cat\/iessantaeugenia\/wp-content\/uploads\/usu1801\/2026\/01\/intercanvi-mallorca-girona-03-150x150.jpg 150w, https:\/\/agora.xtec.cat\/iessantaeugenia\/wp-content\/uploads\/usu1801\/2026\/01\/intercanvi-mallorca-girona-03-768x768.jpg 768w, https:\/\/agora.xtec.cat\/iessantaeugenia\/wp-content\/uploads\/usu1801\/2026\/01\/intercanvi-mallorca-girona-03.jpg 1080w\" sizes=\"auto, (max-width: 400px) 100vw, 400px\" \/>\u00a0\u00a0<\/a> <a href=\"https:\/\/agora.xtec.cat\/iessantaeugenia\/wp-content\/uploads\/usu1801\/2026\/01\/intercanvi-mallorca-girona-01.jpg\"><img loading=\"lazy\" decoding=\"async\" class=\"alignnone wp-image-13575\" src=\"https:\/\/agora.xtec.cat\/iessantaeugenia\/wp-content\/uploads\/usu1801\/2026\/01\/intercanvi-mallorca-girona-01-1024x1024.jpg\" alt=\"\" width=\"400\" height=\"400\" srcset=\"https:\/\/agora.xtec.cat\/iessantaeugenia\/wp-content\/uploads\/usu1801\/2026\/01\/intercanvi-mallorca-girona-01-1024x1024.jpg 1024w, https:\/\/agora.xtec.cat\/iessantaeugenia\/wp-content\/uploads\/usu1801\/2026\/01\/intercanvi-mallorca-girona-01-300x300.jpg 300w, https:\/\/agora.xtec.cat\/iessantaeugenia\/wp-content\/uploads\/usu1801\/2026\/01\/intercanvi-mallorca-girona-01-150x150.jpg 150w, https:\/\/agora.xtec.cat\/iessantaeugenia\/wp-content\/uploads\/usu1801\/2026\/01\/intercanvi-mallorca-girona-01-768x768.jpg 768w, https:\/\/agora.xtec.cat\/iessantaeugenia\/wp-content\/uploads\/usu1801\/2026\/01\/intercanvi-mallorca-girona-01.jpg 1080w\" sizes=\"auto, (max-width: 400px) 100vw, 400px\" \/><\/a><\/p>\n","protected":false},"excerpt":{"rendered":"<p>Durant la setmana del 26 al 30 de gener, l\u2019Institut Santa Eug\u00e8nia de Girona ha acollit els al\u00b7lots i al\u00b7lotes de 3r d&#8217;ESO de l\u2019Institut de Calvi\u00e0, en una estada marcada per la conviv\u00e8ncia, l&#8217;intercanvi cultural i el descobriment del territori.<br \/>\nHan estat dies intensos i&hellip;  <a href=\"https:\/\/agora.xtec.cat\/iessantaeugenia\/general\/linstitut-de-calvia-mallorca-visita-girona\/\" title=\"Read L\u2019Institut de Calvi\u00e0 (Mallorca) visita Girona\">Llegeix m\u00e9s\u00bb<\/a><\/p>\n","protected":false},"author":1,"featured_media":13576,"comment_status":"closed","ping_status":"open","sticky":false,"template":"","format":"standard","meta":{"_bbp_topic_count":0,"_bbp_reply_count":0,"_bbp_total_topic_count":0,"_bbp_total_reply_count":0,"_bbp_voice_count":0,"_bbp_anonymous_reply_count":0,"_bbp_topic_count_hidden":0,"_bbp_reply_count_hidden":0,"_bbp_forum_subforum_count":0,"footnotes":""},"categories":[114,120,1,29],"tags":[],"class_list":["post-13569","post","type-post","status-publish","format-standard","has-post-thumbnail","hentry","category-3eso","category-eso","category-general","category-portada"],"post_mailing_queue_ids":[],"_links":{"self":[{"href":"https:\/\/agora.xtec.cat\/iessantaeugenia\/wp-json\/wp\/v2\/posts\/13569","targetHints":{"allow":["GET"]}}],"collection":[{"href":"https:\/\/agora.xtec.cat\/iessantaeugenia\/wp-json\/wp\/v2\/posts"}],"about":[{"href":"https:\/\/agora.xtec.cat\/iessantaeugenia\/wp-json\/wp\/v2\/types\/post"}],"author":[{"embeddable":true,"href":"https:\/\/agora.xtec.cat\/iessantaeugenia\/wp-json\/wp\/v2\/users\/1"}],"replies":[{"embeddable":true,"href":"https:\/\/agora.xtec.cat\/iessantaeugenia\/wp-json\/wp\/v2\/comments?post=13569"}],"version-history":[{"count":2,"href":"https:\/\/agora.xtec.cat\/iessantaeugenia\/wp-json\/wp\/v2\/posts\/13569\/revisions"}],"predecessor-version":[{"id":13577,"href":"https:\/\/agora.xtec.cat\/iessantaeugenia\/wp-json\/wp\/v2\/posts\/13569\/revisions\/13577"}],"wp:featuredmedia":[{"embeddable":true,"href":"https:\/\/agora.xtec.cat\/iessantaeugenia\/wp-json\/wp\/v2\/media\/13576"}],"wp:attachment":[{"href":"https:\/\/agora.xtec.cat\/iessantaeugenia\/wp-json\/wp\/v2\/media?parent=13569"}],"wp:term":[{"taxonomy":"category","embeddable":true,"href":"https:\/\/agora.xtec.cat\/iessantaeugenia\/wp-json\/wp\/v2\/categories?post=13569"},{"taxonomy":"post_tag","embeddable":true,"href":"https:\/\/agora.xtec.cat\/iessantaeugenia\/wp-json\/wp\/v2\/tags?post=13569"}],"curies":[{"name":"wp","href":"https:\/\/api.w.org\/{rel}","templated":true}]}}