{"id":13530,"date":"2026-01-22T12:50:56","date_gmt":"2026-01-22T11:50:56","guid":{"rendered":"https:\/\/agora.xtec.cat\/iessantaeugenia\/?p=13530"},"modified":"2026-01-23T22:49:32","modified_gmt":"2026-01-23T21:49:32","slug":"formacio-en-fotografia-i-edicio-digital-dimatges","status":"publish","type":"post","link":"https:\/\/agora.xtec.cat\/iessantaeugenia\/general\/formacio-en-fotografia-i-edicio-digital-dimatges\/","title":{"rendered":"Formaci\u00f3 en fotografia i edici\u00f3 digital d\u2019imatges"},"content":{"rendered":"<p><span style=\"font-weight: 400;\">L\u2019alumnat de 2n de M\u00e0rqueting i Publicitat ha realitzat un curs de fotografia els dies 13 i 14 de gener amb el fot\u00f2graf professional Josep Morat\u00f3, de la productora Produeix Feeling, de Sant Feliu de Gu\u00edxols.<\/span><\/p>\n<p><span style=\"font-weight: 400;\">La formaci\u00f3, de sis hores de durada, s\u2019ha centrat en el funcionament de la c\u00e0mera r\u00e8flex, els principis b\u00e0sics de la composici\u00f3 fotogr\u00e0fica i el revelatge digital amb Adobe Photoshop.<\/span><\/p>\n<p><span style=\"font-weight: 400;\">Aquest curs s\u2019emmarca dins del projecte de la jornada de portes obertes dels estudis postobligatoris de l\u2019Institut Santa Eug\u00e8nia, en el qual el mateix alumnat s\u2019encarregar\u00e0 de generar una part important del material promocional de l\u2019esdeveniment.<\/span><\/p>\n<p><span style=\"font-weight: 400;\">A m\u00e9s, la formaci\u00f3 tamb\u00e9 ser\u00e0 clau per al projecte de llan\u00e7ament de producte que es desenvolupar\u00e0 conjuntament amb l\u2019Escola d\u2019Hostaleria de Girona. En aquest projecte, l\u2019alumnat idear\u00e0 productes relacionats amb el xuixo, en far\u00e0 el prototipatge i crear\u00e0 el material publicitari promocional per al seu possible llan\u00e7ament.<\/span><\/p>\n<p><span style=\"font-weight: 400;\">Sens dubte, aquesta experi\u00e8ncia formativa els ser\u00e0 de gran utilitat de cara a la seva futura vida professional.<\/span><\/p>\n<p><a href=\"https:\/\/agora.xtec.cat\/iessantaeugenia\/wp-content\/uploads\/usu1801\/2026\/01\/curs_foto_01.jpg\"><img loading=\"lazy\" decoding=\"async\" class=\"alignnone wp-image-13531\" src=\"https:\/\/agora.xtec.cat\/iessantaeugenia\/wp-content\/uploads\/usu1801\/2026\/01\/curs_foto_01-1024x1024.jpg\" alt=\"\" width=\"400\" height=\"400\" srcset=\"https:\/\/agora.xtec.cat\/iessantaeugenia\/wp-content\/uploads\/usu1801\/2026\/01\/curs_foto_01-1024x1024.jpg 1024w, https:\/\/agora.xtec.cat\/iessantaeugenia\/wp-content\/uploads\/usu1801\/2026\/01\/curs_foto_01-300x300.jpg 300w, https:\/\/agora.xtec.cat\/iessantaeugenia\/wp-content\/uploads\/usu1801\/2026\/01\/curs_foto_01-150x150.jpg 150w, https:\/\/agora.xtec.cat\/iessantaeugenia\/wp-content\/uploads\/usu1801\/2026\/01\/curs_foto_01-768x768.jpg 768w, https:\/\/agora.xtec.cat\/iessantaeugenia\/wp-content\/uploads\/usu1801\/2026\/01\/curs_foto_01.jpg 1080w\" sizes=\"auto, (max-width: 400px) 100vw, 400px\" \/> <\/a><a href=\"https:\/\/agora.xtec.cat\/iessantaeugenia\/wp-content\/uploads\/usu1801\/2026\/01\/curs_foto_06.jpg\">\u00a0<\/a> <a href=\"https:\/\/agora.xtec.cat\/iessantaeugenia\/wp-content\/uploads\/usu1801\/2026\/01\/curs_foto_07.jpg\"><img loading=\"lazy\" decoding=\"async\" class=\"alignnone wp-image-13535\" src=\"https:\/\/agora.xtec.cat\/iessantaeugenia\/wp-content\/uploads\/usu1801\/2026\/01\/curs_foto_07-1024x1024.jpg\" alt=\"\" width=\"400\" height=\"400\" srcset=\"https:\/\/agora.xtec.cat\/iessantaeugenia\/wp-content\/uploads\/usu1801\/2026\/01\/curs_foto_07-1024x1024.jpg 1024w, https:\/\/agora.xtec.cat\/iessantaeugenia\/wp-content\/uploads\/usu1801\/2026\/01\/curs_foto_07-300x300.jpg 300w, https:\/\/agora.xtec.cat\/iessantaeugenia\/wp-content\/uploads\/usu1801\/2026\/01\/curs_foto_07-150x150.jpg 150w, https:\/\/agora.xtec.cat\/iessantaeugenia\/wp-content\/uploads\/usu1801\/2026\/01\/curs_foto_07-768x768.jpg 768w, https:\/\/agora.xtec.cat\/iessantaeugenia\/wp-content\/uploads\/usu1801\/2026\/01\/curs_foto_07.jpg 1080w\" sizes=\"auto, (max-width: 400px) 100vw, 400px\" \/><\/a><\/p>\n","protected":false},"excerpt":{"rendered":"<p>L\u2019alumnat de 2n de M\u00e0rqueting i Publicitat ha realitzat un curs de fotografia els dies 13 i 14 de gener amb el fot\u00f2graf professional Josep Morat\u00f3, de la productora Produeix Feeling, de Sant Feliu de Gu\u00edxols.<br \/>\nLa formaci\u00f3, de sis hores de durada, s\u2019ha centrat en&hellip;  <a href=\"https:\/\/agora.xtec.cat\/iessantaeugenia\/general\/formacio-en-fotografia-i-edicio-digital-dimatges\/\" title=\"Read Formaci\u00f3 en fotografia i edici\u00f3 digital d\u2019imatges\">Llegeix m\u00e9s\u00bb<\/a><\/p>\n","protected":false},"author":1,"featured_media":13533,"comment_status":"closed","ping_status":"open","sticky":false,"template":"","format":"standard","meta":{"_bbp_topic_count":0,"_bbp_reply_count":0,"_bbp_total_topic_count":0,"_bbp_total_reply_count":0,"_bbp_voice_count":0,"_bbp_anonymous_reply_count":0,"_bbp_topic_count_hidden":0,"_bbp_reply_count_hidden":0,"_bbp_forum_subforum_count":0,"footnotes":""},"categories":[30,1,29],"tags":[],"class_list":["post-13530","post","type-post","status-publish","format-standard","has-post-thumbnail","hentry","category-cicles-formatius","category-general","category-portada"],"post_mailing_queue_ids":[],"_links":{"self":[{"href":"https:\/\/agora.xtec.cat\/iessantaeugenia\/wp-json\/wp\/v2\/posts\/13530","targetHints":{"allow":["GET"]}}],"collection":[{"href":"https:\/\/agora.xtec.cat\/iessantaeugenia\/wp-json\/wp\/v2\/posts"}],"about":[{"href":"https:\/\/agora.xtec.cat\/iessantaeugenia\/wp-json\/wp\/v2\/types\/post"}],"author":[{"embeddable":true,"href":"https:\/\/agora.xtec.cat\/iessantaeugenia\/wp-json\/wp\/v2\/users\/1"}],"replies":[{"embeddable":true,"href":"https:\/\/agora.xtec.cat\/iessantaeugenia\/wp-json\/wp\/v2\/comments?post=13530"}],"version-history":[{"count":3,"href":"https:\/\/agora.xtec.cat\/iessantaeugenia\/wp-json\/wp\/v2\/posts\/13530\/revisions"}],"predecessor-version":[{"id":13539,"href":"https:\/\/agora.xtec.cat\/iessantaeugenia\/wp-json\/wp\/v2\/posts\/13530\/revisions\/13539"}],"wp:featuredmedia":[{"embeddable":true,"href":"https:\/\/agora.xtec.cat\/iessantaeugenia\/wp-json\/wp\/v2\/media\/13533"}],"wp:attachment":[{"href":"https:\/\/agora.xtec.cat\/iessantaeugenia\/wp-json\/wp\/v2\/media?parent=13530"}],"wp:term":[{"taxonomy":"category","embeddable":true,"href":"https:\/\/agora.xtec.cat\/iessantaeugenia\/wp-json\/wp\/v2\/categories?post=13530"},{"taxonomy":"post_tag","embeddable":true,"href":"https:\/\/agora.xtec.cat\/iessantaeugenia\/wp-json\/wp\/v2\/tags?post=13530"}],"curies":[{"name":"wp","href":"https:\/\/api.w.org\/{rel}","templated":true}]}}