{"id":13504,"date":"2026-01-21T09:45:55","date_gmt":"2026-01-21T08:45:55","guid":{"rendered":"https:\/\/agora.xtec.cat\/iessantaeugenia\/?p=13504"},"modified":"2026-01-21T15:02:28","modified_gmt":"2026-01-21T14:02:28","slug":"arrenca-el-tour-de-les-mates","status":"publish","type":"post","link":"https:\/\/agora.xtec.cat\/iessantaeugenia\/general\/arrenca-el-tour-de-les-mates\/","title":{"rendered":"Arrenca el Tour de les Mates"},"content":{"rendered":"<p><span style=\"font-weight: 400;\">Ja est\u00e0 en marxa una de les activitats que m\u00e9s enganxa l\u2019alumnat: el Tour de les Mates. Una competici\u00f3 de c\u00e0lcul intensa que se celebra a aquest institut i a altres de tot l&#8217;estat durant els \u00faltims anys. En aquesta, els participants posen a prova estrat\u00e8gies, rapidesa i concentraci\u00f3 per resoldre el m\u00e0xim d\u2019operacions possibles en <\/span><b>5 minuts<\/b><span style=\"font-weight: 400;\">.<\/span><\/p>\n<p><span style=\"font-weight: 400;\">El format no \u00e9s casual: <\/span><b>simula una gran volta ciclista<\/b><span style=\"font-weight: 400;\">. Al llarg de <\/span><b>cinc setmanes<\/b><span style=\"font-weight: 400;\"> durant aquest gener i febrer, cada grup afrontar\u00e0 una etapa setmanal, amb classificacions que mantenen l\u2019emoci\u00f3 fins al final: millor resultat individual, millor classe, millor jove (1r i 2n d\u2019ESO)&#8230;<\/span><\/p>\n<p><span style=\"font-weight: 400;\">L\u2019experi\u00e8ncia demostra que aquesta activitat no nom\u00e9s millora el c\u00e0lcul mental, sin\u00f3 que \u00e9s un repte motivador que aconsegueix que els alumnes lluitin contra si mateixos i se superin setmana a setmana. Que comenci la cursa!<\/span><\/p>\n<p><b>Les classificacions s\u2019actualitzaran setmanalment<\/b><span style=\"font-weight: 400;\"> al <\/span><a href=\"https:\/\/eltourdemates.wordpress.com\/clasificacion\/\"><span style=\"font-weight: 400;\">web seg\u00fcent<\/span><\/a><span style=\"font-weight: 400;\">.<\/span><\/p>\n<p><a href=\"https:\/\/agora.xtec.cat\/iessantaeugenia\/wp-content\/uploads\/usu1801\/2026\/01\/tour-mates-2026-01.jpg\"><img loading=\"lazy\" decoding=\"async\" class=\"alignnone wp-image-13506\" src=\"https:\/\/agora.xtec.cat\/iessantaeugenia\/wp-content\/uploads\/usu1801\/2026\/01\/tour-mates-2026-01-1024x1024.jpg\" alt=\"\" width=\"400\" height=\"400\" srcset=\"https:\/\/agora.xtec.cat\/iessantaeugenia\/wp-content\/uploads\/usu1801\/2026\/01\/tour-mates-2026-01-1024x1024.jpg 1024w, https:\/\/agora.xtec.cat\/iessantaeugenia\/wp-content\/uploads\/usu1801\/2026\/01\/tour-mates-2026-01-300x300.jpg 300w, https:\/\/agora.xtec.cat\/iessantaeugenia\/wp-content\/uploads\/usu1801\/2026\/01\/tour-mates-2026-01-150x150.jpg 150w, https:\/\/agora.xtec.cat\/iessantaeugenia\/wp-content\/uploads\/usu1801\/2026\/01\/tour-mates-2026-01-768x768.jpg 768w, https:\/\/agora.xtec.cat\/iessantaeugenia\/wp-content\/uploads\/usu1801\/2026\/01\/tour-mates-2026-01.jpg 1080w\" sizes=\"auto, (max-width: 400px) 100vw, 400px\" \/><\/a><\/p>\n","protected":false},"excerpt":{"rendered":"<p>Ja est\u00e0 en marxa una de les activitats que m\u00e9s enganxa l\u2019alumnat: el Tour de les Mates. Una competici\u00f3 de c\u00e0lcul intensa que se celebra a aquest institut i a altres de tot l&#8217;estat durant els \u00faltims anys. En aquesta, els participants posen a prova&hellip;  <a href=\"https:\/\/agora.xtec.cat\/iessantaeugenia\/general\/arrenca-el-tour-de-les-mates\/\" title=\"Read Arrenca el Tour de les Mates\">Llegeix m\u00e9s\u00bb<\/a><\/p>\n","protected":false},"author":1,"featured_media":13505,"comment_status":"closed","ping_status":"open","sticky":false,"template":"","format":"standard","meta":{"_bbp_topic_count":0,"_bbp_reply_count":0,"_bbp_total_topic_count":0,"_bbp_total_reply_count":0,"_bbp_voice_count":0,"_bbp_anonymous_reply_count":0,"_bbp_topic_count_hidden":0,"_bbp_reply_count_hidden":0,"_bbp_forum_subforum_count":0,"footnotes":""},"categories":[3,113,114,115,120,1,29],"tags":[],"class_list":["post-13504","post","type-post","status-publish","format-standard","has-post-thumbnail","hentry","category-1eso","category-2eso","category-3eso","category-4eso","category-eso","category-general","category-portada"],"post_mailing_queue_ids":[],"_links":{"self":[{"href":"https:\/\/agora.xtec.cat\/iessantaeugenia\/wp-json\/wp\/v2\/posts\/13504","targetHints":{"allow":["GET"]}}],"collection":[{"href":"https:\/\/agora.xtec.cat\/iessantaeugenia\/wp-json\/wp\/v2\/posts"}],"about":[{"href":"https:\/\/agora.xtec.cat\/iessantaeugenia\/wp-json\/wp\/v2\/types\/post"}],"author":[{"embeddable":true,"href":"https:\/\/agora.xtec.cat\/iessantaeugenia\/wp-json\/wp\/v2\/users\/1"}],"replies":[{"embeddable":true,"href":"https:\/\/agora.xtec.cat\/iessantaeugenia\/wp-json\/wp\/v2\/comments?post=13504"}],"version-history":[{"count":3,"href":"https:\/\/agora.xtec.cat\/iessantaeugenia\/wp-json\/wp\/v2\/posts\/13504\/revisions"}],"predecessor-version":[{"id":13529,"href":"https:\/\/agora.xtec.cat\/iessantaeugenia\/wp-json\/wp\/v2\/posts\/13504\/revisions\/13529"}],"wp:featuredmedia":[{"embeddable":true,"href":"https:\/\/agora.xtec.cat\/iessantaeugenia\/wp-json\/wp\/v2\/media\/13505"}],"wp:attachment":[{"href":"https:\/\/agora.xtec.cat\/iessantaeugenia\/wp-json\/wp\/v2\/media?parent=13504"}],"wp:term":[{"taxonomy":"category","embeddable":true,"href":"https:\/\/agora.xtec.cat\/iessantaeugenia\/wp-json\/wp\/v2\/categories?post=13504"},{"taxonomy":"post_tag","embeddable":true,"href":"https:\/\/agora.xtec.cat\/iessantaeugenia\/wp-json\/wp\/v2\/tags?post=13504"}],"curies":[{"name":"wp","href":"https:\/\/api.w.org\/{rel}","templated":true}]}}