{"id":13501,"date":"2026-01-19T16:24:55","date_gmt":"2026-01-19T15:24:55","guid":{"rendered":"https:\/\/agora.xtec.cat\/iessantaeugenia\/?p=13501"},"modified":"2026-01-19T16:51:27","modified_gmt":"2026-01-19T15:51:27","slug":"convocatoria-oberta-per-participar-en-el-programa-erasmus-dfp-2026","status":"publish","type":"post","link":"https:\/\/agora.xtec.cat\/iessantaeugenia\/general\/convocatoria-oberta-per-participar-en-el-programa-erasmus-dfp-2026\/","title":{"rendered":"Convocat\u00f2ria oberta per participar en el programa Erasmus+ d&#8217;FP 2026"},"content":{"rendered":"<p><span style=\"font-weight: 400;\">L\u2019institut posa en marxa el proc\u00e9s de selecci\u00f3 per a l\u2019alumnat de Formaci\u00f3 Professional que vulgui participar en el programa Erasmus+ d\u2019aquest curs. La convocat\u00f2ria s\u2019adre\u00e7a a estudiants <strong>tant de<\/strong> <\/span><b>grau mitj\u00e0 com de grau superior<\/b><span style=\"font-weight: 400;\">.<\/span><\/p>\n<p><span style=\"font-weight: 400;\">El programa Erasmus+ ofereix la possibilitat de viure una experi\u00e8ncia formativa internacional, ja que permet dur a terme parcialment o \u00edntegrament les hores de formaci\u00f3 a l&#8217;empresa en un pa\u00eds de la Uni\u00f3 Europea, afavorint el creixement personal i professional de l\u2019alumnat.<\/span><\/p>\n<p><span style=\"font-weight: 400;\">El termini per presentar la sol\u00b7licitud finalitza el <\/span><b>diumenge 25 de gener<\/b><span style=\"font-weight: 400;\">. Per participar en el proc\u00e9s de selecci\u00f3, cal inscriure\u2019s a trav\u00e9s del seg\u00fcent <\/span><a href=\"https:\/\/docs.google.com\/forms\/d\/e\/1FAIpQLScEbNfr0xjHrnzpf0B66ByijKvhqwYpBnci1pqZqROF4y9GWg\/viewform?vc=0&amp;c=0&amp;w=1&amp;flr=0\"><span style=\"font-weight: 400;\">enlla\u00e7<\/span><\/a><span style=\"font-weight: 400;\">.<\/span><\/p>\n<p><span style=\"font-weight: 400;\">Un cop tancat el per\u00edode d\u2019inscripci\u00f3, els candidats seran convocats a una entrevista personal. Per a aquesta entrevista ser\u00e0 necessari presentar un <em>curriculum vitae<\/em> impr\u00e8s i una carta o un v\u00eddeo de motivaci\u00f3.<\/span><\/p>\n<p><span style=\"font-weight: 400;\">Participar en Erasmus+ \u00e9s una oportunitat \u00fanica per ampliar horitzons, millorar compet\u00e8ncies professionals i viure una experi\u00e8ncia internacional enriquidora.<\/span><\/p>\n<p><a href=\"https:\/\/agora.xtec.cat\/iessantaeugenia\/wp-content\/uploads\/usu1801\/2026\/01\/inscripcio-erasmus-01.jpg\"><img loading=\"lazy\" decoding=\"async\" class=\"alignnone wp-image-13509\" src=\"https:\/\/agora.xtec.cat\/iessantaeugenia\/wp-content\/uploads\/usu1801\/2026\/01\/inscripcio-erasmus-01-1024x1024.jpg\" alt=\"\" width=\"400\" height=\"400\" srcset=\"https:\/\/agora.xtec.cat\/iessantaeugenia\/wp-content\/uploads\/usu1801\/2026\/01\/inscripcio-erasmus-01-1024x1024.jpg 1024w, https:\/\/agora.xtec.cat\/iessantaeugenia\/wp-content\/uploads\/usu1801\/2026\/01\/inscripcio-erasmus-01-300x300.jpg 300w, https:\/\/agora.xtec.cat\/iessantaeugenia\/wp-content\/uploads\/usu1801\/2026\/01\/inscripcio-erasmus-01-150x150.jpg 150w, https:\/\/agora.xtec.cat\/iessantaeugenia\/wp-content\/uploads\/usu1801\/2026\/01\/inscripcio-erasmus-01-768x768.jpg 768w, https:\/\/agora.xtec.cat\/iessantaeugenia\/wp-content\/uploads\/usu1801\/2026\/01\/inscripcio-erasmus-01.jpg 1080w\" sizes=\"auto, (max-width: 400px) 100vw, 400px\" \/><\/a><\/p>\n","protected":false},"excerpt":{"rendered":"<p>L\u2019institut posa en marxa el proc\u00e9s de selecci\u00f3 per a l\u2019alumnat de Formaci\u00f3 Professional que vulgui participar en el programa Erasmus+ d\u2019aquest curs. La convocat\u00f2ria s\u2019adre\u00e7a a estudiants tant de grau mitj\u00e0 com de grau superior.<br \/>\nEl programa Erasmus+ ofereix la possibilitat de viure una experi\u00e8ncia&hellip;  <a href=\"https:\/\/agora.xtec.cat\/iessantaeugenia\/general\/convocatoria-oberta-per-participar-en-el-programa-erasmus-dfp-2026\/\" title=\"Read Convocat\u00f2ria oberta per participar en el programa Erasmus+ d&#8217;FP 2026\">Llegeix m\u00e9s\u00bb<\/a><\/p>\n","protected":false},"author":1,"featured_media":13509,"comment_status":"closed","ping_status":"open","sticky":false,"template":"","format":"standard","meta":{"_bbp_topic_count":0,"_bbp_reply_count":0,"_bbp_total_topic_count":0,"_bbp_total_reply_count":0,"_bbp_voice_count":0,"_bbp_anonymous_reply_count":0,"_bbp_topic_count_hidden":0,"_bbp_reply_count_hidden":0,"_bbp_forum_subforum_count":0,"footnotes":""},"categories":[30,1,29],"tags":[],"class_list":["post-13501","post","type-post","status-publish","format-standard","has-post-thumbnail","hentry","category-cicles-formatius","category-general","category-portada"],"post_mailing_queue_ids":[],"_links":{"self":[{"href":"https:\/\/agora.xtec.cat\/iessantaeugenia\/wp-json\/wp\/v2\/posts\/13501","targetHints":{"allow":["GET"]}}],"collection":[{"href":"https:\/\/agora.xtec.cat\/iessantaeugenia\/wp-json\/wp\/v2\/posts"}],"about":[{"href":"https:\/\/agora.xtec.cat\/iessantaeugenia\/wp-json\/wp\/v2\/types\/post"}],"author":[{"embeddable":true,"href":"https:\/\/agora.xtec.cat\/iessantaeugenia\/wp-json\/wp\/v2\/users\/1"}],"replies":[{"embeddable":true,"href":"https:\/\/agora.xtec.cat\/iessantaeugenia\/wp-json\/wp\/v2\/comments?post=13501"}],"version-history":[{"count":6,"href":"https:\/\/agora.xtec.cat\/iessantaeugenia\/wp-json\/wp\/v2\/posts\/13501\/revisions"}],"predecessor-version":[{"id":13516,"href":"https:\/\/agora.xtec.cat\/iessantaeugenia\/wp-json\/wp\/v2\/posts\/13501\/revisions\/13516"}],"wp:featuredmedia":[{"embeddable":true,"href":"https:\/\/agora.xtec.cat\/iessantaeugenia\/wp-json\/wp\/v2\/media\/13509"}],"wp:attachment":[{"href":"https:\/\/agora.xtec.cat\/iessantaeugenia\/wp-json\/wp\/v2\/media?parent=13501"}],"wp:term":[{"taxonomy":"category","embeddable":true,"href":"https:\/\/agora.xtec.cat\/iessantaeugenia\/wp-json\/wp\/v2\/categories?post=13501"},{"taxonomy":"post_tag","embeddable":true,"href":"https:\/\/agora.xtec.cat\/iessantaeugenia\/wp-json\/wp\/v2\/tags?post=13501"}],"curies":[{"name":"wp","href":"https:\/\/api.w.org\/{rel}","templated":true}]}}