{"id":13451,"date":"2025-12-15T15:36:36","date_gmt":"2025-12-15T14:36:36","guid":{"rendered":"https:\/\/agora.xtec.cat\/iessantaeugenia\/?p=13451"},"modified":"2025-12-15T15:36:58","modified_gmt":"2025-12-15T14:36:58","slug":"sortida-al-museu-dart-de-girona","status":"publish","type":"post","link":"https:\/\/agora.xtec.cat\/iessantaeugenia\/general\/sortida-al-museu-dart-de-girona\/","title":{"rendered":"Sortida al Museu d\u2019Art de Girona"},"content":{"rendered":"<p>El passat dimecres 10 de desembre, l\u2019alumnat de l\u2019assignatura de Cultura Cient\u00edfica de 4t d\u2019ESO va realitzar una sortida educativa al Museu d\u2019Art de Girona, on va participar en un taller d\u2019art i ci\u00e8ncia centrat en les falsificacions d\u2019obres d\u2019art.<\/p>\n<p>Durant l\u2019activitat, els alumnes es van convertir en detectius per un mat\u00ed i van anar trobant diferents indicis que els van permetre descobrir que un dels retaules era fals. A trav\u00e9s d\u2019aquesta din\u00e0mica, l\u2019alumnat va viure una experi\u00e8ncia pr\u00e0ctica i participativa que els va apropar a la relaci\u00f3 entre el m\u00f3n de l\u2019art i la ci\u00e8ncia.<\/p>\n<p>La visita va resultar una experi\u00e8ncia molt enriquidora, ja que va permetre a l\u2019alumnat aplicar coneixements cient\u00edfics en un context real i apropar-se al m\u00f3n de l\u2019art fomentant l\u2019esperit cr\u00edtic i la curiositat cient\u00edfica.<\/p>\n<p><a href=\"https:\/\/agora.xtec.cat\/iessantaeugenia\/wp-content\/uploads\/usu1801\/2025\/12\/museu-art-girona-05.jpg\"><img loading=\"lazy\" decoding=\"async\" class=\"alignnone wp-image-13452\" src=\"https:\/\/agora.xtec.cat\/iessantaeugenia\/wp-content\/uploads\/usu1801\/2025\/12\/museu-art-girona-05-1024x1024.jpg\" alt=\"\" width=\"400\" height=\"400\" srcset=\"https:\/\/agora.xtec.cat\/iessantaeugenia\/wp-content\/uploads\/usu1801\/2025\/12\/museu-art-girona-05-1024x1024.jpg 1024w, https:\/\/agora.xtec.cat\/iessantaeugenia\/wp-content\/uploads\/usu1801\/2025\/12\/museu-art-girona-05-300x300.jpg 300w, https:\/\/agora.xtec.cat\/iessantaeugenia\/wp-content\/uploads\/usu1801\/2025\/12\/museu-art-girona-05-150x150.jpg 150w, https:\/\/agora.xtec.cat\/iessantaeugenia\/wp-content\/uploads\/usu1801\/2025\/12\/museu-art-girona-05-768x768.jpg 768w, https:\/\/agora.xtec.cat\/iessantaeugenia\/wp-content\/uploads\/usu1801\/2025\/12\/museu-art-girona-05.jpg 1080w\" sizes=\"auto, (max-width: 400px) 100vw, 400px\" \/>\u00a0\u00a0<\/a> <a href=\"https:\/\/agora.xtec.cat\/iessantaeugenia\/wp-content\/uploads\/usu1801\/2025\/12\/museu-art-girona-04.jpg\"><img loading=\"lazy\" decoding=\"async\" class=\"alignnone wp-image-13453\" src=\"https:\/\/agora.xtec.cat\/iessantaeugenia\/wp-content\/uploads\/usu1801\/2025\/12\/museu-art-girona-04-1024x1024.jpg\" alt=\"\" width=\"400\" height=\"400\" srcset=\"https:\/\/agora.xtec.cat\/iessantaeugenia\/wp-content\/uploads\/usu1801\/2025\/12\/museu-art-girona-04-1024x1024.jpg 1024w, https:\/\/agora.xtec.cat\/iessantaeugenia\/wp-content\/uploads\/usu1801\/2025\/12\/museu-art-girona-04-300x300.jpg 300w, https:\/\/agora.xtec.cat\/iessantaeugenia\/wp-content\/uploads\/usu1801\/2025\/12\/museu-art-girona-04-150x150.jpg 150w, https:\/\/agora.xtec.cat\/iessantaeugenia\/wp-content\/uploads\/usu1801\/2025\/12\/museu-art-girona-04-768x768.jpg 768w, https:\/\/agora.xtec.cat\/iessantaeugenia\/wp-content\/uploads\/usu1801\/2025\/12\/museu-art-girona-04.jpg 1080w\" sizes=\"auto, (max-width: 400px) 100vw, 400px\" \/><\/a><\/p>\n<p><a href=\"https:\/\/agora.xtec.cat\/iessantaeugenia\/wp-content\/uploads\/usu1801\/2025\/12\/museu-art-girona-02.jpg\"><img loading=\"lazy\" decoding=\"async\" class=\"alignnone wp-image-13454\" src=\"https:\/\/agora.xtec.cat\/iessantaeugenia\/wp-content\/uploads\/usu1801\/2025\/12\/museu-art-girona-02-1024x1024.jpg\" alt=\"\" width=\"400\" height=\"400\" srcset=\"https:\/\/agora.xtec.cat\/iessantaeugenia\/wp-content\/uploads\/usu1801\/2025\/12\/museu-art-girona-02-1024x1024.jpg 1024w, https:\/\/agora.xtec.cat\/iessantaeugenia\/wp-content\/uploads\/usu1801\/2025\/12\/museu-art-girona-02-300x300.jpg 300w, https:\/\/agora.xtec.cat\/iessantaeugenia\/wp-content\/uploads\/usu1801\/2025\/12\/museu-art-girona-02-150x150.jpg 150w, https:\/\/agora.xtec.cat\/iessantaeugenia\/wp-content\/uploads\/usu1801\/2025\/12\/museu-art-girona-02-768x768.jpg 768w, https:\/\/agora.xtec.cat\/iessantaeugenia\/wp-content\/uploads\/usu1801\/2025\/12\/museu-art-girona-02.jpg 1080w\" sizes=\"auto, (max-width: 400px) 100vw, 400px\" \/>\u00a0\u00a0<\/a> <a href=\"https:\/\/agora.xtec.cat\/iessantaeugenia\/wp-content\/uploads\/usu1801\/2025\/12\/museu-art-girona-08.jpg\"><img loading=\"lazy\" decoding=\"async\" class=\"alignnone wp-image-13456\" src=\"https:\/\/agora.xtec.cat\/iessantaeugenia\/wp-content\/uploads\/usu1801\/2025\/12\/museu-art-girona-08-1024x1024.jpg\" alt=\"\" width=\"400\" height=\"400\" srcset=\"https:\/\/agora.xtec.cat\/iessantaeugenia\/wp-content\/uploads\/usu1801\/2025\/12\/museu-art-girona-08-1024x1024.jpg 1024w, https:\/\/agora.xtec.cat\/iessantaeugenia\/wp-content\/uploads\/usu1801\/2025\/12\/museu-art-girona-08-300x300.jpg 300w, https:\/\/agora.xtec.cat\/iessantaeugenia\/wp-content\/uploads\/usu1801\/2025\/12\/museu-art-girona-08-150x150.jpg 150w, https:\/\/agora.xtec.cat\/iessantaeugenia\/wp-content\/uploads\/usu1801\/2025\/12\/museu-art-girona-08-768x768.jpg 768w, https:\/\/agora.xtec.cat\/iessantaeugenia\/wp-content\/uploads\/usu1801\/2025\/12\/museu-art-girona-08.jpg 1080w\" sizes=\"auto, (max-width: 400px) 100vw, 400px\" \/><\/a><\/p>\n<p>&nbsp;<\/p>\n","protected":false},"excerpt":{"rendered":"<p>El passat dimecres 10 de desembre, l\u2019alumnat de l\u2019assignatura de Cultura Cient\u00edfica de 4t d\u2019ESO va realitzar una sortida educativa al Museu d\u2019Art de Girona, on va participar en un taller d\u2019art i ci\u00e8ncia centrat en les falsificacions d\u2019obres d\u2019art.<br \/>\nDurant l\u2019activitat, els alumnes es van&hellip;  <a href=\"https:\/\/agora.xtec.cat\/iessantaeugenia\/general\/sortida-al-museu-dart-de-girona\/\" title=\"Read Sortida al Museu d\u2019Art de Girona\">Llegeix m\u00e9s\u00bb<\/a><\/p>\n","protected":false},"author":1,"featured_media":13455,"comment_status":"closed","ping_status":"open","sticky":false,"template":"","format":"standard","meta":{"_bbp_topic_count":0,"_bbp_reply_count":0,"_bbp_total_topic_count":0,"_bbp_total_reply_count":0,"_bbp_voice_count":0,"_bbp_anonymous_reply_count":0,"_bbp_topic_count_hidden":0,"_bbp_reply_count_hidden":0,"_bbp_forum_subforum_count":0,"footnotes":""},"categories":[115,120,1,29],"tags":[],"class_list":["post-13451","post","type-post","status-publish","format-standard","has-post-thumbnail","hentry","category-4eso","category-eso","category-general","category-portada"],"post_mailing_queue_ids":[],"_links":{"self":[{"href":"https:\/\/agora.xtec.cat\/iessantaeugenia\/wp-json\/wp\/v2\/posts\/13451","targetHints":{"allow":["GET"]}}],"collection":[{"href":"https:\/\/agora.xtec.cat\/iessantaeugenia\/wp-json\/wp\/v2\/posts"}],"about":[{"href":"https:\/\/agora.xtec.cat\/iessantaeugenia\/wp-json\/wp\/v2\/types\/post"}],"author":[{"embeddable":true,"href":"https:\/\/agora.xtec.cat\/iessantaeugenia\/wp-json\/wp\/v2\/users\/1"}],"replies":[{"embeddable":true,"href":"https:\/\/agora.xtec.cat\/iessantaeugenia\/wp-json\/wp\/v2\/comments?post=13451"}],"version-history":[{"count":1,"href":"https:\/\/agora.xtec.cat\/iessantaeugenia\/wp-json\/wp\/v2\/posts\/13451\/revisions"}],"predecessor-version":[{"id":13457,"href":"https:\/\/agora.xtec.cat\/iessantaeugenia\/wp-json\/wp\/v2\/posts\/13451\/revisions\/13457"}],"wp:featuredmedia":[{"embeddable":true,"href":"https:\/\/agora.xtec.cat\/iessantaeugenia\/wp-json\/wp\/v2\/media\/13455"}],"wp:attachment":[{"href":"https:\/\/agora.xtec.cat\/iessantaeugenia\/wp-json\/wp\/v2\/media?parent=13451"}],"wp:term":[{"taxonomy":"category","embeddable":true,"href":"https:\/\/agora.xtec.cat\/iessantaeugenia\/wp-json\/wp\/v2\/categories?post=13451"},{"taxonomy":"post_tag","embeddable":true,"href":"https:\/\/agora.xtec.cat\/iessantaeugenia\/wp-json\/wp\/v2\/tags?post=13451"}],"curies":[{"name":"wp","href":"https:\/\/api.w.org\/{rel}","templated":true}]}}