{"id":13431,"date":"2025-11-28T10:49:06","date_gmt":"2025-11-28T09:49:06","guid":{"rendered":"https:\/\/agora.xtec.cat\/iessantaeugenia\/?p=13431"},"modified":"2025-11-28T10:50:45","modified_gmt":"2025-11-28T09:50:45","slug":"participacio-en-el-26e-cros-ciutat-de-girona","status":"publish","type":"post","link":"https:\/\/agora.xtec.cat\/iessantaeugenia\/general\/participacio-en-el-26e-cros-ciutat-de-girona\/","title":{"rendered":"Participaci\u00f3 en el 26\u00e8 Cros Ciutat de Girona"},"content":{"rendered":"<p><span style=\"font-weight: 400;\">El passat diumenge 23 de novembre, <\/span><b>set alumnes del nostre institut van representar el centre al 26\u00e8 Cros Ciutat de Girona<\/b><span style=\"font-weight: 400;\">, organitzat per l\u2019Ajuntament de Girona i el Consell Esportiu del Giron\u00e8s, que es va dur a terme a la zona de Fontajau i les Ribes del Ter.<\/span><\/p>\n<p><span style=\"font-weight: 400;\">Els participants van c\u00f3rrer en diferents categories i<\/span><b> van demostrar esfor\u00e7 i const\u00e0ncia al llarg dels recorreguts<\/b><span style=\"font-weight: 400;\">. Aquesta competici\u00f3 forma part del Circuit Giron\u00ed de Cros i reuneix cada any centenars d\u2019esportistes de la demarcaci\u00f3.<\/span><\/p>\n<p><span style=\"font-weight: 400;\">Des de l\u2019institut, felicitem els set alumnes per la seva implicaci\u00f3 i per haver representat el centre en una competici\u00f3 tan emblem\u00e0tica de la ciutat.<\/span><\/p>\n<p><a href=\"https:\/\/agora.xtec.cat\/iessantaeugenia\/wp-content\/uploads\/usu1801\/2025\/11\/cros-ciutat-girona-02.jpg\"><img loading=\"lazy\" decoding=\"async\" class=\"alignnone wp-image-13433\" src=\"https:\/\/agora.xtec.cat\/iessantaeugenia\/wp-content\/uploads\/usu1801\/2025\/11\/cros-ciutat-girona-02-1024x1024.jpg\" alt=\"\" width=\"400\" height=\"400\" srcset=\"https:\/\/agora.xtec.cat\/iessantaeugenia\/wp-content\/uploads\/usu1801\/2025\/11\/cros-ciutat-girona-02-1024x1024.jpg 1024w, https:\/\/agora.xtec.cat\/iessantaeugenia\/wp-content\/uploads\/usu1801\/2025\/11\/cros-ciutat-girona-02-300x300.jpg 300w, https:\/\/agora.xtec.cat\/iessantaeugenia\/wp-content\/uploads\/usu1801\/2025\/11\/cros-ciutat-girona-02-150x150.jpg 150w, https:\/\/agora.xtec.cat\/iessantaeugenia\/wp-content\/uploads\/usu1801\/2025\/11\/cros-ciutat-girona-02-768x768.jpg 768w, https:\/\/agora.xtec.cat\/iessantaeugenia\/wp-content\/uploads\/usu1801\/2025\/11\/cros-ciutat-girona-02.jpg 1080w\" sizes=\"auto, (max-width: 400px) 100vw, 400px\" \/><\/a>\u00a0 \u00a0<a href=\"https:\/\/agora.xtec.cat\/iessantaeugenia\/wp-content\/uploads\/usu1801\/2025\/11\/cros-ciutat-girona-01.jpg\"><img loading=\"lazy\" decoding=\"async\" class=\"alignnone wp-image-13434\" src=\"https:\/\/agora.xtec.cat\/iessantaeugenia\/wp-content\/uploads\/usu1801\/2025\/11\/cros-ciutat-girona-01-1024x1024.jpg\" alt=\"\" width=\"400\" height=\"400\" srcset=\"https:\/\/agora.xtec.cat\/iessantaeugenia\/wp-content\/uploads\/usu1801\/2025\/11\/cros-ciutat-girona-01-1024x1024.jpg 1024w, https:\/\/agora.xtec.cat\/iessantaeugenia\/wp-content\/uploads\/usu1801\/2025\/11\/cros-ciutat-girona-01-300x300.jpg 300w, https:\/\/agora.xtec.cat\/iessantaeugenia\/wp-content\/uploads\/usu1801\/2025\/11\/cros-ciutat-girona-01-150x150.jpg 150w, https:\/\/agora.xtec.cat\/iessantaeugenia\/wp-content\/uploads\/usu1801\/2025\/11\/cros-ciutat-girona-01-768x768.jpg 768w, https:\/\/agora.xtec.cat\/iessantaeugenia\/wp-content\/uploads\/usu1801\/2025\/11\/cros-ciutat-girona-01.jpg 1080w\" sizes=\"auto, (max-width: 400px) 100vw, 400px\" \/><\/a><\/p>\n","protected":false},"excerpt":{"rendered":"<p>El passat diumenge 23 de novembre, set alumnes del nostre institut van representar el centre al 26\u00e8 Cros Ciutat de Girona, organitzat per l\u2019Ajuntament de Girona i el Consell Esportiu del Giron\u00e8s, que es va dur a terme a la zona de Fontajau i les&hellip;  <a href=\"https:\/\/agora.xtec.cat\/iessantaeugenia\/general\/participacio-en-el-26e-cros-ciutat-de-girona\/\" title=\"Read Participaci\u00f3 en el 26\u00e8 Cros Ciutat de Girona\">Llegeix m\u00e9s\u00bb<\/a><\/p>\n","protected":false},"author":1,"featured_media":13432,"comment_status":"closed","ping_status":"open","sticky":false,"template":"","format":"standard","meta":{"_bbp_topic_count":0,"_bbp_reply_count":0,"_bbp_total_topic_count":0,"_bbp_total_reply_count":0,"_bbp_voice_count":0,"_bbp_anonymous_reply_count":0,"_bbp_topic_count_hidden":0,"_bbp_reply_count_hidden":0,"_bbp_forum_subforum_count":0,"footnotes":""},"categories":[120,1,29],"tags":[],"class_list":["post-13431","post","type-post","status-publish","format-standard","has-post-thumbnail","hentry","category-eso","category-general","category-portada"],"post_mailing_queue_ids":[],"_links":{"self":[{"href":"https:\/\/agora.xtec.cat\/iessantaeugenia\/wp-json\/wp\/v2\/posts\/13431","targetHints":{"allow":["GET"]}}],"collection":[{"href":"https:\/\/agora.xtec.cat\/iessantaeugenia\/wp-json\/wp\/v2\/posts"}],"about":[{"href":"https:\/\/agora.xtec.cat\/iessantaeugenia\/wp-json\/wp\/v2\/types\/post"}],"author":[{"embeddable":true,"href":"https:\/\/agora.xtec.cat\/iessantaeugenia\/wp-json\/wp\/v2\/users\/1"}],"replies":[{"embeddable":true,"href":"https:\/\/agora.xtec.cat\/iessantaeugenia\/wp-json\/wp\/v2\/comments?post=13431"}],"version-history":[{"count":3,"href":"https:\/\/agora.xtec.cat\/iessantaeugenia\/wp-json\/wp\/v2\/posts\/13431\/revisions"}],"predecessor-version":[{"id":13437,"href":"https:\/\/agora.xtec.cat\/iessantaeugenia\/wp-json\/wp\/v2\/posts\/13431\/revisions\/13437"}],"wp:featuredmedia":[{"embeddable":true,"href":"https:\/\/agora.xtec.cat\/iessantaeugenia\/wp-json\/wp\/v2\/media\/13432"}],"wp:attachment":[{"href":"https:\/\/agora.xtec.cat\/iessantaeugenia\/wp-json\/wp\/v2\/media?parent=13431"}],"wp:term":[{"taxonomy":"category","embeddable":true,"href":"https:\/\/agora.xtec.cat\/iessantaeugenia\/wp-json\/wp\/v2\/categories?post=13431"},{"taxonomy":"post_tag","embeddable":true,"href":"https:\/\/agora.xtec.cat\/iessantaeugenia\/wp-json\/wp\/v2\/tags?post=13431"}],"curies":[{"name":"wp","href":"https:\/\/api.w.org\/{rel}","templated":true}]}}