{"id":13424,"date":"2025-11-26T12:25:58","date_gmt":"2025-11-26T11:25:58","guid":{"rendered":"https:\/\/agora.xtec.cat\/iessantaeugenia\/?p=13424"},"modified":"2025-11-26T12:45:11","modified_gmt":"2025-11-26T11:45:11","slug":"sortida-a-cal-mico-escalada-superacio-i-aprenentatge","status":"publish","type":"post","link":"https:\/\/agora.xtec.cat\/iessantaeugenia\/general\/sortida-a-cal-mico-escalada-superacio-i-aprenentatge\/","title":{"rendered":"Sortida a Cal Mico: escalada, superaci\u00f3 i aprenentatge"},"content":{"rendered":"<p>La setmana passada, l\u2019alumnat de segon d\u2019ESO va tenir l\u2019oportunitat de posar en pr\u00e0ctica les habilitats treballades a classe d\u2019Educaci\u00f3 F\u00edsica en una sortida a Cal Mico, un centre d\u2019escalada proper al nostre institut. Despr\u00e9s d\u2019haver entrenat la for\u00e7a i practicat la t\u00e8cnica a les espatlleres i al roc\u00f2drom horitzontal del centre, els nois i noies van afrontar nous reptes en un entorn real, tant a les zones de <em>boulder<\/em> com als circuits amb autoasseguradors.<\/p>\n<p>Al llarg de la sessi\u00f3, els alumnes han mostrat gran esfor\u00e7, const\u00e0ncia i esperit de superaci\u00f3, ajudant-se entre ells i cercant maneres d\u2019afrontar cada via amb seguretat i efic\u00e0cia. Ha estat una experi\u00e8ncia molt enriquidora.<\/p>\n<p>Agra\u00efm a Cal Mico l\u2019acollida i felicitem tot l\u2019alumnat per la seva actitud i ganes d\u2019aprendre. Seguim escalant nous reptes!<\/p>\n<p><a href=\"https:\/\/agora.xtec.cat\/iessantaeugenia\/wp-content\/uploads\/usu1801\/2025\/11\/escalada-cal-mico-04.jpg\"><img loading=\"lazy\" decoding=\"async\" class=\"alignnone wp-image-13425\" src=\"https:\/\/agora.xtec.cat\/iessantaeugenia\/wp-content\/uploads\/usu1801\/2025\/11\/escalada-cal-mico-04-1024x1024.jpg\" alt=\"\" width=\"400\" height=\"400\" srcset=\"https:\/\/agora.xtec.cat\/iessantaeugenia\/wp-content\/uploads\/usu1801\/2025\/11\/escalada-cal-mico-04-1024x1024.jpg 1024w, https:\/\/agora.xtec.cat\/iessantaeugenia\/wp-content\/uploads\/usu1801\/2025\/11\/escalada-cal-mico-04-300x300.jpg 300w, https:\/\/agora.xtec.cat\/iessantaeugenia\/wp-content\/uploads\/usu1801\/2025\/11\/escalada-cal-mico-04-150x150.jpg 150w, https:\/\/agora.xtec.cat\/iessantaeugenia\/wp-content\/uploads\/usu1801\/2025\/11\/escalada-cal-mico-04-768x768.jpg 768w, https:\/\/agora.xtec.cat\/iessantaeugenia\/wp-content\/uploads\/usu1801\/2025\/11\/escalada-cal-mico-04.jpg 1080w\" sizes=\"auto, (max-width: 400px) 100vw, 400px\" \/>\u00a0\u00a0<\/a> <a href=\"https:\/\/agora.xtec.cat\/iessantaeugenia\/wp-content\/uploads\/usu1801\/2025\/11\/escalada-cal-mico-02.jpg\"><img loading=\"lazy\" decoding=\"async\" class=\"alignnone wp-image-13426\" src=\"https:\/\/agora.xtec.cat\/iessantaeugenia\/wp-content\/uploads\/usu1801\/2025\/11\/escalada-cal-mico-02-1024x1024.jpg\" alt=\"\" width=\"400\" height=\"400\" srcset=\"https:\/\/agora.xtec.cat\/iessantaeugenia\/wp-content\/uploads\/usu1801\/2025\/11\/escalada-cal-mico-02-1024x1024.jpg 1024w, https:\/\/agora.xtec.cat\/iessantaeugenia\/wp-content\/uploads\/usu1801\/2025\/11\/escalada-cal-mico-02-300x300.jpg 300w, https:\/\/agora.xtec.cat\/iessantaeugenia\/wp-content\/uploads\/usu1801\/2025\/11\/escalada-cal-mico-02-150x150.jpg 150w, https:\/\/agora.xtec.cat\/iessantaeugenia\/wp-content\/uploads\/usu1801\/2025\/11\/escalada-cal-mico-02-768x768.jpg 768w, https:\/\/agora.xtec.cat\/iessantaeugenia\/wp-content\/uploads\/usu1801\/2025\/11\/escalada-cal-mico-02.jpg 1080w\" sizes=\"auto, (max-width: 400px) 100vw, 400px\" \/><\/a><\/p>\n","protected":false},"excerpt":{"rendered":"<p>La setmana passada, l\u2019alumnat de segon d\u2019ESO va tenir l\u2019oportunitat de posar en pr\u00e0ctica les habilitats treballades a classe d\u2019Educaci\u00f3 F\u00edsica en una sortida a Cal Mico, un centre d\u2019escalada proper al nostre institut. Despr\u00e9s d\u2019haver entrenat la for\u00e7a i practicat la t\u00e8cnica a les&hellip;  <a href=\"https:\/\/agora.xtec.cat\/iessantaeugenia\/general\/sortida-a-cal-mico-escalada-superacio-i-aprenentatge\/\" title=\"Read Sortida a Cal Mico: escalada, superaci\u00f3 i aprenentatge\">Llegeix m\u00e9s\u00bb<\/a><\/p>\n","protected":false},"author":1,"featured_media":13427,"comment_status":"closed","ping_status":"open","sticky":false,"template":"","format":"standard","meta":{"_bbp_topic_count":0,"_bbp_reply_count":0,"_bbp_total_topic_count":0,"_bbp_total_reply_count":0,"_bbp_voice_count":0,"_bbp_anonymous_reply_count":0,"_bbp_topic_count_hidden":0,"_bbp_reply_count_hidden":0,"_bbp_forum_subforum_count":0,"footnotes":""},"categories":[113,120,1,29],"tags":[],"class_list":["post-13424","post","type-post","status-publish","format-standard","has-post-thumbnail","hentry","category-2eso","category-eso","category-general","category-portada"],"post_mailing_queue_ids":[],"_links":{"self":[{"href":"https:\/\/agora.xtec.cat\/iessantaeugenia\/wp-json\/wp\/v2\/posts\/13424","targetHints":{"allow":["GET"]}}],"collection":[{"href":"https:\/\/agora.xtec.cat\/iessantaeugenia\/wp-json\/wp\/v2\/posts"}],"about":[{"href":"https:\/\/agora.xtec.cat\/iessantaeugenia\/wp-json\/wp\/v2\/types\/post"}],"author":[{"embeddable":true,"href":"https:\/\/agora.xtec.cat\/iessantaeugenia\/wp-json\/wp\/v2\/users\/1"}],"replies":[{"embeddable":true,"href":"https:\/\/agora.xtec.cat\/iessantaeugenia\/wp-json\/wp\/v2\/comments?post=13424"}],"version-history":[{"count":3,"href":"https:\/\/agora.xtec.cat\/iessantaeugenia\/wp-json\/wp\/v2\/posts\/13424\/revisions"}],"predecessor-version":[{"id":13430,"href":"https:\/\/agora.xtec.cat\/iessantaeugenia\/wp-json\/wp\/v2\/posts\/13424\/revisions\/13430"}],"wp:featuredmedia":[{"embeddable":true,"href":"https:\/\/agora.xtec.cat\/iessantaeugenia\/wp-json\/wp\/v2\/media\/13427"}],"wp:attachment":[{"href":"https:\/\/agora.xtec.cat\/iessantaeugenia\/wp-json\/wp\/v2\/media?parent=13424"}],"wp:term":[{"taxonomy":"category","embeddable":true,"href":"https:\/\/agora.xtec.cat\/iessantaeugenia\/wp-json\/wp\/v2\/categories?post=13424"},{"taxonomy":"post_tag","embeddable":true,"href":"https:\/\/agora.xtec.cat\/iessantaeugenia\/wp-json\/wp\/v2\/tags?post=13424"}],"curies":[{"name":"wp","href":"https:\/\/api.w.org\/{rel}","templated":true}]}}