{"id":13369,"date":"2025-11-14T13:37:16","date_gmt":"2025-11-14T12:37:16","guid":{"rendered":"https:\/\/agora.xtec.cat\/iessantaeugenia\/?p=13369"},"modified":"2025-11-17T15:17:25","modified_gmt":"2025-11-17T14:17:25","slug":"xerrada-de-la-creadora-de-continguts-andrea-flaissier","status":"publish","type":"post","link":"https:\/\/agora.xtec.cat\/iessantaeugenia\/general\/xerrada-de-la-creadora-de-continguts-andrea-flaissier\/","title":{"rendered":"Xerrada de la creadora de continguts Andrea Flaissier"},"content":{"rendered":"<p><span style=\"font-weight: 400;\">Aquest dimecres, l&#8217;alumnat del cicle superior de M\u00e0rqueting i Publicitat i del cicle de grau mitj\u00e0 d\u2019Activitats Comercials va tenir el plaer d&#8217;assistir a una xerrada a c\u00e0rrec de la <\/span><i><span style=\"font-weight: 400;\">influencer<\/span><\/i><span style=\"font-weight: 400;\"> i creadora de continguts Andrea Flaissier. Durant la sessi\u00f3, l\u2019Andrea va explicar la seva traject\u00f2ria personal i professional fins a convertir-se en una de les creadores de contingut del Girona FC, aix\u00ed com la seva aposta per generar contingut en catal\u00e0.<\/span><\/p>\n<p><span style=\"font-weight: 400;\">Va ser una xerrada molt enriquidora, en qu\u00e8 l\u2019alumnat va poder con\u00e8ixer de primera m\u00e0 qu\u00e8 hi ha darrere la feina d&#8217;un creador o creadora de contingut.<\/span><\/p>\n<p><span style=\"font-weight: 400;\">Moltes gr\u00e0cies, Andrea, per compartir la teva experi\u00e8ncia i per venir a visitar-nos al nostre institut! Et desitgem molts \u00e8xits en tots els teus projectes!<\/span><\/p>\n<p><a href=\"https:\/\/agora.xtec.cat\/iessantaeugenia\/wp-content\/uploads\/usu1801\/2025\/11\/ins-andrea-flaissier-08.jpg\"><img loading=\"lazy\" decoding=\"async\" class=\"alignnone wp-image-13372\" src=\"https:\/\/agora.xtec.cat\/iessantaeugenia\/wp-content\/uploads\/usu1801\/2025\/11\/ins-andrea-flaissier-08-1024x1024.jpg\" alt=\"\" width=\"400\" height=\"400\" srcset=\"https:\/\/agora.xtec.cat\/iessantaeugenia\/wp-content\/uploads\/usu1801\/2025\/11\/ins-andrea-flaissier-08-1024x1024.jpg 1024w, https:\/\/agora.xtec.cat\/iessantaeugenia\/wp-content\/uploads\/usu1801\/2025\/11\/ins-andrea-flaissier-08-300x300.jpg 300w, https:\/\/agora.xtec.cat\/iessantaeugenia\/wp-content\/uploads\/usu1801\/2025\/11\/ins-andrea-flaissier-08-150x150.jpg 150w, https:\/\/agora.xtec.cat\/iessantaeugenia\/wp-content\/uploads\/usu1801\/2025\/11\/ins-andrea-flaissier-08-768x768.jpg 768w, https:\/\/agora.xtec.cat\/iessantaeugenia\/wp-content\/uploads\/usu1801\/2025\/11\/ins-andrea-flaissier-08.jpg 1080w\" sizes=\"auto, (max-width: 400px) 100vw, 400px\" \/>\u00a0 <\/a><a href=\"https:\/\/agora.xtec.cat\/iessantaeugenia\/wp-content\/uploads\/usu1801\/2025\/11\/andrea-flaissier-01.jpg\"><img loading=\"lazy\" decoding=\"async\" class=\"alignnone wp-image-13370\" src=\"https:\/\/agora.xtec.cat\/iessantaeugenia\/wp-content\/uploads\/usu1801\/2025\/11\/andrea-flaissier-01-1024x1024.jpg\" alt=\"\" width=\"400\" height=\"400\" srcset=\"https:\/\/agora.xtec.cat\/iessantaeugenia\/wp-content\/uploads\/usu1801\/2025\/11\/andrea-flaissier-01-1024x1024.jpg 1024w, https:\/\/agora.xtec.cat\/iessantaeugenia\/wp-content\/uploads\/usu1801\/2025\/11\/andrea-flaissier-01-300x300.jpg 300w, https:\/\/agora.xtec.cat\/iessantaeugenia\/wp-content\/uploads\/usu1801\/2025\/11\/andrea-flaissier-01-150x150.jpg 150w, https:\/\/agora.xtec.cat\/iessantaeugenia\/wp-content\/uploads\/usu1801\/2025\/11\/andrea-flaissier-01-768x768.jpg 768w, https:\/\/agora.xtec.cat\/iessantaeugenia\/wp-content\/uploads\/usu1801\/2025\/11\/andrea-flaissier-01.jpg 1080w\" sizes=\"auto, (max-width: 400px) 100vw, 400px\" \/><\/a><\/p>\n","protected":false},"excerpt":{"rendered":"<p>Aquest dimecres, l&#8217;alumnat del cicle superior de M\u00e0rqueting i Publicitat i del cicle de grau mitj\u00e0 d\u2019Activitats Comercials va tenir el plaer d&#8217;assistir a una xerrada a c\u00e0rrec de la influencer i creadora de continguts Andrea Flaissier. Durant la sessi\u00f3, l\u2019Andrea va explicar la seva&hellip;  <a href=\"https:\/\/agora.xtec.cat\/iessantaeugenia\/general\/xerrada-de-la-creadora-de-continguts-andrea-flaissier\/\" title=\"Read Xerrada de la creadora de continguts Andrea Flaissier\">Llegeix m\u00e9s\u00bb<\/a><\/p>\n","protected":false},"author":1,"featured_media":13374,"comment_status":"closed","ping_status":"open","sticky":false,"template":"","format":"standard","meta":{"_bbp_topic_count":0,"_bbp_reply_count":0,"_bbp_total_topic_count":0,"_bbp_total_reply_count":0,"_bbp_voice_count":0,"_bbp_anonymous_reply_count":0,"_bbp_topic_count_hidden":0,"_bbp_reply_count_hidden":0,"_bbp_forum_subforum_count":0,"footnotes":""},"categories":[30,1,29],"tags":[],"class_list":["post-13369","post","type-post","status-publish","format-standard","has-post-thumbnail","hentry","category-cicles-formatius","category-general","category-portada"],"post_mailing_queue_ids":[],"_links":{"self":[{"href":"https:\/\/agora.xtec.cat\/iessantaeugenia\/wp-json\/wp\/v2\/posts\/13369","targetHints":{"allow":["GET"]}}],"collection":[{"href":"https:\/\/agora.xtec.cat\/iessantaeugenia\/wp-json\/wp\/v2\/posts"}],"about":[{"href":"https:\/\/agora.xtec.cat\/iessantaeugenia\/wp-json\/wp\/v2\/types\/post"}],"author":[{"embeddable":true,"href":"https:\/\/agora.xtec.cat\/iessantaeugenia\/wp-json\/wp\/v2\/users\/1"}],"replies":[{"embeddable":true,"href":"https:\/\/agora.xtec.cat\/iessantaeugenia\/wp-json\/wp\/v2\/comments?post=13369"}],"version-history":[{"count":2,"href":"https:\/\/agora.xtec.cat\/iessantaeugenia\/wp-json\/wp\/v2\/posts\/13369\/revisions"}],"predecessor-version":[{"id":13386,"href":"https:\/\/agora.xtec.cat\/iessantaeugenia\/wp-json\/wp\/v2\/posts\/13369\/revisions\/13386"}],"wp:featuredmedia":[{"embeddable":true,"href":"https:\/\/agora.xtec.cat\/iessantaeugenia\/wp-json\/wp\/v2\/media\/13374"}],"wp:attachment":[{"href":"https:\/\/agora.xtec.cat\/iessantaeugenia\/wp-json\/wp\/v2\/media?parent=13369"}],"wp:term":[{"taxonomy":"category","embeddable":true,"href":"https:\/\/agora.xtec.cat\/iessantaeugenia\/wp-json\/wp\/v2\/categories?post=13369"},{"taxonomy":"post_tag","embeddable":true,"href":"https:\/\/agora.xtec.cat\/iessantaeugenia\/wp-json\/wp\/v2\/tags?post=13369"}],"curies":[{"name":"wp","href":"https:\/\/api.w.org\/{rel}","templated":true}]}}