{"id":13336,"date":"2025-11-06T12:10:22","date_gmt":"2025-11-06T11:10:22","guid":{"rendered":"https:\/\/agora.xtec.cat\/iessantaeugenia\/?p=13336"},"modified":"2025-11-05T13:35:33","modified_gmt":"2025-11-05T12:35:33","slug":"intercanvi-erasmus-amb-sicilia","status":"publish","type":"post","link":"https:\/\/agora.xtec.cat\/iessantaeugenia\/general\/intercanvi-erasmus-amb-sicilia\/","title":{"rendered":"Intercanvi Erasmus amb Sic\u00edlia"},"content":{"rendered":"<p><span style=\"font-weight: 400;\">Del 9 al 14 de novembre, 12 alumnes i 2 professores de Mazzara del Vallo, una ciutat de Sic\u00edlia, a It\u00e0lia, vindran a Girona per participar en un intercanvi escolar amb alumnes de segon d&#8217;ESO de l&#8217;Institut Santa Eug\u00e8nia. Aquest projecte forma part del programa Erasmus, que busca fomentar la col\u00b7laboraci\u00f3 i l&#8217;intercanvi cultural entre estudiants de diferents pa\u00efsos europeus.<\/span><\/p>\n<p><span style=\"font-weight: 400;\">Els alumnes que participen en aquest projecte ja van tenir l&#8217;oportunitat de con\u00e8ixer-se per primera vegada el 14 d&#8217;octubre, durant una videoconfer\u00e8ncia celebrada amb motiu dels &#8220;Erasmus Days&#8221;, una jornada dedicada a fer difusi\u00f3 i visibilitzar els valors i les oportunitats que ofereix aquest programa educatiu europeu. Aquesta primera presa de contacte virtual va permetre que els joves trenquessin el gel i comencessin a crear lla\u00e7os abans de la trobada presencial.<\/span><\/p>\n<p><span style=\"font-weight: 400;\">Durant la setmana que els alumnes sicilians passin a Catalunya, tindran l&#8217;oportunitat de visitar les instal\u00b7lacions del nostre institut i participar en diverses activitats conjuntes amb els seus companys de Girona. A m\u00e9s de les activitats escolars, el programa inclou visites culturals per con\u00e8ixer millor el nostre territori. Visitaran la ciutat de Girona, amb el seu ric patrimoni hist\u00f2ric i cultural, i tamb\u00e9 es despla\u00e7aran fins a Barcelona, on tindran l&#8217;oportunitat d&#8217;entrar a la Sagrada Fam\u00edlia en una visita guiada especialment organitzada per a escoles. Aquesta experi\u00e8ncia els permetr\u00e0 descobrir una de les obres mestres m\u00e9s emblem\u00e0tiques de l&#8217;arquitectura catalana i mundial.<\/span><\/p>\n<p><span style=\"font-weight: 400;\">La segona part d&#8217;aquest intercanvi tindr\u00e0 lloc del 24 al 29 de novembre, quan 12 alumnes de segon d&#8217;ESO i dos professors de l&#8217;Institut Santa Eug\u00e8nia viatjaran a Sic\u00edlia per dur a terme la seva estada a It\u00e0lia. Aquesta visita de retorn completar\u00e0 el projecte d&#8217;intercanvi Erasmus i permetr\u00e0 als nostres alumnes viure una experi\u00e8ncia immersiva en un context cultural diferent, con\u00e8ixer de primera m\u00e0 la vida quotidiana dels seus companys sicilians i enriquir-se personalment i acad\u00e8micament gr\u00e0cies a aquesta aventura europea.<\/span><\/p>\n<p><a href=\"https:\/\/agora.xtec.cat\/iessantaeugenia\/wp-content\/uploads\/usu1801\/2025\/11\/erasmus-plus-2025-01.jpg\"><img loading=\"lazy\" decoding=\"async\" class=\"alignnone wp-image-13337\" src=\"https:\/\/agora.xtec.cat\/iessantaeugenia\/wp-content\/uploads\/usu1801\/2025\/11\/erasmus-plus-2025-01-1024x1024.jpg\" alt=\"\" width=\"400\" height=\"400\" srcset=\"https:\/\/agora.xtec.cat\/iessantaeugenia\/wp-content\/uploads\/usu1801\/2025\/11\/erasmus-plus-2025-01-1024x1024.jpg 1024w, https:\/\/agora.xtec.cat\/iessantaeugenia\/wp-content\/uploads\/usu1801\/2025\/11\/erasmus-plus-2025-01-300x300.jpg 300w, https:\/\/agora.xtec.cat\/iessantaeugenia\/wp-content\/uploads\/usu1801\/2025\/11\/erasmus-plus-2025-01-150x150.jpg 150w, https:\/\/agora.xtec.cat\/iessantaeugenia\/wp-content\/uploads\/usu1801\/2025\/11\/erasmus-plus-2025-01-768x768.jpg 768w, https:\/\/agora.xtec.cat\/iessantaeugenia\/wp-content\/uploads\/usu1801\/2025\/11\/erasmus-plus-2025-01.jpg 1080w\" sizes=\"auto, (max-width: 400px) 100vw, 400px\" \/><\/a> \u00a0\u00a0<a href=\"https:\/\/agora.xtec.cat\/iessantaeugenia\/wp-content\/uploads\/usu1801\/2025\/11\/erasmus-plus-logo-02.jpg\"><img loading=\"lazy\" decoding=\"async\" class=\"alignnone wp-image-13340\" src=\"https:\/\/agora.xtec.cat\/iessantaeugenia\/wp-content\/uploads\/usu1801\/2025\/11\/erasmus-plus-logo-02-1024x1024.jpg\" alt=\"\" width=\"400\" height=\"400\" srcset=\"https:\/\/agora.xtec.cat\/iessantaeugenia\/wp-content\/uploads\/usu1801\/2025\/11\/erasmus-plus-logo-02-1024x1024.jpg 1024w, https:\/\/agora.xtec.cat\/iessantaeugenia\/wp-content\/uploads\/usu1801\/2025\/11\/erasmus-plus-logo-02-300x300.jpg 300w, https:\/\/agora.xtec.cat\/iessantaeugenia\/wp-content\/uploads\/usu1801\/2025\/11\/erasmus-plus-logo-02-150x150.jpg 150w, https:\/\/agora.xtec.cat\/iessantaeugenia\/wp-content\/uploads\/usu1801\/2025\/11\/erasmus-plus-logo-02-768x768.jpg 768w, https:\/\/agora.xtec.cat\/iessantaeugenia\/wp-content\/uploads\/usu1801\/2025\/11\/erasmus-plus-logo-02.jpg 1080w\" sizes=\"auto, (max-width: 400px) 100vw, 400px\" \/><\/a><\/p>\n","protected":false},"excerpt":{"rendered":"<p>Del 9 al 14 de novembre, 12 alumnes i 2 professores de Mazzara del Vallo, una ciutat de Sic\u00edlia, a It\u00e0lia, vindran a Girona per participar en un intercanvi escolar amb alumnes de segon d&#8217;ESO de l&#8217;Institut Santa Eug\u00e8nia. Aquest projecte forma part del programa&hellip;  <a href=\"https:\/\/agora.xtec.cat\/iessantaeugenia\/general\/intercanvi-erasmus-amb-sicilia\/\" title=\"Read Intercanvi Erasmus amb Sic\u00edlia\">Llegeix m\u00e9s\u00bb<\/a><\/p>\n","protected":false},"author":1,"featured_media":13337,"comment_status":"closed","ping_status":"open","sticky":false,"template":"","format":"standard","meta":{"_bbp_topic_count":0,"_bbp_reply_count":0,"_bbp_total_topic_count":0,"_bbp_total_reply_count":0,"_bbp_voice_count":0,"_bbp_anonymous_reply_count":0,"_bbp_topic_count_hidden":0,"_bbp_reply_count_hidden":0,"_bbp_forum_subforum_count":0,"footnotes":""},"categories":[113,120,1,29],"tags":[],"class_list":["post-13336","post","type-post","status-publish","format-standard","has-post-thumbnail","hentry","category-2eso","category-eso","category-general","category-portada"],"post_mailing_queue_ids":[],"_links":{"self":[{"href":"https:\/\/agora.xtec.cat\/iessantaeugenia\/wp-json\/wp\/v2\/posts\/13336","targetHints":{"allow":["GET"]}}],"collection":[{"href":"https:\/\/agora.xtec.cat\/iessantaeugenia\/wp-json\/wp\/v2\/posts"}],"about":[{"href":"https:\/\/agora.xtec.cat\/iessantaeugenia\/wp-json\/wp\/v2\/types\/post"}],"author":[{"embeddable":true,"href":"https:\/\/agora.xtec.cat\/iessantaeugenia\/wp-json\/wp\/v2\/users\/1"}],"replies":[{"embeddable":true,"href":"https:\/\/agora.xtec.cat\/iessantaeugenia\/wp-json\/wp\/v2\/comments?post=13336"}],"version-history":[{"count":2,"href":"https:\/\/agora.xtec.cat\/iessantaeugenia\/wp-json\/wp\/v2\/posts\/13336\/revisions"}],"predecessor-version":[{"id":13341,"href":"https:\/\/agora.xtec.cat\/iessantaeugenia\/wp-json\/wp\/v2\/posts\/13336\/revisions\/13341"}],"wp:featuredmedia":[{"embeddable":true,"href":"https:\/\/agora.xtec.cat\/iessantaeugenia\/wp-json\/wp\/v2\/media\/13337"}],"wp:attachment":[{"href":"https:\/\/agora.xtec.cat\/iessantaeugenia\/wp-json\/wp\/v2\/media?parent=13336"}],"wp:term":[{"taxonomy":"category","embeddable":true,"href":"https:\/\/agora.xtec.cat\/iessantaeugenia\/wp-json\/wp\/v2\/categories?post=13336"},{"taxonomy":"post_tag","embeddable":true,"href":"https:\/\/agora.xtec.cat\/iessantaeugenia\/wp-json\/wp\/v2\/tags?post=13336"}],"curies":[{"name":"wp","href":"https:\/\/api.w.org\/{rel}","templated":true}]}}