{"id":13242,"date":"2025-10-10T10:22:37","date_gmt":"2025-10-10T08:22:37","guid":{"rendered":"https:\/\/agora.xtec.cat\/iessantaeugenia\/?p=13242"},"modified":"2025-10-10T10:27:31","modified_gmt":"2025-10-10T08:27:31","slug":"primer-de-gestio-de-vendes-comenca-el-projecte-de-joies-lafundacio","status":"publish","type":"post","link":"https:\/\/agora.xtec.cat\/iessantaeugenia\/general\/primer-de-gestio-de-vendes-comenca-el-projecte-de-joies-lafundacio\/","title":{"rendered":"Primer de Gesti\u00f3 de Vendes comen\u00e7a el projecte de joies laFundaci\u00f3"},"content":{"rendered":"<p><span style=\"font-weight: 400;\">El 9 d\u2019octubre, l\u2019alumnat de primer curs del cicle formatiu de grau superior de Gesti\u00f3 de Vendes i Espais Comercials va visitar la <a href=\"https:\/\/grupfrn.cat\/\" target=\"_blank\" rel=\"noopener\">Fundaci\u00f3 Ramon Noguera<\/a> a les seves instal\u00b7lacions de Montilivi.<\/span><\/p>\n<p><span style=\"font-weight: 400;\">Aquesta visita va ser el punt de partida d\u2019un projecte de col\u00b7laboraci\u00f3 amb l\u2019entitat, consistent en una investigaci\u00f3 comercial sobre una de les seves marques: <a href=\"https:\/\/www.lafundacio.net\/\" target=\"_blank\" rel=\"noopener\">joies laFundaci\u00f3<\/a>.<\/span><\/p>\n<p><span style=\"font-weight: 400;\">El Grup Fundaci\u00f3 Ramon Noguera \u00e9s una organitzaci\u00f3 social sense \u00e0nim de lucre amb m\u00e9s de 60 anys d\u2019hist\u00f2ria, dedicada a acompanyar persones amb discapacitat intel\u00b7lectual al llarg de totes les etapes de la seva vida, promovent la inclusi\u00f3 social i defensant els seus drets.<\/span><\/p>\n<p><span style=\"font-weight: 400;\">Durant la visita, el grup no nom\u00e9s va rebre les indicacions per al desenvolupament del projecte per part del personal de la Fundaci\u00f3, sin\u00f3 que tamb\u00e9 va poder con\u00e8ixer de primera m\u00e0 la seva acci\u00f3 social i visitar les seves instal\u00b7lacions, aix\u00ed com els programes i serveis d\u2019atenci\u00f3 que ofereixen.<\/span><\/p>\n<p><span style=\"font-weight: 400;\">Des de l\u2019Institut, agra\u00efm l\u2019amabilitat i la col\u00b7laboraci\u00f3 de la Fundaci\u00f3 Ramon Noguera, que ens permet dur a terme aquest projecte amb la seva marca.<\/span><\/p>\n<p><a href=\"https:\/\/agora.xtec.cat\/iessantaeugenia\/wp-content\/uploads\/usu1801\/2025\/10\/visita-joies-fundacio-ramon-noguera-01.jpg\"><img loading=\"lazy\" decoding=\"async\" class=\"alignnone wp-image-13243\" src=\"https:\/\/agora.xtec.cat\/iessantaeugenia\/wp-content\/uploads\/usu1801\/2025\/10\/visita-joies-fundacio-ramon-noguera-01-1024x1024.jpg\" alt=\"\" width=\"400\" height=\"400\" srcset=\"https:\/\/agora.xtec.cat\/iessantaeugenia\/wp-content\/uploads\/usu1801\/2025\/10\/visita-joies-fundacio-ramon-noguera-01-1024x1024.jpg 1024w, https:\/\/agora.xtec.cat\/iessantaeugenia\/wp-content\/uploads\/usu1801\/2025\/10\/visita-joies-fundacio-ramon-noguera-01-300x300.jpg 300w, https:\/\/agora.xtec.cat\/iessantaeugenia\/wp-content\/uploads\/usu1801\/2025\/10\/visita-joies-fundacio-ramon-noguera-01-150x150.jpg 150w, https:\/\/agora.xtec.cat\/iessantaeugenia\/wp-content\/uploads\/usu1801\/2025\/10\/visita-joies-fundacio-ramon-noguera-01-768x768.jpg 768w, https:\/\/agora.xtec.cat\/iessantaeugenia\/wp-content\/uploads\/usu1801\/2025\/10\/visita-joies-fundacio-ramon-noguera-01.jpg 1080w\" sizes=\"auto, (max-width: 400px) 100vw, 400px\" \/>\u00a0 <\/a>\u00a0<a href=\"https:\/\/agora.xtec.cat\/iessantaeugenia\/wp-content\/uploads\/usu1801\/2025\/10\/ramon-noguera-02.jpg\"><img loading=\"lazy\" decoding=\"async\" class=\"alignnone wp-image-13271\" src=\"https:\/\/agora.xtec.cat\/iessantaeugenia\/wp-content\/uploads\/usu1801\/2025\/10\/ramon-noguera-02-1024x1024.jpg\" alt=\"\" width=\"400\" height=\"400\" srcset=\"https:\/\/agora.xtec.cat\/iessantaeugenia\/wp-content\/uploads\/usu1801\/2025\/10\/ramon-noguera-02-1024x1024.jpg 1024w, https:\/\/agora.xtec.cat\/iessantaeugenia\/wp-content\/uploads\/usu1801\/2025\/10\/ramon-noguera-02-300x300.jpg 300w, https:\/\/agora.xtec.cat\/iessantaeugenia\/wp-content\/uploads\/usu1801\/2025\/10\/ramon-noguera-02-150x150.jpg 150w, https:\/\/agora.xtec.cat\/iessantaeugenia\/wp-content\/uploads\/usu1801\/2025\/10\/ramon-noguera-02-768x768.jpg 768w, https:\/\/agora.xtec.cat\/iessantaeugenia\/wp-content\/uploads\/usu1801\/2025\/10\/ramon-noguera-02.jpg 1080w\" sizes=\"auto, (max-width: 400px) 100vw, 400px\" \/><\/a><\/p>\n<p><a href=\"https:\/\/agora.xtec.cat\/iessantaeugenia\/wp-content\/uploads\/usu1801\/2025\/10\/ramon-noguera-05.jpg\"><img loading=\"lazy\" decoding=\"async\" class=\"alignnone wp-image-13272\" src=\"https:\/\/agora.xtec.cat\/iessantaeugenia\/wp-content\/uploads\/usu1801\/2025\/10\/ramon-noguera-05-1024x1024.jpg\" alt=\"\" width=\"400\" height=\"400\" srcset=\"https:\/\/agora.xtec.cat\/iessantaeugenia\/wp-content\/uploads\/usu1801\/2025\/10\/ramon-noguera-05-1024x1024.jpg 1024w, https:\/\/agora.xtec.cat\/iessantaeugenia\/wp-content\/uploads\/usu1801\/2025\/10\/ramon-noguera-05-300x300.jpg 300w, https:\/\/agora.xtec.cat\/iessantaeugenia\/wp-content\/uploads\/usu1801\/2025\/10\/ramon-noguera-05-150x150.jpg 150w, https:\/\/agora.xtec.cat\/iessantaeugenia\/wp-content\/uploads\/usu1801\/2025\/10\/ramon-noguera-05-768x768.jpg 768w, https:\/\/agora.xtec.cat\/iessantaeugenia\/wp-content\/uploads\/usu1801\/2025\/10\/ramon-noguera-05.jpg 1080w\" sizes=\"auto, (max-width: 400px) 100vw, 400px\" \/><\/a><a href=\"https:\/\/agora.xtec.cat\/iessantaeugenia\/wp-content\/uploads\/usu1801\/2025\/10\/visita-joies-fundacio-ramon-noguera-01.jpg\">\u00a0 \u00a0<\/a><a href=\"https:\/\/agora.xtec.cat\/iessantaeugenia\/wp-content\/uploads\/usu1801\/2025\/10\/visita-joies-fundacio-ramon-noguera-03.jpg\"><img loading=\"lazy\" decoding=\"async\" class=\"alignnone wp-image-13244\" src=\"https:\/\/agora.xtec.cat\/iessantaeugenia\/wp-content\/uploads\/usu1801\/2025\/10\/visita-joies-fundacio-ramon-noguera-03-1024x1024.jpg\" alt=\"\" width=\"400\" height=\"400\" srcset=\"https:\/\/agora.xtec.cat\/iessantaeugenia\/wp-content\/uploads\/usu1801\/2025\/10\/visita-joies-fundacio-ramon-noguera-03-1024x1024.jpg 1024w, https:\/\/agora.xtec.cat\/iessantaeugenia\/wp-content\/uploads\/usu1801\/2025\/10\/visita-joies-fundacio-ramon-noguera-03-300x300.jpg 300w, https:\/\/agora.xtec.cat\/iessantaeugenia\/wp-content\/uploads\/usu1801\/2025\/10\/visita-joies-fundacio-ramon-noguera-03-150x150.jpg 150w, https:\/\/agora.xtec.cat\/iessantaeugenia\/wp-content\/uploads\/usu1801\/2025\/10\/visita-joies-fundacio-ramon-noguera-03-768x768.jpg 768w, https:\/\/agora.xtec.cat\/iessantaeugenia\/wp-content\/uploads\/usu1801\/2025\/10\/visita-joies-fundacio-ramon-noguera-03.jpg 1080w\" sizes=\"auto, (max-width: 400px) 100vw, 400px\" \/><\/a><\/p>\n","protected":false},"excerpt":{"rendered":"<p>El 9 d\u2019octubre, l\u2019alumnat de primer curs del cicle formatiu de grau superior de Gesti\u00f3 de Vendes i Espais Comercials va visitar la <a href=\"https:\/\/grupfrn.cat\/\" target=\"_blank\" rel=\"noopener\">Fundaci\u00f3 Ramon Noguera<\/a> a les seves instal\u00b7lacions de Montilivi.<br \/>\nAquesta visita va ser el punt de partida d\u2019un projecte de&hellip;  <a href=\"https:\/\/agora.xtec.cat\/iessantaeugenia\/general\/primer-de-gestio-de-vendes-comenca-el-projecte-de-joies-lafundacio\/\" title=\"Read Primer de Gesti\u00f3 de Vendes comen\u00e7a el projecte de joies laFundaci\u00f3\">Llegeix m\u00e9s\u00bb<\/a><\/p>\n","protected":false},"author":1,"featured_media":13243,"comment_status":"closed","ping_status":"open","sticky":false,"template":"","format":"standard","meta":{"_bbp_topic_count":0,"_bbp_reply_count":0,"_bbp_total_topic_count":0,"_bbp_total_reply_count":0,"_bbp_voice_count":0,"_bbp_anonymous_reply_count":0,"_bbp_topic_count_hidden":0,"_bbp_reply_count_hidden":0,"_bbp_forum_subforum_count":0,"footnotes":""},"categories":[30,1,29],"tags":[],"class_list":["post-13242","post","type-post","status-publish","format-standard","has-post-thumbnail","hentry","category-cicles-formatius","category-general","category-portada"],"post_mailing_queue_ids":[],"_links":{"self":[{"href":"https:\/\/agora.xtec.cat\/iessantaeugenia\/wp-json\/wp\/v2\/posts\/13242","targetHints":{"allow":["GET"]}}],"collection":[{"href":"https:\/\/agora.xtec.cat\/iessantaeugenia\/wp-json\/wp\/v2\/posts"}],"about":[{"href":"https:\/\/agora.xtec.cat\/iessantaeugenia\/wp-json\/wp\/v2\/types\/post"}],"author":[{"embeddable":true,"href":"https:\/\/agora.xtec.cat\/iessantaeugenia\/wp-json\/wp\/v2\/users\/1"}],"replies":[{"embeddable":true,"href":"https:\/\/agora.xtec.cat\/iessantaeugenia\/wp-json\/wp\/v2\/comments?post=13242"}],"version-history":[{"count":4,"href":"https:\/\/agora.xtec.cat\/iessantaeugenia\/wp-json\/wp\/v2\/posts\/13242\/revisions"}],"predecessor-version":[{"id":13275,"href":"https:\/\/agora.xtec.cat\/iessantaeugenia\/wp-json\/wp\/v2\/posts\/13242\/revisions\/13275"}],"wp:featuredmedia":[{"embeddable":true,"href":"https:\/\/agora.xtec.cat\/iessantaeugenia\/wp-json\/wp\/v2\/media\/13243"}],"wp:attachment":[{"href":"https:\/\/agora.xtec.cat\/iessantaeugenia\/wp-json\/wp\/v2\/media?parent=13242"}],"wp:term":[{"taxonomy":"category","embeddable":true,"href":"https:\/\/agora.xtec.cat\/iessantaeugenia\/wp-json\/wp\/v2\/categories?post=13242"},{"taxonomy":"post_tag","embeddable":true,"href":"https:\/\/agora.xtec.cat\/iessantaeugenia\/wp-json\/wp\/v2\/tags?post=13242"}],"curies":[{"name":"wp","href":"https:\/\/api.w.org\/{rel}","templated":true}]}}