{"id":13194,"date":"2025-09-26T16:09:50","date_gmt":"2025-09-26T14:09:50","guid":{"rendered":"https:\/\/agora.xtec.cat\/iessantaeugenia\/?p=13194"},"modified":"2025-09-26T16:18:26","modified_gmt":"2025-09-26T14:18:26","slug":"una-caminada-per-fer-pinya-a-primer-de-batxillerat","status":"publish","type":"post","link":"https:\/\/agora.xtec.cat\/iessantaeugenia\/general\/una-caminada-per-fer-pinya-a-primer-de-batxillerat\/","title":{"rendered":"Una caminada per fer pinya a primer de Batxillerat"},"content":{"rendered":"<p><span style=\"font-weight: 400;\">El dijous 25 de setembre, l\u2019alumnat de 1r de Batxillerat va gaudir d\u2019una <\/span><b>sortida de cohesi\u00f3 al mass\u00eds de les Gavarres<\/b><span style=\"font-weight: 400;\">, amb l\u2019objectiu de fer cim al Castell de Sant Miquel.<\/span><\/p>\n<p><span style=\"font-weight: 400;\">L\u2019activitat es va vincular amb l\u2019assignatura d\u2019Educaci\u00f3 F\u00edsica. En grups de tres, l\u2019alumnat va utilitzar l\u2019aplicaci\u00f3 <\/span><b>Wikiloc<\/b><span style=\"font-weight: 400;\"> per registrar l\u2019itinerari i identificar punts d\u2019inter\u00e8s relacionats amb la topon\u00edmia, la geografia, la hist\u00f2ria, la cultura, l\u2019art, la fauna, la flora, el desnivell i la velocitat del recorregut.<\/span><\/p>\n<p><span style=\"font-weight: 400;\">Des del castell, les vistes de Girona i la plana empordanesa van ser el millor premi a l\u2019esfor\u00e7. I per posar el punt final a la jornada vam esmorzar plegats i vam vivenciar unes din\u00e0miques de cohesi\u00f3 amb molt bon ambient.<\/span><\/p>\n<p><span style=\"font-weight: 400;\">Un inici d\u2019etapa que deixa clar que el cam\u00ed del Batxillerat es fa millor plegats!<\/span><\/p>\n<p><a href=\"https:\/\/agora.xtec.cat\/iessantaeugenia\/wp-content\/uploads\/usu1801\/2025\/09\/sortida-batxillerat-06.jpg\"><img loading=\"lazy\" decoding=\"async\" class=\"alignnone wp-image-13203\" src=\"https:\/\/agora.xtec.cat\/iessantaeugenia\/wp-content\/uploads\/usu1801\/2025\/09\/sortida-batxillerat-06-1024x1024.jpg\" alt=\"\" width=\"400\" height=\"400\" srcset=\"https:\/\/agora.xtec.cat\/iessantaeugenia\/wp-content\/uploads\/usu1801\/2025\/09\/sortida-batxillerat-06-1024x1024.jpg 1024w, https:\/\/agora.xtec.cat\/iessantaeugenia\/wp-content\/uploads\/usu1801\/2025\/09\/sortida-batxillerat-06-300x300.jpg 300w, https:\/\/agora.xtec.cat\/iessantaeugenia\/wp-content\/uploads\/usu1801\/2025\/09\/sortida-batxillerat-06-150x150.jpg 150w, https:\/\/agora.xtec.cat\/iessantaeugenia\/wp-content\/uploads\/usu1801\/2025\/09\/sortida-batxillerat-06-768x768.jpg 768w, https:\/\/agora.xtec.cat\/iessantaeugenia\/wp-content\/uploads\/usu1801\/2025\/09\/sortida-batxillerat-06.jpg 1080w\" sizes=\"auto, (max-width: 400px) 100vw, 400px\" \/><\/a>\u00a0 \u00a0<a href=\"https:\/\/agora.xtec.cat\/iessantaeugenia\/wp-content\/uploads\/usu1801\/2025\/09\/sortida-batxillerat-04-1.jpg\"><img loading=\"lazy\" decoding=\"async\" class=\"alignnone wp-image-13204\" src=\"https:\/\/agora.xtec.cat\/iessantaeugenia\/wp-content\/uploads\/usu1801\/2025\/09\/sortida-batxillerat-04-1-1024x1024.jpg\" alt=\"\" width=\"400\" height=\"400\" srcset=\"https:\/\/agora.xtec.cat\/iessantaeugenia\/wp-content\/uploads\/usu1801\/2025\/09\/sortida-batxillerat-04-1-1024x1024.jpg 1024w, https:\/\/agora.xtec.cat\/iessantaeugenia\/wp-content\/uploads\/usu1801\/2025\/09\/sortida-batxillerat-04-1-300x300.jpg 300w, https:\/\/agora.xtec.cat\/iessantaeugenia\/wp-content\/uploads\/usu1801\/2025\/09\/sortida-batxillerat-04-1-150x150.jpg 150w, https:\/\/agora.xtec.cat\/iessantaeugenia\/wp-content\/uploads\/usu1801\/2025\/09\/sortida-batxillerat-04-1-768x768.jpg 768w, https:\/\/agora.xtec.cat\/iessantaeugenia\/wp-content\/uploads\/usu1801\/2025\/09\/sortida-batxillerat-04-1.jpg 1080w\" sizes=\"auto, (max-width: 400px) 100vw, 400px\" \/>\u00a0\u00a0<\/a><\/p>\n<p><a href=\"https:\/\/agora.xtec.cat\/iessantaeugenia\/wp-content\/uploads\/usu1801\/2025\/09\/sortida-batxillerat-01.jpg\"><img loading=\"lazy\" decoding=\"async\" class=\"alignnone wp-image-13201\" src=\"https:\/\/agora.xtec.cat\/iessantaeugenia\/wp-content\/uploads\/usu1801\/2025\/09\/sortida-batxillerat-01-1024x1024.jpg\" alt=\"\" width=\"400\" height=\"400\" srcset=\"https:\/\/agora.xtec.cat\/iessantaeugenia\/wp-content\/uploads\/usu1801\/2025\/09\/sortida-batxillerat-01-1024x1024.jpg 1024w, https:\/\/agora.xtec.cat\/iessantaeugenia\/wp-content\/uploads\/usu1801\/2025\/09\/sortida-batxillerat-01-300x300.jpg 300w, https:\/\/agora.xtec.cat\/iessantaeugenia\/wp-content\/uploads\/usu1801\/2025\/09\/sortida-batxillerat-01-150x150.jpg 150w, https:\/\/agora.xtec.cat\/iessantaeugenia\/wp-content\/uploads\/usu1801\/2025\/09\/sortida-batxillerat-01-768x768.jpg 768w, https:\/\/agora.xtec.cat\/iessantaeugenia\/wp-content\/uploads\/usu1801\/2025\/09\/sortida-batxillerat-01.jpg 1080w\" sizes=\"auto, (max-width: 400px) 100vw, 400px\" \/>\u00a0 \u00a0<\/a><a href=\"https:\/\/agora.xtec.cat\/iessantaeugenia\/wp-content\/uploads\/usu1801\/2025\/09\/sortida-batxillerat-02.jpg\"><img loading=\"lazy\" decoding=\"async\" class=\"alignnone wp-image-13202\" src=\"https:\/\/agora.xtec.cat\/iessantaeugenia\/wp-content\/uploads\/usu1801\/2025\/09\/sortida-batxillerat-02-1024x1024.jpg\" alt=\"\" width=\"400\" height=\"400\" srcset=\"https:\/\/agora.xtec.cat\/iessantaeugenia\/wp-content\/uploads\/usu1801\/2025\/09\/sortida-batxillerat-02-1024x1024.jpg 1024w, https:\/\/agora.xtec.cat\/iessantaeugenia\/wp-content\/uploads\/usu1801\/2025\/09\/sortida-batxillerat-02-300x300.jpg 300w, https:\/\/agora.xtec.cat\/iessantaeugenia\/wp-content\/uploads\/usu1801\/2025\/09\/sortida-batxillerat-02-150x150.jpg 150w, https:\/\/agora.xtec.cat\/iessantaeugenia\/wp-content\/uploads\/usu1801\/2025\/09\/sortida-batxillerat-02-768x768.jpg 768w, https:\/\/agora.xtec.cat\/iessantaeugenia\/wp-content\/uploads\/usu1801\/2025\/09\/sortida-batxillerat-02.jpg 1080w\" sizes=\"auto, (max-width: 400px) 100vw, 400px\" \/><\/a><\/p>\n<p>&nbsp;<\/p>\n","protected":false},"excerpt":{"rendered":"<p>El dijous 25 de setembre, l\u2019alumnat de 1r de Batxillerat va gaudir d\u2019una sortida de cohesi\u00f3 al mass\u00eds de les Gavarres, amb l\u2019objectiu de fer cim al Castell de Sant Miquel.<br \/>\nL\u2019activitat es va vincular amb l\u2019assignatura d\u2019Educaci\u00f3 F\u00edsica. En grups de tres, l\u2019alumnat va utilitzar&hellip;  <a href=\"https:\/\/agora.xtec.cat\/iessantaeugenia\/general\/una-caminada-per-fer-pinya-a-primer-de-batxillerat\/\" title=\"Read Una caminada per fer pinya a primer de Batxillerat\">Llegeix m\u00e9s\u00bb<\/a><\/p>\n","protected":false},"author":1,"featured_media":13202,"comment_status":"closed","ping_status":"open","sticky":false,"template":"","format":"standard","meta":{"_bbp_topic_count":0,"_bbp_reply_count":0,"_bbp_total_topic_count":0,"_bbp_total_reply_count":0,"_bbp_voice_count":0,"_bbp_anonymous_reply_count":0,"_bbp_topic_count_hidden":0,"_bbp_reply_count_hidden":0,"_bbp_forum_subforum_count":0,"footnotes":""},"categories":[8,1,29],"tags":[],"class_list":["post-13194","post","type-post","status-publish","format-standard","has-post-thumbnail","hentry","category-batxillerat","category-general","category-portada"],"post_mailing_queue_ids":[],"_links":{"self":[{"href":"https:\/\/agora.xtec.cat\/iessantaeugenia\/wp-json\/wp\/v2\/posts\/13194","targetHints":{"allow":["GET"]}}],"collection":[{"href":"https:\/\/agora.xtec.cat\/iessantaeugenia\/wp-json\/wp\/v2\/posts"}],"about":[{"href":"https:\/\/agora.xtec.cat\/iessantaeugenia\/wp-json\/wp\/v2\/types\/post"}],"author":[{"embeddable":true,"href":"https:\/\/agora.xtec.cat\/iessantaeugenia\/wp-json\/wp\/v2\/users\/1"}],"replies":[{"embeddable":true,"href":"https:\/\/agora.xtec.cat\/iessantaeugenia\/wp-json\/wp\/v2\/comments?post=13194"}],"version-history":[{"count":2,"href":"https:\/\/agora.xtec.cat\/iessantaeugenia\/wp-json\/wp\/v2\/posts\/13194\/revisions"}],"predecessor-version":[{"id":13205,"href":"https:\/\/agora.xtec.cat\/iessantaeugenia\/wp-json\/wp\/v2\/posts\/13194\/revisions\/13205"}],"wp:featuredmedia":[{"embeddable":true,"href":"https:\/\/agora.xtec.cat\/iessantaeugenia\/wp-json\/wp\/v2\/media\/13202"}],"wp:attachment":[{"href":"https:\/\/agora.xtec.cat\/iessantaeugenia\/wp-json\/wp\/v2\/media?parent=13194"}],"wp:term":[{"taxonomy":"category","embeddable":true,"href":"https:\/\/agora.xtec.cat\/iessantaeugenia\/wp-json\/wp\/v2\/categories?post=13194"},{"taxonomy":"post_tag","embeddable":true,"href":"https:\/\/agora.xtec.cat\/iessantaeugenia\/wp-json\/wp\/v2\/tags?post=13194"}],"curies":[{"name":"wp","href":"https:\/\/api.w.org\/{rel}","templated":true}]}}